{"id":71804,"date":"2021-10-30T14:24:08","date_gmt":"2021-10-30T19:24:08","guid":{"rendered":"https:\/\/futbolhoy.co\/?p=71804"},"modified":"2021-10-31T12:58:48","modified_gmt":"2021-10-31T17:58:48","slug":"expulsado-james-en-qatar","status":"publish","type":"post","link":"https:\/\/futbolhoy.co\/index.php\/2021\/10\/30\/expulsado-james-en-qatar\/","title":{"rendered":"Expulsado James en Qatar"},"content":{"rendered":"<p style=\"text-align: justify;\"><span style=\"font-family: helvetica, arial, sans-serif;\">El volante colombiano\u00a0<b>James Rodriguez<\/b>\u00a0fue expulsado en su tercer partido en la Liga de Qatar, donde act\u00faa para el\u00a0<b>Al Rayyan<\/b>.<\/span><\/p>\n<p style=\"text-align: justify;\"><span style=\"font-family: helvetica, arial, sans-serif;\"><b>James<\/b>, quien hab\u00eda realizado la asistencia para el gol de su equipo en la derrota 2-1 ante el\u00a0<b>Al Arabi Doha<\/b>, fue excluido del compromiso por doble amonestaci\u00f3n al minuto 90+5.<\/span><\/p>\n<p style=\"text-align: justify;\"><span style=\"font-family: helvetica, arial, sans-serif;\">El jugador cucute\u00f1o, de 30 a\u00f1os, se expone a una sanci\u00f3n superior a una fecha, ya que luego de ver la tarjeta roja trato de agredir al \u00e1rbitro y aplaudi\u00f3 al central.<\/span><\/p>\n<p style=\"text-align: justify;\"><span style=\"font-family: helvetica, arial, sans-serif;\">La acci\u00f3n que produjo la expulsi\u00f3n se gener\u00f3 en una falta en contra del propio James que el juez no consider\u00f3.<\/span><\/p>\n<p style=\"text-align: justify;\"><span style=\"font-family: helvetica, arial, sans-serif;\">Al Rayyan es sexto en la tabla de posiciones con 9 puntos en 8 presentaciones. El l\u00edder es el\u00a0<b>Al Sadd\u00a0<\/b>con 24.<\/span><\/p>\n","protected":false},"excerpt":{"rendered":"<p>El volante colombiano\u00a0James Rodriguez\u00a0fue expulsado en su tercer partido en la Liga de Qatar, donde act\u00faa para el\u00a0Al Rayyan. James, quien hab\u00eda realizado la asistencia para el gol de su equipo en la derrota 2-1 ante el\u00a0Al Arabi Doha, fue excluido del compromiso por doble amonestaci\u00f3n al minuto 90+5. El jugador cucute\u00f1o, de 30 a\u00f1os, [&hellip;]<\/p>\n","protected":false},"author":5,"featured_media":71805,"comment_status":"open","ping_status":"closed","sticky":false,"template":"","format":"standard","meta":{"_acf_changed":false,"footnotes":""},"categories":[418],"tags":[],"class_list":{"0":"post-71804","1":"post","2":"type-post","3":"status-publish","4":"format-standard","5":"has-post-thumbnail","7":"category-colombia"},"acf":[],"_links":{"self":[{"href":"https:\/\/futbolhoy.co\/index.php\/wp-json\/wp\/v2\/posts\/71804","targetHints":{"allow":["GET"]}}],"collection":[{"href":"https:\/\/futbolhoy.co\/index.php\/wp-json\/wp\/v2\/posts"}],"about":[{"href":"https:\/\/futbolhoy.co\/index.php\/wp-json\/wp\/v2\/types\/post"}],"author":[{"embeddable":true,"href":"https:\/\/futbolhoy.co\/index.php\/wp-json\/wp\/v2\/users\/5"}],"replies":[{"embeddable":true,"href":"https:\/\/futbolhoy.co\/index.php\/wp-json\/wp\/v2\/comments?post=71804"}],"version-history":[{"count":1,"href":"https:\/\/futbolhoy.co\/index.php\/wp-json\/wp\/v2\/posts\/71804\/revisions"}],"predecessor-version":[{"id":71806,"href":"https:\/\/futbolhoy.co\/index.php\/wp-json\/wp\/v2\/posts\/71804\/revisions\/71806"}],"wp:featuredmedia":[{"embeddable":true,"href":"https:\/\/futbolhoy.co\/index.php\/wp-json\/wp\/v2\/media\/71805"}],"wp:attachment":[{"href":"https:\/\/futbolhoy.co\/index.php\/wp-json\/wp\/v2\/media?parent=71804"}],"wp:term":[{"taxonomy":"category","embeddable":true,"href":"https:\/\/futbolhoy.co\/index.php\/wp-json\/wp\/v2\/categories?post=71804"},{"taxonomy":"post_tag","embeddable":true,"href":"https:\/\/futbolhoy.co\/index.php\/wp-json\/wp\/v2\/tags?post=71804"}],"curies":[{"name":"wp","href":"https:\/\/api.w.org\/{rel}","templated":true}]}}