{"id":71851,"date":"2021-11-01T10:01:24","date_gmt":"2021-11-01T15:01:24","guid":{"rendered":"https:\/\/futbolhoy.co\/?p=71851"},"modified":"2021-11-01T17:45:24","modified_gmt":"2021-11-01T22:45:24","slug":"goles-colombianos-en-el-mundo","status":"publish","type":"post","link":"https:\/\/futbolhoy.co\/index.php\/2021\/11\/01\/goles-colombianos-en-el-mundo\/","title":{"rendered":"Goles colombianos en el mundo"},"content":{"rendered":"<p style=\"text-align: justify;\"><span lang=\"ES-MX\" style=\"font-family: helvetica, arial, sans-serif;\">El extremo\u00a0<b>Luis D\u00edaz<\/b>\u00a0y el delantero\u00a0<b>Duv\u00e1n Zapata<\/b>\u00a0fueron los jugadores colombianos m\u00e1s destacados en el f\u00fatbol internacional durante el fin de semana, que dej\u00f3 mucha preocupaci\u00f3n en el t\u00e9cnico de la Selecci\u00f3n,\u00a0<b>Reinaldo Rueda<\/b>, ya que varios de los nuestros sufrieron inconvenientes f\u00edsicos.<\/span><\/p>\n<p style=\"text-align: justify;\"><span lang=\"ES-MX\" style=\"font-family: helvetica, arial, sans-serif;\">D\u00edaz marc\u00f3 el primer gol del\u00a0<b>Porto<\/b>\u00a0en su victoria 4-1 sobre el\u00a0<b>Boavista<\/b>\u00a0en\u00a0<b>Portugal<\/b>, donde es el m\u00e1ximo artillero de la Liga con 7 anotaciones.<\/span><\/p>\n<p style=\"text-align: justify;\"><span lang=\"ES-MX\" style=\"font-family: helvetica, arial, sans-serif;\">Zapata hizo el primer gol del\u00a0<b>Atalanta<\/b>\u00a0en el empate 2-2 con la\u00a0<b>Lazio<\/b>\u00a0en la\u00a0<b>Serie A<\/b>\u00a0de Italia, el sexto en la temporada.<\/span><\/p>\n<p style=\"text-align: justify;\"><span style=\"font-family: helvetica, arial, sans-serif;\"><b><span lang=\"ES-MX\">Yairo Moreno<\/span><\/b><span lang=\"ES-MX\">\u00a0convirti\u00f3 para\u00a0<b>Pachuca<\/b>\u00a0el empate 1-1 contra\u00a0<b>Pumas<\/b>, su d\u00e9cimo gol en\u00a0<b>M\u00e9xico<\/b>\u00a0en todas las competiciones desde que lleg\u00f3 en 2018.<\/span><\/span><\/p>\n<p style=\"text-align: justify;\"><span lang=\"ES-MX\" style=\"font-family: helvetica, arial, sans-serif;\">El defensa\u00a0<b>Jhon Lucum\u00ed<\/b>\u00a0hizo el quinto gol del\u00a0<b>Genk<\/b>\u00a0en su goleada como visitante 2-6 sobre el\u00a0<b>Zolte en B\u00e9lgica<\/b>.<\/span><\/p>\n<p style=\"text-align: justify;\"><span style=\"font-family: helvetica, arial, sans-serif;\"><b><span lang=\"ES-MX\">Diego Valoyes<\/span><\/b><span lang=\"ES-MX\">\u00a0le dio el triunfo a\u00a0<b>Talleres de C\u00f3rdoba<\/b>\u00a01-0 sobre\u00a0<b>Hurac\u00e1n<\/b>\u00a0en\u00a0<b>Argentina<\/b>. Tercer gol en el campeonato.<\/span><\/span><\/p>\n<p style=\"text-align: justify;\"><span style=\"font-family: helvetica, arial, sans-serif;\"><b><span lang=\"ES-MX\">Stefan Medina de Monterrey en M\u00e9xico, Matheus Uribe con Porto en Portugal y James Rodr\u00edguez con Al Rayyan en Qatar<\/span><\/b><span lang=\"ES-MX\">, sufrieron lesiones en la fecha; mientras que el defensa central\u00a0<b>Carlos Cuesta<\/b>\u00a0no pudo actuar con el Genk en B\u00e9lgica.<\/span><\/span><\/p>\n","protected":false},"excerpt":{"rendered":"<p>El extremo\u00a0Luis D\u00edaz\u00a0y el delantero\u00a0Duv\u00e1n Zapata\u00a0fueron los jugadores colombianos m\u00e1s destacados en el f\u00fatbol internacional durante el fin de semana, que dej\u00f3 mucha preocupaci\u00f3n en el t\u00e9cnico de la Selecci\u00f3n,\u00a0Reinaldo Rueda, ya que varios de los nuestros sufrieron inconvenientes f\u00edsicos. D\u00edaz marc\u00f3 el primer gol del\u00a0Porto\u00a0en su victoria 4-1 sobre el\u00a0Boavista\u00a0en\u00a0Portugal, donde es el m\u00e1ximo [&hellip;]<\/p>\n","protected":false},"author":5,"featured_media":71852,"comment_status":"open","ping_status":"open","sticky":false,"template":"","format":"standard","meta":{"_acf_changed":false,"footnotes":""},"categories":[418],"tags":[],"class_list":{"0":"post-71851","1":"post","2":"type-post","3":"status-publish","4":"format-standard","5":"has-post-thumbnail","7":"category-colombia"},"acf":[],"yoast_head":"<!-- This site is optimized with the Yoast SEO plugin v26.8 - https:\/\/yoast.com\/product\/yoast-seo-wordpress\/ -->\n<title>Goles colombianos en el mundo -<\/title>\n<meta name=\"robots\" content=\"index, follow, max-snippet:-1, max-image-preview:large, max-video-preview:-1\" \/>\n<link rel=\"canonical\" href=\"https:\/\/futbolhoy.co\/index.php\/2021\/11\/01\/goles-colombianos-en-el-mundo\/\" \/>\n<meta property=\"og:locale\" content=\"es_ES\" \/>\n<meta property=\"og:type\" content=\"article\" \/>\n<meta property=\"og:title\" content=\"Goles colombianos en el mundo -\" \/>\n<meta property=\"og:description\" content=\"El extremo\u00a0Luis D\u00edaz\u00a0y el delantero\u00a0Duv\u00e1n Zapata\u00a0fueron los jugadores colombianos m\u00e1s destacados en el f\u00fatbol internacional durante el fin de semana, que dej\u00f3 mucha preocupaci\u00f3n en el t\u00e9cnico de la Selecci\u00f3n,\u00a0Reinaldo Rueda, ya que varios de los nuestros sufrieron inconvenientes f\u00edsicos. D\u00edaz marc\u00f3 el primer gol del\u00a0Porto\u00a0en su victoria 4-1 sobre el\u00a0Boavista\u00a0en\u00a0Portugal, donde es el m\u00e1ximo [&hellip;]\" \/>\n<meta property=\"og:url\" content=\"https:\/\/futbolhoy.co\/index.php\/2021\/11\/01\/goles-colombianos-en-el-mundo\/\" \/>\n<meta property=\"article:publisher\" content=\"https:\/\/www.facebook.com\/FutbolHoyCol\/\" \/>\n<meta property=\"article:published_time\" content=\"2021-11-01T15:01:24+00:00\" \/>\n<meta property=\"article:modified_time\" content=\"2021-11-01T22:45:24+00:00\" \/>\n<meta property=\"og:image\" content=\"https:\/\/futbolhoy.co\/wp-content\/uploads\/2021\/11\/FDEvGwVWEAEfymD.jpg\" \/>\n\t<meta property=\"og:image:width\" content=\"680\" \/>\n\t<meta property=\"og:image:height\" content=\"454\" \/>\n\t<meta property=\"og:image:type\" content=\"image\/jpeg\" \/>\n<meta name=\"author\" content=\"Laura Hern\u00e1ndez\" \/>\n<meta name=\"twitter:card\" content=\"summary_large_image\" \/>\n<meta name=\"twitter:creator\" content=\"@FutbolHoyCol\" \/>\n<meta name=\"twitter:site\" content=\"@FutbolHoyCol\" \/>\n<meta name=\"twitter:label1\" content=\"Escrito por\" \/>\n\t<meta name=\"twitter:data1\" content=\"Laura Hern\u00e1ndez\" \/>\n\t<meta name=\"twitter:label2\" content=\"Tiempo de lectura\" \/>\n\t<meta name=\"twitter:data2\" content=\"1 minuto\" \/>\n<script type=\"application\/ld+json\" class=\"yoast-schema-graph\">{\"@context\":\"https:\/\/schema.org\",\"@graph\":[{\"@type\":\"Article\",\"@id\":\"https:\/\/futbolhoy.co\/index.php\/2021\/11\/01\/goles-colombianos-en-el-mundo\/#article\",\"isPartOf\":{\"@id\":\"https:\/\/futbolhoy.co\/index.php\/2021\/11\/01\/goles-colombianos-en-el-mundo\/\"},\"author\":{\"name\":\"Laura Hern\u00e1ndez\",\"@id\":\"https:\/\/futbolhoy.co\/#\/schema\/person\/c4a353a512b127643723a34bb1812f7d\"},\"headline\":\"Goles colombianos en el mundo\",\"datePublished\":\"2021-11-01T15:01:24+00:00\",\"dateModified\":\"2021-11-01T22:45:24+00:00\",\"mainEntityOfPage\":{\"@id\":\"https:\/\/futbolhoy.co\/index.php\/2021\/11\/01\/goles-colombianos-en-el-mundo\/\"},\"wordCount\":223,\"commentCount\":0,\"publisher\":{\"@id\":\"https:\/\/futbolhoy.co\/#organization\"},\"image\":{\"@id\":\"https:\/\/futbolhoy.co\/index.php\/2021\/11\/01\/goles-colombianos-en-el-mundo\/#primaryimage\"},\"thumbnailUrl\":\"https:\/\/futbolhoy.co\/wp-content\/uploads\/2021\/11\/FDEvGwVWEAEfymD.jpg\",\"articleSection\":[\"Colombia\"],\"inLanguage\":\"es\",\"potentialAction\":[{\"@type\":\"CommentAction\",\"name\":\"Comment\",\"target\":[\"https:\/\/futbolhoy.co\/index.php\/2021\/11\/01\/goles-colombianos-en-el-mundo\/#respond\"]}]},{\"@type\":\"WebPage\",\"@id\":\"https:\/\/futbolhoy.co\/index.php\/2021\/11\/01\/goles-colombianos-en-el-mundo\/\",\"url\":\"https:\/\/futbolhoy.co\/index.php\/2021\/11\/01\/goles-colombianos-en-el-mundo\/\",\"name\":\"Goles colombianos en el mundo -\",\"isPartOf\":{\"@id\":\"https:\/\/futbolhoy.co\/#website\"},\"primaryImageOfPage\":{\"@id\":\"https:\/\/futbolhoy.co\/index.php\/2021\/11\/01\/goles-colombianos-en-el-mundo\/#primaryimage\"},\"image\":{\"@id\":\"https:\/\/futbolhoy.co\/index.php\/2021\/11\/01\/goles-colombianos-en-el-mundo\/#primaryimage\"},\"thumbnailUrl\":\"https:\/\/futbolhoy.co\/wp-content\/uploads\/2021\/11\/FDEvGwVWEAEfymD.jpg\",\"datePublished\":\"2021-11-01T15:01:24+00:00\",\"dateModified\":\"2021-11-01T22:45:24+00:00\",\"breadcrumb\":{\"@id\":\"https:\/\/futbolhoy.co\/index.php\/2021\/11\/01\/goles-colombianos-en-el-mundo\/#breadcrumb\"},\"inLanguage\":\"es\",\"potentialAction\":[{\"@type\":\"ReadAction\",\"target\":[\"https:\/\/futbolhoy.co\/index.php\/2021\/11\/01\/goles-colombianos-en-el-mundo\/\"]}]},{\"@type\":\"ImageObject\",\"inLanguage\":\"es\",\"@id\":\"https:\/\/futbolhoy.co\/index.php\/2021\/11\/01\/goles-colombianos-en-el-mundo\/#primaryimage\",\"url\":\"https:\/\/futbolhoy.co\/wp-content\/uploads\/2021\/11\/FDEvGwVWEAEfymD.jpg\",\"contentUrl\":\"https:\/\/futbolhoy.co\/wp-content\/uploads\/2021\/11\/FDEvGwVWEAEfymD.jpg\",\"width\":680,\"height\":454},{\"@type\":\"BreadcrumbList\",\"@id\":\"https:\/\/futbolhoy.co\/index.php\/2021\/11\/01\/goles-colombianos-en-el-mundo\/#breadcrumb\",\"itemListElement\":[{\"@type\":\"ListItem\",\"position\":1,\"name\":\"Portada\",\"item\":\"https:\/\/futbolhoy.co\/\"},{\"@type\":\"ListItem\",\"position\":2,\"name\":\"Goles colombianos en el mundo\"}]},{\"@type\":\"WebSite\",\"@id\":\"https:\/\/futbolhoy.co\/#website\",\"url\":\"https:\/\/futbolhoy.co\/\",\"name\":\"FutbolHoy\",\"description\":\"\",\"publisher\":{\"@id\":\"https:\/\/futbolhoy.co\/#organization\"},\"potentialAction\":[{\"@type\":\"SearchAction\",\"target\":{\"@type\":\"EntryPoint\",\"urlTemplate\":\"https:\/\/futbolhoy.co\/?s={search_term_string}\"},\"query-input\":{\"@type\":\"PropertyValueSpecification\",\"valueRequired\":true,\"valueName\":\"search_term_string\"}}],\"inLanguage\":\"es\"},{\"@type\":\"Organization\",\"@id\":\"https:\/\/futbolhoy.co\/#organization\",\"name\":\"Futbolhoy.co\",\"url\":\"https:\/\/futbolhoy.co\/\",\"logo\":{\"@type\":\"ImageObject\",\"inLanguage\":\"es\",\"@id\":\"https:\/\/futbolhoy.co\/#\/schema\/logo\/image\/\",\"url\":\"https:\/\/futbolhoy.co\/wp-content\/uploads\/2018\/08\/17426380_1906371736249227_6326180412931521141_n.jpg\",\"contentUrl\":\"https:\/\/futbolhoy.co\/wp-content\/uploads\/2018\/08\/17426380_1906371736249227_6326180412931521141_n.jpg\",\"width\":960,\"height\":960,\"caption\":\"Futbolhoy.co\"},\"image\":{\"@id\":\"https:\/\/futbolhoy.co\/#\/schema\/logo\/image\/\"},\"sameAs\":[\"https:\/\/www.facebook.com\/FutbolHoyCol\/\",\"https:\/\/x.com\/FutbolHoyCol\",\"https:\/\/www.instagram.com\/futbolhoycol\/\"]},{\"@type\":\"Person\",\"@id\":\"https:\/\/futbolhoy.co\/#\/schema\/person\/c4a353a512b127643723a34bb1812f7d\",\"name\":\"Laura Hern\u00e1ndez\",\"image\":{\"@type\":\"ImageObject\",\"inLanguage\":\"es\",\"@id\":\"https:\/\/futbolhoy.co\/#\/schema\/person\/image\/\",\"url\":\"https:\/\/secure.gravatar.com\/avatar\/d25959a15b9b293a743f99181c7cfd01?s=96&d=mm&r=g\",\"contentUrl\":\"https:\/\/secure.gravatar.com\/avatar\/d25959a15b9b293a743f99181c7cfd01?s=96&d=mm&r=g\",\"caption\":\"Laura Hern\u00e1ndez\"}}]}<\/script>\n<!-- \/ Yoast SEO plugin. -->","yoast_head_json":{"title":"Goles colombianos en el mundo -","robots":{"index":"index","follow":"follow","max-snippet":"max-snippet:-1","max-image-preview":"max-image-preview:large","max-video-preview":"max-video-preview:-1"},"canonical":"https:\/\/futbolhoy.co\/index.php\/2021\/11\/01\/goles-colombianos-en-el-mundo\/","og_locale":"es_ES","og_type":"article","og_title":"Goles colombianos en el mundo -","og_description":"El extremo\u00a0Luis D\u00edaz\u00a0y el delantero\u00a0Duv\u00e1n Zapata\u00a0fueron los jugadores colombianos m\u00e1s destacados en el f\u00fatbol internacional durante el fin de semana, que dej\u00f3 mucha preocupaci\u00f3n en el t\u00e9cnico de la Selecci\u00f3n,\u00a0Reinaldo Rueda, ya que varios de los nuestros sufrieron inconvenientes f\u00edsicos. D\u00edaz marc\u00f3 el primer gol del\u00a0Porto\u00a0en su victoria 4-1 sobre el\u00a0Boavista\u00a0en\u00a0Portugal, donde es el m\u00e1ximo [&hellip;]","og_url":"https:\/\/futbolhoy.co\/index.php\/2021\/11\/01\/goles-colombianos-en-el-mundo\/","article_publisher":"https:\/\/www.facebook.com\/FutbolHoyCol\/","article_published_time":"2021-11-01T15:01:24+00:00","article_modified_time":"2021-11-01T22:45:24+00:00","og_image":[{"width":680,"height":454,"url":"https:\/\/futbolhoy.co\/wp-content\/uploads\/2021\/11\/FDEvGwVWEAEfymD.jpg","type":"image\/jpeg"}],"author":"Laura Hern\u00e1ndez","twitter_card":"summary_large_image","twitter_creator":"@FutbolHoyCol","twitter_site":"@FutbolHoyCol","twitter_misc":{"Escrito por":"Laura Hern\u00e1ndez","Tiempo de lectura":"1 minuto"},"schema":{"@context":"https:\/\/schema.org","@graph":[{"@type":"Article","@id":"https:\/\/futbolhoy.co\/index.php\/2021\/11\/01\/goles-colombianos-en-el-mundo\/#article","isPartOf":{"@id":"https:\/\/futbolhoy.co\/index.php\/2021\/11\/01\/goles-colombianos-en-el-mundo\/"},"author":{"name":"Laura Hern\u00e1ndez","@id":"https:\/\/futbolhoy.co\/#\/schema\/person\/c4a353a512b127643723a34bb1812f7d"},"headline":"Goles colombianos en el mundo","datePublished":"2021-11-01T15:01:24+00:00","dateModified":"2021-11-01T22:45:24+00:00","mainEntityOfPage":{"@id":"https:\/\/futbolhoy.co\/index.php\/2021\/11\/01\/goles-colombianos-en-el-mundo\/"},"wordCount":223,"commentCount":0,"publisher":{"@id":"https:\/\/futbolhoy.co\/#organization"},"image":{"@id":"https:\/\/futbolhoy.co\/index.php\/2021\/11\/01\/goles-colombianos-en-el-mundo\/#primaryimage"},"thumbnailUrl":"https:\/\/futbolhoy.co\/wp-content\/uploads\/2021\/11\/FDEvGwVWEAEfymD.jpg","articleSection":["Colombia"],"inLanguage":"es","potentialAction":[{"@type":"CommentAction","name":"Comment","target":["https:\/\/futbolhoy.co\/index.php\/2021\/11\/01\/goles-colombianos-en-el-mundo\/#respond"]}]},{"@type":"WebPage","@id":"https:\/\/futbolhoy.co\/index.php\/2021\/11\/01\/goles-colombianos-en-el-mundo\/","url":"https:\/\/futbolhoy.co\/index.php\/2021\/11\/01\/goles-colombianos-en-el-mundo\/","name":"Goles colombianos en el mundo -","isPartOf":{"@id":"https:\/\/futbolhoy.co\/#website"},"primaryImageOfPage":{"@id":"https:\/\/futbolhoy.co\/index.php\/2021\/11\/01\/goles-colombianos-en-el-mundo\/#primaryimage"},"image":{"@id":"https:\/\/futbolhoy.co\/index.php\/2021\/11\/01\/goles-colombianos-en-el-mundo\/#primaryimage"},"thumbnailUrl":"https:\/\/futbolhoy.co\/wp-content\/uploads\/2021\/11\/FDEvGwVWEAEfymD.jpg","datePublished":"2021-11-01T15:01:24+00:00","dateModified":"2021-11-01T22:45:24+00:00","breadcrumb":{"@id":"https:\/\/futbolhoy.co\/index.php\/2021\/11\/01\/goles-colombianos-en-el-mundo\/#breadcrumb"},"inLanguage":"es","potentialAction":[{"@type":"ReadAction","target":["https:\/\/futbolhoy.co\/index.php\/2021\/11\/01\/goles-colombianos-en-el-mundo\/"]}]},{"@type":"ImageObject","inLanguage":"es","@id":"https:\/\/futbolhoy.co\/index.php\/2021\/11\/01\/goles-colombianos-en-el-mundo\/#primaryimage","url":"https:\/\/futbolhoy.co\/wp-content\/uploads\/2021\/11\/FDEvGwVWEAEfymD.jpg","contentUrl":"https:\/\/futbolhoy.co\/wp-content\/uploads\/2021\/11\/FDEvGwVWEAEfymD.jpg","width":680,"height":454},{"@type":"BreadcrumbList","@id":"https:\/\/futbolhoy.co\/index.php\/2021\/11\/01\/goles-colombianos-en-el-mundo\/#breadcrumb","itemListElement":[{"@type":"ListItem","position":1,"name":"Portada","item":"https:\/\/futbolhoy.co\/"},{"@type":"ListItem","position":2,"name":"Goles colombianos en el mundo"}]},{"@type":"WebSite","@id":"https:\/\/futbolhoy.co\/#website","url":"https:\/\/futbolhoy.co\/","name":"FutbolHoy","description":"","publisher":{"@id":"https:\/\/futbolhoy.co\/#organization"},"potentialAction":[{"@type":"SearchAction","target":{"@type":"EntryPoint","urlTemplate":"https:\/\/futbolhoy.co\/?s={search_term_string}"},"query-input":{"@type":"PropertyValueSpecification","valueRequired":true,"valueName":"search_term_string"}}],"inLanguage":"es"},{"@type":"Organization","@id":"https:\/\/futbolhoy.co\/#organization","name":"Futbolhoy.co","url":"https:\/\/futbolhoy.co\/","logo":{"@type":"ImageObject","inLanguage":"es","@id":"https:\/\/futbolhoy.co\/#\/schema\/logo\/image\/","url":"https:\/\/futbolhoy.co\/wp-content\/uploads\/2018\/08\/17426380_1906371736249227_6326180412931521141_n.jpg","contentUrl":"https:\/\/futbolhoy.co\/wp-content\/uploads\/2018\/08\/17426380_1906371736249227_6326180412931521141_n.jpg","width":960,"height":960,"caption":"Futbolhoy.co"},"image":{"@id":"https:\/\/futbolhoy.co\/#\/schema\/logo\/image\/"},"sameAs":["https:\/\/www.facebook.com\/FutbolHoyCol\/","https:\/\/x.com\/FutbolHoyCol","https:\/\/www.instagram.com\/futbolhoycol\/"]},{"@type":"Person","@id":"https:\/\/futbolhoy.co\/#\/schema\/person\/c4a353a512b127643723a34bb1812f7d","name":"Laura Hern\u00e1ndez","image":{"@type":"ImageObject","inLanguage":"es","@id":"https:\/\/futbolhoy.co\/#\/schema\/person\/image\/","url":"https:\/\/secure.gravatar.com\/avatar\/d25959a15b9b293a743f99181c7cfd01?s=96&d=mm&r=g","contentUrl":"https:\/\/secure.gravatar.com\/avatar\/d25959a15b9b293a743f99181c7cfd01?s=96&d=mm&r=g","caption":"Laura Hern\u00e1ndez"}}]}},"publishpress_future_action":{"enabled":false,"date":"2026-05-03 08:43:09","action":"change-status","newStatus":"draft","terms":[],"taxonomy":"category","extraData":[]},"publishpress_future_workflow_manual_trigger":{"enabledWorkflows":[]},"_links":{"self":[{"href":"https:\/\/futbolhoy.co\/index.php\/wp-json\/wp\/v2\/posts\/71851","targetHints":{"allow":["GET"]}}],"collection":[{"href":"https:\/\/futbolhoy.co\/index.php\/wp-json\/wp\/v2\/posts"}],"about":[{"href":"https:\/\/futbolhoy.co\/index.php\/wp-json\/wp\/v2\/types\/post"}],"author":[{"embeddable":true,"href":"https:\/\/futbolhoy.co\/index.php\/wp-json\/wp\/v2\/users\/5"}],"replies":[{"embeddable":true,"href":"https:\/\/futbolhoy.co\/index.php\/wp-json\/wp\/v2\/comments?post=71851"}],"version-history":[{"count":1,"href":"https:\/\/futbolhoy.co\/index.php\/wp-json\/wp\/v2\/posts\/71851\/revisions"}],"predecessor-version":[{"id":71853,"href":"https:\/\/futbolhoy.co\/index.php\/wp-json\/wp\/v2\/posts\/71851\/revisions\/71853"}],"wp:featuredmedia":[{"embeddable":true,"href":"https:\/\/futbolhoy.co\/index.php\/wp-json\/wp\/v2\/media\/71852"}],"wp:attachment":[{"href":"https:\/\/futbolhoy.co\/index.php\/wp-json\/wp\/v2\/media?parent=71851"}],"wp:term":[{"taxonomy":"category","embeddable":true,"href":"https:\/\/futbolhoy.co\/index.php\/wp-json\/wp\/v2\/categories?post=71851"},{"taxonomy":"post_tag","embeddable":true,"href":"https:\/\/futbolhoy.co\/index.php\/wp-json\/wp\/v2\/tags?post=71851"}],"curies":[{"name":"wp","href":"https:\/\/api.w.org\/{rel}","templated":true}]}}