{"id":71871,"date":"2021-11-01T11:07:27","date_gmt":"2021-11-01T16:07:27","guid":{"rendered":"https:\/\/futbolhoy.co\/?p=71871"},"modified":"2021-11-01T19:53:04","modified_gmt":"2021-11-02T00:53:04","slug":"tottenham-ceso-a-su-tecnico","status":"publish","type":"post","link":"https:\/\/futbolhoy.co\/index.php\/2021\/11\/01\/tottenham-ceso-a-su-tecnico\/","title":{"rendered":"Tottenham ces\u00f3 a su t\u00e9cnico"},"content":{"rendered":"<p style=\"text-align: justify;\"><span lang=\"ES-MX\" style=\"font-family: helvetica, arial, sans-serif;\">El\u00a0<b>Tottenham Hotspur<\/b>\u00a0anunci\u00f3 el despido de su entrenador, el portugu\u00e9s\u00a0<b>Nuno Espirito Santo<\/b>\u00a0y su cuerpo t\u00e9cnico, tras la derrota sufrida en casa ante el\u00a0<b>M\u00e1nchester United<\/b>\u00a03-0 por la\u00a0<b>Liga Premier<\/b>, lo que supuso su quinto rev\u00e9s en diez partidos.<\/span><\/p>\n<p style=\"text-align: justify;\"><span lang=\"ES-MX\" style=\"font-family: helvetica, arial, sans-serif;\">\"S\u00e9 cu\u00e1nto Nuno y su equipo t\u00e9cnico quer\u00edan triunfar y lamento que hayamos tenido que tomar esta decisi\u00f3n\", dijo\u00a0<b>Fabio Paratici<\/b>, director general de f\u00fatbol del Tottenham.<\/span><\/p>\n<p style=\"text-align: justify;\"><span lang=\"ES-MX\" style=\"font-family: helvetica, arial, sans-serif;\">\"Nuno es un aut\u00e9ntico caballero y siempre ser\u00e1 bienvenido aqu\u00ed. Queremos darle las gracias a \u00e9l y a su equipo y desearles lo mejor para el futuro\", a\u00f1adi\u00f3 el dirigente.<\/span><\/p>\n<p style=\"text-align: justify;\"><span lang=\"ES-MX\" style=\"font-family: helvetica, arial, sans-serif;\">El club no precis\u00f3 la identidad del pr\u00f3ximo entrenador.<\/span><\/p>\n<p style=\"text-align: justify;\"><span lang=\"ES-MX\" style=\"font-family: helvetica, arial, sans-serif;\">Los\u00a0<b>\u2018Spurs\u2019<\/b>, donde milita el defensa colombiano\u00a0<b>D\u00e1vinson S\u00e1nchez<\/b>, marchan octavos en\u00a0<b>Inglaterra<\/b>.<\/span><\/p>\n<p style=\"text-align: justify;\"><span lang=\"ES-MX\" style=\"font-family: helvetica, arial, sans-serif;\">Espirito Santo, de 47 a\u00f1os, tuvo un rendimiento del 50,68 % en todas las competiciones en su paso por el club de\u00a0<b>Londres<\/b>.<\/span><\/p>\n","protected":false},"excerpt":{"rendered":"<p>El\u00a0Tottenham Hotspur\u00a0anunci\u00f3 el despido de su entrenador, el portugu\u00e9s\u00a0Nuno Espirito Santo\u00a0y su cuerpo t\u00e9cnico, tras la derrota sufrida en casa ante el\u00a0M\u00e1nchester United\u00a03-0 por la\u00a0Liga Premier, lo que supuso su quinto rev\u00e9s en diez partidos. \"S\u00e9 cu\u00e1nto Nuno y su equipo t\u00e9cnico quer\u00edan triunfar y lamento que hayamos tenido que tomar esta decisi\u00f3n\", dijo\u00a0Fabio Paratici, [&hellip;]<\/p>\n","protected":false},"author":5,"featured_media":71875,"comment_status":"open","ping_status":"open","sticky":false,"template":"","format":"standard","meta":{"_acf_changed":false,"footnotes":""},"categories":[152],"tags":[],"class_list":{"0":"post-71871","1":"post","2":"type-post","3":"status-publish","4":"format-standard","5":"has-post-thumbnail","7":"category-mundo-futbol"},"acf":[],"yoast_head":"<!-- This site is optimized with the Yoast SEO plugin v26.8 - https:\/\/yoast.com\/product\/yoast-seo-wordpress\/ -->\n<title>Tottenham ces\u00f3 a su t\u00e9cnico -<\/title>\n<meta name=\"robots\" content=\"index, follow, max-snippet:-1, max-image-preview:large, max-video-preview:-1\" \/>\n<link rel=\"canonical\" href=\"https:\/\/futbolhoy.co\/index.php\/2021\/11\/01\/tottenham-ceso-a-su-tecnico\/\" \/>\n<meta property=\"og:locale\" content=\"es_ES\" \/>\n<meta property=\"og:type\" content=\"article\" \/>\n<meta property=\"og:title\" content=\"Tottenham ces\u00f3 a su t\u00e9cnico -\" \/>\n<meta property=\"og:description\" content=\"El\u00a0Tottenham Hotspur\u00a0anunci\u00f3 el despido de su entrenador, el portugu\u00e9s\u00a0Nuno Espirito Santo\u00a0y su cuerpo t\u00e9cnico, tras la derrota sufrida en casa ante el\u00a0M\u00e1nchester United\u00a03-0 por la\u00a0Liga Premier, lo que supuso su quinto rev\u00e9s en diez partidos. &quot;S\u00e9 cu\u00e1nto Nuno y su equipo t\u00e9cnico quer\u00edan triunfar y lamento que hayamos tenido que tomar esta decisi\u00f3n&quot;, dijo\u00a0Fabio Paratici, [&hellip;]\" \/>\n<meta property=\"og:url\" content=\"https:\/\/futbolhoy.co\/index.php\/2021\/11\/01\/tottenham-ceso-a-su-tecnico\/\" \/>\n<meta property=\"article:publisher\" content=\"https:\/\/www.facebook.com\/FutbolHoyCol\/\" \/>\n<meta property=\"article:published_time\" content=\"2021-11-01T16:07:27+00:00\" \/>\n<meta property=\"article:modified_time\" content=\"2021-11-02T00:53:04+00:00\" \/>\n<meta property=\"og:image\" content=\"https:\/\/futbolhoy.co\/wp-content\/uploads\/2021\/11\/FDHsbZIWEAUimdA.jpg\" \/>\n\t<meta property=\"og:image:width\" content=\"585\" \/>\n\t<meta property=\"og:image:height\" content=\"680\" \/>\n\t<meta property=\"og:image:type\" content=\"image\/jpeg\" \/>\n<meta name=\"author\" content=\"Laura Hern\u00e1ndez\" \/>\n<meta name=\"twitter:card\" content=\"summary_large_image\" \/>\n<meta name=\"twitter:creator\" content=\"@FutbolHoyCol\" \/>\n<meta name=\"twitter:site\" content=\"@FutbolHoyCol\" \/>\n<meta name=\"twitter:label1\" content=\"Escrito por\" \/>\n\t<meta name=\"twitter:data1\" content=\"Laura Hern\u00e1ndez\" \/>\n\t<meta name=\"twitter:label2\" content=\"Tiempo de lectura\" \/>\n\t<meta name=\"twitter:data2\" content=\"1 minuto\" \/>\n<script type=\"application\/ld+json\" class=\"yoast-schema-graph\">{\"@context\":\"https:\/\/schema.org\",\"@graph\":[{\"@type\":\"Article\",\"@id\":\"https:\/\/futbolhoy.co\/index.php\/2021\/11\/01\/tottenham-ceso-a-su-tecnico\/#article\",\"isPartOf\":{\"@id\":\"https:\/\/futbolhoy.co\/index.php\/2021\/11\/01\/tottenham-ceso-a-su-tecnico\/\"},\"author\":{\"name\":\"Laura Hern\u00e1ndez\",\"@id\":\"https:\/\/futbolhoy.co\/#\/schema\/person\/c4a353a512b127643723a34bb1812f7d\"},\"headline\":\"Tottenham ces\u00f3 a su t\u00e9cnico\",\"datePublished\":\"2021-11-01T16:07:27+00:00\",\"dateModified\":\"2021-11-02T00:53:04+00:00\",\"mainEntityOfPage\":{\"@id\":\"https:\/\/futbolhoy.co\/index.php\/2021\/11\/01\/tottenham-ceso-a-su-tecnico\/\"},\"wordCount\":162,\"commentCount\":0,\"publisher\":{\"@id\":\"https:\/\/futbolhoy.co\/#organization\"},\"image\":{\"@id\":\"https:\/\/futbolhoy.co\/index.php\/2021\/11\/01\/tottenham-ceso-a-su-tecnico\/#primaryimage\"},\"thumbnailUrl\":\"https:\/\/futbolhoy.co\/wp-content\/uploads\/2021\/11\/FDHsbZIWEAUimdA.jpg\",\"articleSection\":[\"Mundo Futbol\"],\"inLanguage\":\"es\",\"potentialAction\":[{\"@type\":\"CommentAction\",\"name\":\"Comment\",\"target\":[\"https:\/\/futbolhoy.co\/index.php\/2021\/11\/01\/tottenham-ceso-a-su-tecnico\/#respond\"]}]},{\"@type\":\"WebPage\",\"@id\":\"https:\/\/futbolhoy.co\/index.php\/2021\/11\/01\/tottenham-ceso-a-su-tecnico\/\",\"url\":\"https:\/\/futbolhoy.co\/index.php\/2021\/11\/01\/tottenham-ceso-a-su-tecnico\/\",\"name\":\"Tottenham ces\u00f3 a su t\u00e9cnico -\",\"isPartOf\":{\"@id\":\"https:\/\/futbolhoy.co\/#website\"},\"primaryImageOfPage\":{\"@id\":\"https:\/\/futbolhoy.co\/index.php\/2021\/11\/01\/tottenham-ceso-a-su-tecnico\/#primaryimage\"},\"image\":{\"@id\":\"https:\/\/futbolhoy.co\/index.php\/2021\/11\/01\/tottenham-ceso-a-su-tecnico\/#primaryimage\"},\"thumbnailUrl\":\"https:\/\/futbolhoy.co\/wp-content\/uploads\/2021\/11\/FDHsbZIWEAUimdA.jpg\",\"datePublished\":\"2021-11-01T16:07:27+00:00\",\"dateModified\":\"2021-11-02T00:53:04+00:00\",\"breadcrumb\":{\"@id\":\"https:\/\/futbolhoy.co\/index.php\/2021\/11\/01\/tottenham-ceso-a-su-tecnico\/#breadcrumb\"},\"inLanguage\":\"es\",\"potentialAction\":[{\"@type\":\"ReadAction\",\"target\":[\"https:\/\/futbolhoy.co\/index.php\/2021\/11\/01\/tottenham-ceso-a-su-tecnico\/\"]}]},{\"@type\":\"ImageObject\",\"inLanguage\":\"es\",\"@id\":\"https:\/\/futbolhoy.co\/index.php\/2021\/11\/01\/tottenham-ceso-a-su-tecnico\/#primaryimage\",\"url\":\"https:\/\/futbolhoy.co\/wp-content\/uploads\/2021\/11\/FDHsbZIWEAUimdA.jpg\",\"contentUrl\":\"https:\/\/futbolhoy.co\/wp-content\/uploads\/2021\/11\/FDHsbZIWEAUimdA.jpg\",\"width\":585,\"height\":680},{\"@type\":\"BreadcrumbList\",\"@id\":\"https:\/\/futbolhoy.co\/index.php\/2021\/11\/01\/tottenham-ceso-a-su-tecnico\/#breadcrumb\",\"itemListElement\":[{\"@type\":\"ListItem\",\"position\":1,\"name\":\"Portada\",\"item\":\"https:\/\/futbolhoy.co\/\"},{\"@type\":\"ListItem\",\"position\":2,\"name\":\"Tottenham ces\u00f3 a su t\u00e9cnico\"}]},{\"@type\":\"WebSite\",\"@id\":\"https:\/\/futbolhoy.co\/#website\",\"url\":\"https:\/\/futbolhoy.co\/\",\"name\":\"FutbolHoy\",\"description\":\"\",\"publisher\":{\"@id\":\"https:\/\/futbolhoy.co\/#organization\"},\"potentialAction\":[{\"@type\":\"SearchAction\",\"target\":{\"@type\":\"EntryPoint\",\"urlTemplate\":\"https:\/\/futbolhoy.co\/?s={search_term_string}\"},\"query-input\":{\"@type\":\"PropertyValueSpecification\",\"valueRequired\":true,\"valueName\":\"search_term_string\"}}],\"inLanguage\":\"es\"},{\"@type\":\"Organization\",\"@id\":\"https:\/\/futbolhoy.co\/#organization\",\"name\":\"Futbolhoy.co\",\"url\":\"https:\/\/futbolhoy.co\/\",\"logo\":{\"@type\":\"ImageObject\",\"inLanguage\":\"es\",\"@id\":\"https:\/\/futbolhoy.co\/#\/schema\/logo\/image\/\",\"url\":\"https:\/\/futbolhoy.co\/wp-content\/uploads\/2018\/08\/17426380_1906371736249227_6326180412931521141_n.jpg\",\"contentUrl\":\"https:\/\/futbolhoy.co\/wp-content\/uploads\/2018\/08\/17426380_1906371736249227_6326180412931521141_n.jpg\",\"width\":960,\"height\":960,\"caption\":\"Futbolhoy.co\"},\"image\":{\"@id\":\"https:\/\/futbolhoy.co\/#\/schema\/logo\/image\/\"},\"sameAs\":[\"https:\/\/www.facebook.com\/FutbolHoyCol\/\",\"https:\/\/x.com\/FutbolHoyCol\",\"https:\/\/www.instagram.com\/futbolhoycol\/\"]},{\"@type\":\"Person\",\"@id\":\"https:\/\/futbolhoy.co\/#\/schema\/person\/c4a353a512b127643723a34bb1812f7d\",\"name\":\"Laura Hern\u00e1ndez\",\"image\":{\"@type\":\"ImageObject\",\"inLanguage\":\"es\",\"@id\":\"https:\/\/futbolhoy.co\/#\/schema\/person\/image\/\",\"url\":\"https:\/\/secure.gravatar.com\/avatar\/d25959a15b9b293a743f99181c7cfd01?s=96&d=mm&r=g\",\"contentUrl\":\"https:\/\/secure.gravatar.com\/avatar\/d25959a15b9b293a743f99181c7cfd01?s=96&d=mm&r=g\",\"caption\":\"Laura Hern\u00e1ndez\"}}]}<\/script>\n<!-- \/ Yoast SEO plugin. -->","yoast_head_json":{"title":"Tottenham ces\u00f3 a su t\u00e9cnico -","robots":{"index":"index","follow":"follow","max-snippet":"max-snippet:-1","max-image-preview":"max-image-preview:large","max-video-preview":"max-video-preview:-1"},"canonical":"https:\/\/futbolhoy.co\/index.php\/2021\/11\/01\/tottenham-ceso-a-su-tecnico\/","og_locale":"es_ES","og_type":"article","og_title":"Tottenham ces\u00f3 a su t\u00e9cnico -","og_description":"El\u00a0Tottenham Hotspur\u00a0anunci\u00f3 el despido de su entrenador, el portugu\u00e9s\u00a0Nuno Espirito Santo\u00a0y su cuerpo t\u00e9cnico, tras la derrota sufrida en casa ante el\u00a0M\u00e1nchester United\u00a03-0 por la\u00a0Liga Premier, lo que supuso su quinto rev\u00e9s en diez partidos. \"S\u00e9 cu\u00e1nto Nuno y su equipo t\u00e9cnico quer\u00edan triunfar y lamento que hayamos tenido que tomar esta decisi\u00f3n\", dijo\u00a0Fabio Paratici, [&hellip;]","og_url":"https:\/\/futbolhoy.co\/index.php\/2021\/11\/01\/tottenham-ceso-a-su-tecnico\/","article_publisher":"https:\/\/www.facebook.com\/FutbolHoyCol\/","article_published_time":"2021-11-01T16:07:27+00:00","article_modified_time":"2021-11-02T00:53:04+00:00","og_image":[{"width":585,"height":680,"url":"https:\/\/futbolhoy.co\/wp-content\/uploads\/2021\/11\/FDHsbZIWEAUimdA.jpg","type":"image\/jpeg"}],"author":"Laura Hern\u00e1ndez","twitter_card":"summary_large_image","twitter_creator":"@FutbolHoyCol","twitter_site":"@FutbolHoyCol","twitter_misc":{"Escrito por":"Laura Hern\u00e1ndez","Tiempo de lectura":"1 minuto"},"schema":{"@context":"https:\/\/schema.org","@graph":[{"@type":"Article","@id":"https:\/\/futbolhoy.co\/index.php\/2021\/11\/01\/tottenham-ceso-a-su-tecnico\/#article","isPartOf":{"@id":"https:\/\/futbolhoy.co\/index.php\/2021\/11\/01\/tottenham-ceso-a-su-tecnico\/"},"author":{"name":"Laura Hern\u00e1ndez","@id":"https:\/\/futbolhoy.co\/#\/schema\/person\/c4a353a512b127643723a34bb1812f7d"},"headline":"Tottenham ces\u00f3 a su t\u00e9cnico","datePublished":"2021-11-01T16:07:27+00:00","dateModified":"2021-11-02T00:53:04+00:00","mainEntityOfPage":{"@id":"https:\/\/futbolhoy.co\/index.php\/2021\/11\/01\/tottenham-ceso-a-su-tecnico\/"},"wordCount":162,"commentCount":0,"publisher":{"@id":"https:\/\/futbolhoy.co\/#organization"},"image":{"@id":"https:\/\/futbolhoy.co\/index.php\/2021\/11\/01\/tottenham-ceso-a-su-tecnico\/#primaryimage"},"thumbnailUrl":"https:\/\/futbolhoy.co\/wp-content\/uploads\/2021\/11\/FDHsbZIWEAUimdA.jpg","articleSection":["Mundo Futbol"],"inLanguage":"es","potentialAction":[{"@type":"CommentAction","name":"Comment","target":["https:\/\/futbolhoy.co\/index.php\/2021\/11\/01\/tottenham-ceso-a-su-tecnico\/#respond"]}]},{"@type":"WebPage","@id":"https:\/\/futbolhoy.co\/index.php\/2021\/11\/01\/tottenham-ceso-a-su-tecnico\/","url":"https:\/\/futbolhoy.co\/index.php\/2021\/11\/01\/tottenham-ceso-a-su-tecnico\/","name":"Tottenham ces\u00f3 a su t\u00e9cnico -","isPartOf":{"@id":"https:\/\/futbolhoy.co\/#website"},"primaryImageOfPage":{"@id":"https:\/\/futbolhoy.co\/index.php\/2021\/11\/01\/tottenham-ceso-a-su-tecnico\/#primaryimage"},"image":{"@id":"https:\/\/futbolhoy.co\/index.php\/2021\/11\/01\/tottenham-ceso-a-su-tecnico\/#primaryimage"},"thumbnailUrl":"https:\/\/futbolhoy.co\/wp-content\/uploads\/2021\/11\/FDHsbZIWEAUimdA.jpg","datePublished":"2021-11-01T16:07:27+00:00","dateModified":"2021-11-02T00:53:04+00:00","breadcrumb":{"@id":"https:\/\/futbolhoy.co\/index.php\/2021\/11\/01\/tottenham-ceso-a-su-tecnico\/#breadcrumb"},"inLanguage":"es","potentialAction":[{"@type":"ReadAction","target":["https:\/\/futbolhoy.co\/index.php\/2021\/11\/01\/tottenham-ceso-a-su-tecnico\/"]}]},{"@type":"ImageObject","inLanguage":"es","@id":"https:\/\/futbolhoy.co\/index.php\/2021\/11\/01\/tottenham-ceso-a-su-tecnico\/#primaryimage","url":"https:\/\/futbolhoy.co\/wp-content\/uploads\/2021\/11\/FDHsbZIWEAUimdA.jpg","contentUrl":"https:\/\/futbolhoy.co\/wp-content\/uploads\/2021\/11\/FDHsbZIWEAUimdA.jpg","width":585,"height":680},{"@type":"BreadcrumbList","@id":"https:\/\/futbolhoy.co\/index.php\/2021\/11\/01\/tottenham-ceso-a-su-tecnico\/#breadcrumb","itemListElement":[{"@type":"ListItem","position":1,"name":"Portada","item":"https:\/\/futbolhoy.co\/"},{"@type":"ListItem","position":2,"name":"Tottenham ces\u00f3 a su t\u00e9cnico"}]},{"@type":"WebSite","@id":"https:\/\/futbolhoy.co\/#website","url":"https:\/\/futbolhoy.co\/","name":"FutbolHoy","description":"","publisher":{"@id":"https:\/\/futbolhoy.co\/#organization"},"potentialAction":[{"@type":"SearchAction","target":{"@type":"EntryPoint","urlTemplate":"https:\/\/futbolhoy.co\/?s={search_term_string}"},"query-input":{"@type":"PropertyValueSpecification","valueRequired":true,"valueName":"search_term_string"}}],"inLanguage":"es"},{"@type":"Organization","@id":"https:\/\/futbolhoy.co\/#organization","name":"Futbolhoy.co","url":"https:\/\/futbolhoy.co\/","logo":{"@type":"ImageObject","inLanguage":"es","@id":"https:\/\/futbolhoy.co\/#\/schema\/logo\/image\/","url":"https:\/\/futbolhoy.co\/wp-content\/uploads\/2018\/08\/17426380_1906371736249227_6326180412931521141_n.jpg","contentUrl":"https:\/\/futbolhoy.co\/wp-content\/uploads\/2018\/08\/17426380_1906371736249227_6326180412931521141_n.jpg","width":960,"height":960,"caption":"Futbolhoy.co"},"image":{"@id":"https:\/\/futbolhoy.co\/#\/schema\/logo\/image\/"},"sameAs":["https:\/\/www.facebook.com\/FutbolHoyCol\/","https:\/\/x.com\/FutbolHoyCol","https:\/\/www.instagram.com\/futbolhoycol\/"]},{"@type":"Person","@id":"https:\/\/futbolhoy.co\/#\/schema\/person\/c4a353a512b127643723a34bb1812f7d","name":"Laura Hern\u00e1ndez","image":{"@type":"ImageObject","inLanguage":"es","@id":"https:\/\/futbolhoy.co\/#\/schema\/person\/image\/","url":"https:\/\/secure.gravatar.com\/avatar\/d25959a15b9b293a743f99181c7cfd01?s=96&d=mm&r=g","contentUrl":"https:\/\/secure.gravatar.com\/avatar\/d25959a15b9b293a743f99181c7cfd01?s=96&d=mm&r=g","caption":"Laura Hern\u00e1ndez"}}]}},"publishpress_future_action":{"enabled":false,"date":"2026-05-03 07:07:09","action":"change-status","newStatus":"draft","terms":[],"taxonomy":"category","extraData":[]},"publishpress_future_workflow_manual_trigger":{"enabledWorkflows":[]},"_links":{"self":[{"href":"https:\/\/futbolhoy.co\/index.php\/wp-json\/wp\/v2\/posts\/71871","targetHints":{"allow":["GET"]}}],"collection":[{"href":"https:\/\/futbolhoy.co\/index.php\/wp-json\/wp\/v2\/posts"}],"about":[{"href":"https:\/\/futbolhoy.co\/index.php\/wp-json\/wp\/v2\/types\/post"}],"author":[{"embeddable":true,"href":"https:\/\/futbolhoy.co\/index.php\/wp-json\/wp\/v2\/users\/5"}],"replies":[{"embeddable":true,"href":"https:\/\/futbolhoy.co\/index.php\/wp-json\/wp\/v2\/comments?post=71871"}],"version-history":[{"count":1,"href":"https:\/\/futbolhoy.co\/index.php\/wp-json\/wp\/v2\/posts\/71871\/revisions"}],"predecessor-version":[{"id":71876,"href":"https:\/\/futbolhoy.co\/index.php\/wp-json\/wp\/v2\/posts\/71871\/revisions\/71876"}],"wp:featuredmedia":[{"embeddable":true,"href":"https:\/\/futbolhoy.co\/index.php\/wp-json\/wp\/v2\/media\/71875"}],"wp:attachment":[{"href":"https:\/\/futbolhoy.co\/index.php\/wp-json\/wp\/v2\/media?parent=71871"}],"wp:term":[{"taxonomy":"category","embeddable":true,"href":"https:\/\/futbolhoy.co\/index.php\/wp-json\/wp\/v2\/categories?post=71871"},{"taxonomy":"post_tag","embeddable":true,"href":"https:\/\/futbolhoy.co\/index.php\/wp-json\/wp\/v2\/tags?post=71871"}],"curies":[{"name":"wp","href":"https:\/\/api.w.org\/{rel}","templated":true}]}}