{"id":71872,"date":"2021-11-01T11:08:51","date_gmt":"2021-11-01T16:08:51","guid":{"rendered":"https:\/\/futbolhoy.co\/?p=71872"},"modified":"2021-11-01T22:08:18","modified_gmt":"2021-11-02T03:08:18","slug":"psg-podria-despedir-a-ramos","status":"publish","type":"post","link":"https:\/\/futbolhoy.co\/index.php\/2021\/11\/01\/psg-podria-despedir-a-ramos\/","title":{"rendered":"PSG podr\u00eda despedir a Ramos"},"content":{"rendered":"<p style=\"text-align: justify;\"><span lang=\"ES-MX\" style=\"font-family: helvetica, arial, sans-serif;\">El\u00a0<b>Par\u00eds Saint-Germain<\/b>\u00a0contempla la posibilidad de rescindir el contrato del defensa espa\u00f1ol\u00a0<b>Sergio Ramos<\/b>\u00a0quien, tras su llegada al club hace cuatro meses, a\u00fan no se ha podido debutar por lesiones, seg\u00fan public\u00f3 el diario\u00a0<i>Le Parisien<\/i>.<\/span><\/p>\n<p style=\"text-align: justify;\"><span lang=\"ES-MX\" style=\"font-family: helvetica, arial, sans-serif;\">\"Aunque la opci\u00f3n no est\u00e1 en el orden del d\u00eda, la posibilidad no es descabellada.\u00a0<b>PSG<\/b>\u00a0ha asumido que ha podido equivocarse con su fichaje\", se\u00f1al\u00f3 el peri\u00f3dico.<\/span><\/p>\n<p style=\"text-align: justify;\"><span lang=\"ES-MX\" style=\"font-family: helvetica, arial, sans-serif;\">El diario recuerda que Ramos atraviesa por uno de sus peores a\u00f1os, tras haberse sometido a una operaci\u00f3n de la rodilla izquierda en febrero y arrastrar varios problemas en una pierna.<\/span><\/p>\n<p style=\"text-align: justify;\"><span lang=\"ES-MX\" style=\"font-family: helvetica, arial, sans-serif;\">Lleg\u00f3 con el s\u00f3leo de su pie izquierdo da\u00f1ado y cuando parec\u00eda que pod\u00eda recuperarse en septiembre pasado sufri\u00f3 una reca\u00edda que volvi\u00f3 a alejarlo de los entrenamientos.<\/span><\/p>\n<p style=\"text-align: justify;\"><span lang=\"ES-MX\" style=\"font-family: helvetica, arial, sans-serif;\">Seg\u00fan\u00a0<i>Le Parisien<\/i>, el PSG quiere creer que lo que frena al espa\u00f1ol es su impaciencia por regresar, que estar\u00eda creando ciertos \"desequilibrios musculares por sus ganas de ir m\u00e1s r\u00e1pido que la medicina\", lo que explicar\u00eda que siga sintiendo dolores cada vez que entrena.<\/span><\/p>\n","protected":false},"excerpt":{"rendered":"<p>El\u00a0Par\u00eds Saint-Germain\u00a0contempla la posibilidad de rescindir el contrato del defensa espa\u00f1ol\u00a0Sergio Ramos\u00a0quien, tras su llegada al club hace cuatro meses, a\u00fan no se ha podido debutar por lesiones, seg\u00fan public\u00f3 el diario\u00a0Le Parisien. \"Aunque la opci\u00f3n no est\u00e1 en el orden del d\u00eda, la posibilidad no es descabellada.\u00a0PSG\u00a0ha asumido que ha podido equivocarse con su [&hellip;]<\/p>\n","protected":false},"author":5,"featured_media":71874,"comment_status":"open","ping_status":"open","sticky":false,"template":"","format":"standard","meta":{"_acf_changed":false,"footnotes":""},"categories":[152],"tags":[],"class_list":{"0":"post-71872","1":"post","2":"type-post","3":"status-publish","4":"format-standard","5":"has-post-thumbnail","7":"category-mundo-futbol"},"acf":[],"yoast_head":"<!-- This site is optimized with the Yoast SEO plugin v26.8 - https:\/\/yoast.com\/product\/yoast-seo-wordpress\/ -->\n<title>PSG podr\u00eda despedir a Ramos -<\/title>\n<meta name=\"robots\" content=\"index, follow, max-snippet:-1, max-image-preview:large, max-video-preview:-1\" \/>\n<link rel=\"canonical\" href=\"https:\/\/futbolhoy.co\/index.php\/2021\/11\/01\/psg-podria-despedir-a-ramos\/\" \/>\n<meta property=\"og:locale\" content=\"es_ES\" \/>\n<meta property=\"og:type\" content=\"article\" \/>\n<meta property=\"og:title\" content=\"PSG podr\u00eda despedir a Ramos -\" \/>\n<meta property=\"og:description\" content=\"El\u00a0Par\u00eds Saint-Germain\u00a0contempla la posibilidad de rescindir el contrato del defensa espa\u00f1ol\u00a0Sergio Ramos\u00a0quien, tras su llegada al club hace cuatro meses, a\u00fan no se ha podido debutar por lesiones, seg\u00fan public\u00f3 el diario\u00a0Le Parisien. &quot;Aunque la opci\u00f3n no est\u00e1 en el orden del d\u00eda, la posibilidad no es descabellada.\u00a0PSG\u00a0ha asumido que ha podido equivocarse con su [&hellip;]\" \/>\n<meta property=\"og:url\" content=\"https:\/\/futbolhoy.co\/index.php\/2021\/11\/01\/psg-podria-despedir-a-ramos\/\" \/>\n<meta property=\"article:publisher\" content=\"https:\/\/www.facebook.com\/FutbolHoyCol\/\" \/>\n<meta property=\"article:published_time\" content=\"2021-11-01T16:08:51+00:00\" \/>\n<meta property=\"article:modified_time\" content=\"2021-11-02T03:08:18+00:00\" \/>\n<meta property=\"og:image\" content=\"https:\/\/futbolhoy.co\/wp-content\/uploads\/2021\/11\/FDG5IsfWQAEp6Tg.jpg\" \/>\n\t<meta property=\"og:image:width\" content=\"680\" \/>\n\t<meta property=\"og:image:height\" content=\"383\" \/>\n\t<meta property=\"og:image:type\" content=\"image\/jpeg\" \/>\n<meta name=\"author\" content=\"Laura Hern\u00e1ndez\" \/>\n<meta name=\"twitter:card\" content=\"summary_large_image\" \/>\n<meta name=\"twitter:creator\" content=\"@FutbolHoyCol\" \/>\n<meta name=\"twitter:site\" content=\"@FutbolHoyCol\" \/>\n<meta name=\"twitter:label1\" content=\"Escrito por\" \/>\n\t<meta name=\"twitter:data1\" content=\"Laura Hern\u00e1ndez\" \/>\n\t<meta name=\"twitter:label2\" content=\"Tiempo de lectura\" \/>\n\t<meta name=\"twitter:data2\" content=\"1 minuto\" \/>\n<script type=\"application\/ld+json\" class=\"yoast-schema-graph\">{\"@context\":\"https:\/\/schema.org\",\"@graph\":[{\"@type\":\"Article\",\"@id\":\"https:\/\/futbolhoy.co\/index.php\/2021\/11\/01\/psg-podria-despedir-a-ramos\/#article\",\"isPartOf\":{\"@id\":\"https:\/\/futbolhoy.co\/index.php\/2021\/11\/01\/psg-podria-despedir-a-ramos\/\"},\"author\":{\"name\":\"Laura Hern\u00e1ndez\",\"@id\":\"https:\/\/futbolhoy.co\/#\/schema\/person\/c4a353a512b127643723a34bb1812f7d\"},\"headline\":\"PSG podr\u00eda despedir a Ramos\",\"datePublished\":\"2021-11-01T16:08:51+00:00\",\"dateModified\":\"2021-11-02T03:08:18+00:00\",\"mainEntityOfPage\":{\"@id\":\"https:\/\/futbolhoy.co\/index.php\/2021\/11\/01\/psg-podria-despedir-a-ramos\/\"},\"wordCount\":197,\"commentCount\":0,\"publisher\":{\"@id\":\"https:\/\/futbolhoy.co\/#organization\"},\"image\":{\"@id\":\"https:\/\/futbolhoy.co\/index.php\/2021\/11\/01\/psg-podria-despedir-a-ramos\/#primaryimage\"},\"thumbnailUrl\":\"https:\/\/futbolhoy.co\/wp-content\/uploads\/2021\/11\/FDG5IsfWQAEp6Tg.jpg\",\"articleSection\":[\"Mundo Futbol\"],\"inLanguage\":\"es\",\"potentialAction\":[{\"@type\":\"CommentAction\",\"name\":\"Comment\",\"target\":[\"https:\/\/futbolhoy.co\/index.php\/2021\/11\/01\/psg-podria-despedir-a-ramos\/#respond\"]}]},{\"@type\":\"WebPage\",\"@id\":\"https:\/\/futbolhoy.co\/index.php\/2021\/11\/01\/psg-podria-despedir-a-ramos\/\",\"url\":\"https:\/\/futbolhoy.co\/index.php\/2021\/11\/01\/psg-podria-despedir-a-ramos\/\",\"name\":\"PSG podr\u00eda despedir a Ramos -\",\"isPartOf\":{\"@id\":\"https:\/\/futbolhoy.co\/#website\"},\"primaryImageOfPage\":{\"@id\":\"https:\/\/futbolhoy.co\/index.php\/2021\/11\/01\/psg-podria-despedir-a-ramos\/#primaryimage\"},\"image\":{\"@id\":\"https:\/\/futbolhoy.co\/index.php\/2021\/11\/01\/psg-podria-despedir-a-ramos\/#primaryimage\"},\"thumbnailUrl\":\"https:\/\/futbolhoy.co\/wp-content\/uploads\/2021\/11\/FDG5IsfWQAEp6Tg.jpg\",\"datePublished\":\"2021-11-01T16:08:51+00:00\",\"dateModified\":\"2021-11-02T03:08:18+00:00\",\"breadcrumb\":{\"@id\":\"https:\/\/futbolhoy.co\/index.php\/2021\/11\/01\/psg-podria-despedir-a-ramos\/#breadcrumb\"},\"inLanguage\":\"es\",\"potentialAction\":[{\"@type\":\"ReadAction\",\"target\":[\"https:\/\/futbolhoy.co\/index.php\/2021\/11\/01\/psg-podria-despedir-a-ramos\/\"]}]},{\"@type\":\"ImageObject\",\"inLanguage\":\"es\",\"@id\":\"https:\/\/futbolhoy.co\/index.php\/2021\/11\/01\/psg-podria-despedir-a-ramos\/#primaryimage\",\"url\":\"https:\/\/futbolhoy.co\/wp-content\/uploads\/2021\/11\/FDG5IsfWQAEp6Tg.jpg\",\"contentUrl\":\"https:\/\/futbolhoy.co\/wp-content\/uploads\/2021\/11\/FDG5IsfWQAEp6Tg.jpg\",\"width\":680,\"height\":383},{\"@type\":\"BreadcrumbList\",\"@id\":\"https:\/\/futbolhoy.co\/index.php\/2021\/11\/01\/psg-podria-despedir-a-ramos\/#breadcrumb\",\"itemListElement\":[{\"@type\":\"ListItem\",\"position\":1,\"name\":\"Portada\",\"item\":\"https:\/\/futbolhoy.co\/\"},{\"@type\":\"ListItem\",\"position\":2,\"name\":\"PSG podr\u00eda despedir a Ramos\"}]},{\"@type\":\"WebSite\",\"@id\":\"https:\/\/futbolhoy.co\/#website\",\"url\":\"https:\/\/futbolhoy.co\/\",\"name\":\"FutbolHoy\",\"description\":\"\",\"publisher\":{\"@id\":\"https:\/\/futbolhoy.co\/#organization\"},\"potentialAction\":[{\"@type\":\"SearchAction\",\"target\":{\"@type\":\"EntryPoint\",\"urlTemplate\":\"https:\/\/futbolhoy.co\/?s={search_term_string}\"},\"query-input\":{\"@type\":\"PropertyValueSpecification\",\"valueRequired\":true,\"valueName\":\"search_term_string\"}}],\"inLanguage\":\"es\"},{\"@type\":\"Organization\",\"@id\":\"https:\/\/futbolhoy.co\/#organization\",\"name\":\"Futbolhoy.co\",\"url\":\"https:\/\/futbolhoy.co\/\",\"logo\":{\"@type\":\"ImageObject\",\"inLanguage\":\"es\",\"@id\":\"https:\/\/futbolhoy.co\/#\/schema\/logo\/image\/\",\"url\":\"https:\/\/futbolhoy.co\/wp-content\/uploads\/2018\/08\/17426380_1906371736249227_6326180412931521141_n.jpg\",\"contentUrl\":\"https:\/\/futbolhoy.co\/wp-content\/uploads\/2018\/08\/17426380_1906371736249227_6326180412931521141_n.jpg\",\"width\":960,\"height\":960,\"caption\":\"Futbolhoy.co\"},\"image\":{\"@id\":\"https:\/\/futbolhoy.co\/#\/schema\/logo\/image\/\"},\"sameAs\":[\"https:\/\/www.facebook.com\/FutbolHoyCol\/\",\"https:\/\/x.com\/FutbolHoyCol\",\"https:\/\/www.instagram.com\/futbolhoycol\/\"]},{\"@type\":\"Person\",\"@id\":\"https:\/\/futbolhoy.co\/#\/schema\/person\/c4a353a512b127643723a34bb1812f7d\",\"name\":\"Laura Hern\u00e1ndez\",\"image\":{\"@type\":\"ImageObject\",\"inLanguage\":\"es\",\"@id\":\"https:\/\/futbolhoy.co\/#\/schema\/person\/image\/\",\"url\":\"https:\/\/secure.gravatar.com\/avatar\/d25959a15b9b293a743f99181c7cfd01?s=96&d=mm&r=g\",\"contentUrl\":\"https:\/\/secure.gravatar.com\/avatar\/d25959a15b9b293a743f99181c7cfd01?s=96&d=mm&r=g\",\"caption\":\"Laura Hern\u00e1ndez\"}}]}<\/script>\n<!-- \/ Yoast SEO plugin. -->","yoast_head_json":{"title":"PSG podr\u00eda despedir a Ramos -","robots":{"index":"index","follow":"follow","max-snippet":"max-snippet:-1","max-image-preview":"max-image-preview:large","max-video-preview":"max-video-preview:-1"},"canonical":"https:\/\/futbolhoy.co\/index.php\/2021\/11\/01\/psg-podria-despedir-a-ramos\/","og_locale":"es_ES","og_type":"article","og_title":"PSG podr\u00eda despedir a Ramos -","og_description":"El\u00a0Par\u00eds Saint-Germain\u00a0contempla la posibilidad de rescindir el contrato del defensa espa\u00f1ol\u00a0Sergio Ramos\u00a0quien, tras su llegada al club hace cuatro meses, a\u00fan no se ha podido debutar por lesiones, seg\u00fan public\u00f3 el diario\u00a0Le Parisien. \"Aunque la opci\u00f3n no est\u00e1 en el orden del d\u00eda, la posibilidad no es descabellada.\u00a0PSG\u00a0ha asumido que ha podido equivocarse con su [&hellip;]","og_url":"https:\/\/futbolhoy.co\/index.php\/2021\/11\/01\/psg-podria-despedir-a-ramos\/","article_publisher":"https:\/\/www.facebook.com\/FutbolHoyCol\/","article_published_time":"2021-11-01T16:08:51+00:00","article_modified_time":"2021-11-02T03:08:18+00:00","og_image":[{"width":680,"height":383,"url":"https:\/\/futbolhoy.co\/wp-content\/uploads\/2021\/11\/FDG5IsfWQAEp6Tg.jpg","type":"image\/jpeg"}],"author":"Laura Hern\u00e1ndez","twitter_card":"summary_large_image","twitter_creator":"@FutbolHoyCol","twitter_site":"@FutbolHoyCol","twitter_misc":{"Escrito por":"Laura Hern\u00e1ndez","Tiempo de lectura":"1 minuto"},"schema":{"@context":"https:\/\/schema.org","@graph":[{"@type":"Article","@id":"https:\/\/futbolhoy.co\/index.php\/2021\/11\/01\/psg-podria-despedir-a-ramos\/#article","isPartOf":{"@id":"https:\/\/futbolhoy.co\/index.php\/2021\/11\/01\/psg-podria-despedir-a-ramos\/"},"author":{"name":"Laura Hern\u00e1ndez","@id":"https:\/\/futbolhoy.co\/#\/schema\/person\/c4a353a512b127643723a34bb1812f7d"},"headline":"PSG podr\u00eda despedir a Ramos","datePublished":"2021-11-01T16:08:51+00:00","dateModified":"2021-11-02T03:08:18+00:00","mainEntityOfPage":{"@id":"https:\/\/futbolhoy.co\/index.php\/2021\/11\/01\/psg-podria-despedir-a-ramos\/"},"wordCount":197,"commentCount":0,"publisher":{"@id":"https:\/\/futbolhoy.co\/#organization"},"image":{"@id":"https:\/\/futbolhoy.co\/index.php\/2021\/11\/01\/psg-podria-despedir-a-ramos\/#primaryimage"},"thumbnailUrl":"https:\/\/futbolhoy.co\/wp-content\/uploads\/2021\/11\/FDG5IsfWQAEp6Tg.jpg","articleSection":["Mundo Futbol"],"inLanguage":"es","potentialAction":[{"@type":"CommentAction","name":"Comment","target":["https:\/\/futbolhoy.co\/index.php\/2021\/11\/01\/psg-podria-despedir-a-ramos\/#respond"]}]},{"@type":"WebPage","@id":"https:\/\/futbolhoy.co\/index.php\/2021\/11\/01\/psg-podria-despedir-a-ramos\/","url":"https:\/\/futbolhoy.co\/index.php\/2021\/11\/01\/psg-podria-despedir-a-ramos\/","name":"PSG podr\u00eda despedir a Ramos -","isPartOf":{"@id":"https:\/\/futbolhoy.co\/#website"},"primaryImageOfPage":{"@id":"https:\/\/futbolhoy.co\/index.php\/2021\/11\/01\/psg-podria-despedir-a-ramos\/#primaryimage"},"image":{"@id":"https:\/\/futbolhoy.co\/index.php\/2021\/11\/01\/psg-podria-despedir-a-ramos\/#primaryimage"},"thumbnailUrl":"https:\/\/futbolhoy.co\/wp-content\/uploads\/2021\/11\/FDG5IsfWQAEp6Tg.jpg","datePublished":"2021-11-01T16:08:51+00:00","dateModified":"2021-11-02T03:08:18+00:00","breadcrumb":{"@id":"https:\/\/futbolhoy.co\/index.php\/2021\/11\/01\/psg-podria-despedir-a-ramos\/#breadcrumb"},"inLanguage":"es","potentialAction":[{"@type":"ReadAction","target":["https:\/\/futbolhoy.co\/index.php\/2021\/11\/01\/psg-podria-despedir-a-ramos\/"]}]},{"@type":"ImageObject","inLanguage":"es","@id":"https:\/\/futbolhoy.co\/index.php\/2021\/11\/01\/psg-podria-despedir-a-ramos\/#primaryimage","url":"https:\/\/futbolhoy.co\/wp-content\/uploads\/2021\/11\/FDG5IsfWQAEp6Tg.jpg","contentUrl":"https:\/\/futbolhoy.co\/wp-content\/uploads\/2021\/11\/FDG5IsfWQAEp6Tg.jpg","width":680,"height":383},{"@type":"BreadcrumbList","@id":"https:\/\/futbolhoy.co\/index.php\/2021\/11\/01\/psg-podria-despedir-a-ramos\/#breadcrumb","itemListElement":[{"@type":"ListItem","position":1,"name":"Portada","item":"https:\/\/futbolhoy.co\/"},{"@type":"ListItem","position":2,"name":"PSG podr\u00eda despedir a Ramos"}]},{"@type":"WebSite","@id":"https:\/\/futbolhoy.co\/#website","url":"https:\/\/futbolhoy.co\/","name":"FutbolHoy","description":"","publisher":{"@id":"https:\/\/futbolhoy.co\/#organization"},"potentialAction":[{"@type":"SearchAction","target":{"@type":"EntryPoint","urlTemplate":"https:\/\/futbolhoy.co\/?s={search_term_string}"},"query-input":{"@type":"PropertyValueSpecification","valueRequired":true,"valueName":"search_term_string"}}],"inLanguage":"es"},{"@type":"Organization","@id":"https:\/\/futbolhoy.co\/#organization","name":"Futbolhoy.co","url":"https:\/\/futbolhoy.co\/","logo":{"@type":"ImageObject","inLanguage":"es","@id":"https:\/\/futbolhoy.co\/#\/schema\/logo\/image\/","url":"https:\/\/futbolhoy.co\/wp-content\/uploads\/2018\/08\/17426380_1906371736249227_6326180412931521141_n.jpg","contentUrl":"https:\/\/futbolhoy.co\/wp-content\/uploads\/2018\/08\/17426380_1906371736249227_6326180412931521141_n.jpg","width":960,"height":960,"caption":"Futbolhoy.co"},"image":{"@id":"https:\/\/futbolhoy.co\/#\/schema\/logo\/image\/"},"sameAs":["https:\/\/www.facebook.com\/FutbolHoyCol\/","https:\/\/x.com\/FutbolHoyCol","https:\/\/www.instagram.com\/futbolhoycol\/"]},{"@type":"Person","@id":"https:\/\/futbolhoy.co\/#\/schema\/person\/c4a353a512b127643723a34bb1812f7d","name":"Laura Hern\u00e1ndez","image":{"@type":"ImageObject","inLanguage":"es","@id":"https:\/\/futbolhoy.co\/#\/schema\/person\/image\/","url":"https:\/\/secure.gravatar.com\/avatar\/d25959a15b9b293a743f99181c7cfd01?s=96&d=mm&r=g","contentUrl":"https:\/\/secure.gravatar.com\/avatar\/d25959a15b9b293a743f99181c7cfd01?s=96&d=mm&r=g","caption":"Laura Hern\u00e1ndez"}}]}},"publishpress_future_action":{"enabled":false,"date":"2026-05-03 04:33:54","action":"change-status","newStatus":"draft","terms":[],"taxonomy":"category","extraData":[]},"publishpress_future_workflow_manual_trigger":{"enabledWorkflows":[]},"_links":{"self":[{"href":"https:\/\/futbolhoy.co\/index.php\/wp-json\/wp\/v2\/posts\/71872","targetHints":{"allow":["GET"]}}],"collection":[{"href":"https:\/\/futbolhoy.co\/index.php\/wp-json\/wp\/v2\/posts"}],"about":[{"href":"https:\/\/futbolhoy.co\/index.php\/wp-json\/wp\/v2\/types\/post"}],"author":[{"embeddable":true,"href":"https:\/\/futbolhoy.co\/index.php\/wp-json\/wp\/v2\/users\/5"}],"replies":[{"embeddable":true,"href":"https:\/\/futbolhoy.co\/index.php\/wp-json\/wp\/v2\/comments?post=71872"}],"version-history":[{"count":1,"href":"https:\/\/futbolhoy.co\/index.php\/wp-json\/wp\/v2\/posts\/71872\/revisions"}],"predecessor-version":[{"id":71877,"href":"https:\/\/futbolhoy.co\/index.php\/wp-json\/wp\/v2\/posts\/71872\/revisions\/71877"}],"wp:featuredmedia":[{"embeddable":true,"href":"https:\/\/futbolhoy.co\/index.php\/wp-json\/wp\/v2\/media\/71874"}],"wp:attachment":[{"href":"https:\/\/futbolhoy.co\/index.php\/wp-json\/wp\/v2\/media?parent=71872"}],"wp:term":[{"taxonomy":"category","embeddable":true,"href":"https:\/\/futbolhoy.co\/index.php\/wp-json\/wp\/v2\/categories?post=71872"},{"taxonomy":"post_tag","embeddable":true,"href":"https:\/\/futbolhoy.co\/index.php\/wp-json\/wp\/v2\/tags?post=71872"}],"curies":[{"name":"wp","href":"https:\/\/api.w.org\/{rel}","templated":true}]}}