{"id":71884,"date":"2021-11-01T13:52:58","date_gmt":"2021-11-01T18:52:58","guid":{"rendered":"https:\/\/futbolhoy.co\/?p=71884"},"modified":"2021-11-02T06:51:24","modified_gmt":"2021-11-02T11:51:24","slug":"james-hablo-de-su-lesion","status":"publish","type":"post","link":"https:\/\/futbolhoy.co\/index.php\/2021\/11\/01\/james-hablo-de-su-lesion\/","title":{"rendered":"James habl\u00f3 de su lesi\u00f3n"},"content":{"rendered":"<p style=\"text-align: justify;\"><span style=\"font-family: helvetica, arial, sans-serif;\">El volante <strong>James Rodr\u00edguez<\/strong> dio un parte de tranquilidad tras la lesi\u00f3n que sufri\u00f3 en el partido de <strong>Al Rayyan<\/strong> ante<strong> Al Arabi<\/strong> por la Liga de Qatar.<\/span><\/p>\n<p style=\"text-align: justify;\"><span style=\"font-family: helvetica, arial, sans-serif;\">El cuadro qatar\u00ed confirm\u00f3 la lesi\u00f3n \u201cJames tiene una contusi\u00f3n en la d\u00e9cima costilla derecha, necesita unos d\u00edas para sanar\u201d<\/span><\/p>\n<p style=\"text-align: justify;\"><span style=\"font-family: helvetica, arial, sans-serif;\">Por medio de sus redes sociales, el colombiano manifest\u00f3 que se encuentra mejor y recuper\u00e1ndose.<\/span><\/p>\n<p style=\"text-align: justify;\"><span style=\"font-family: helvetica, arial, sans-serif;\"><em>\u201cDespu\u00e9s del golpe que he sufrido en el partido ya estoy un poco mejor. Como ven ha sufrido un poco la nariz y la mand\u00edbula. La costilla se llev\u00f3 la peor parte pero nada para preocuparse. Todo esto hace parte de nuestro trabajo. Unos d\u00edas m\u00e1s y estar\u00e9 otra vez entrenando\u201d<\/em>, escribi\u00f3 el mismo James en sus redes sociales.<\/span><\/p>\n<p style=\"text-align: justify;\"><span style=\"font-family: helvetica, arial, sans-serif;\">El colombiano ser\u00e1 baja de su equipo en la pr\u00f3xima fecha y su tiempo de recuperaci\u00f3n a\u00fan no esta definido.\u00a0<\/span><\/p>\n<blockquote class=\"twitter-tweet\">\n<p dir=\"ltr\" lang=\"es\"><span style=\"font-family: helvetica, arial, sans-serif;\">Despu\u00e9s del golpe que he sufrido en el partido ya estoy un poco mejor. Como ven ha sufrido un poco la nariz y la mand\u00edbula. La costilla se llev\u00f3 la peor parte pero nada para preocuparse. Todo esto hace parte de nuestro trabajo. Unos d\u00edas m\u00e1s y estar\u00e9 otra vez entrenando. \ud83d\ude01 \ud83d\udcaa\ud83c\udffc <a href=\"https:\/\/t.co\/tVtTSHyAM4\">pic.twitter.com\/tVtTSHyAM4<\/a><\/span><\/p>\n<p><span style=\"font-family: helvetica, arial, sans-serif;\">\u2014 James Rodr\u00edguez (@jamesdrodriguez) <a href=\"https:\/\/twitter.com\/jamesdrodriguez\/status\/1455220245757583383?ref_src=twsrc%5Etfw\">November 1, 2021<\/a><\/span><\/p><\/blockquote>\n<p style=\"text-align: justify;\"><span style=\"font-family: helvetica, arial, sans-serif;\"><script async src=\"https:\/\/platform.twitter.com\/widgets.js\" charset=\"utf-8\"><\/script><\/span><\/p>\n<p style=\"text-align: justify;\">\n","protected":false},"excerpt":{"rendered":"<p>El volante James Rodr\u00edguez dio un parte de tranquilidad tras la lesi\u00f3n que sufri\u00f3 en el partido de Al Rayyan ante Al Arabi por la Liga de Qatar. El cuadro qatar\u00ed confirm\u00f3 la lesi\u00f3n \u201cJames tiene una contusi\u00f3n en la d\u00e9cima costilla derecha, necesita unos d\u00edas para sanar\u201d Por medio de sus redes sociales, el [&hellip;]<\/p>\n","protected":false},"author":5,"featured_media":71885,"comment_status":"open","ping_status":"open","sticky":false,"template":"","format":"standard","meta":{"_acf_changed":false,"footnotes":""},"categories":[418],"tags":[],"class_list":{"0":"post-71884","1":"post","2":"type-post","3":"status-publish","4":"format-standard","5":"has-post-thumbnail","7":"category-colombia"},"acf":[],"yoast_head":"<!-- This site is optimized with the Yoast SEO plugin v26.8 - https:\/\/yoast.com\/product\/yoast-seo-wordpress\/ -->\n<title>James habl\u00f3 de su lesi\u00f3n -<\/title>\n<meta name=\"robots\" content=\"index, follow, max-snippet:-1, max-image-preview:large, max-video-preview:-1\" \/>\n<link rel=\"canonical\" href=\"https:\/\/futbolhoy.co\/index.php\/2021\/11\/01\/james-hablo-de-su-lesion\/\" \/>\n<meta property=\"og:locale\" content=\"es_ES\" \/>\n<meta property=\"og:type\" content=\"article\" \/>\n<meta property=\"og:title\" content=\"James habl\u00f3 de su lesi\u00f3n -\" \/>\n<meta property=\"og:description\" content=\"El volante James Rodr\u00edguez dio un parte de tranquilidad tras la lesi\u00f3n que sufri\u00f3 en el partido de Al Rayyan ante Al Arabi por la Liga de Qatar. El cuadro qatar\u00ed confirm\u00f3 la lesi\u00f3n \u201cJames tiene una contusi\u00f3n en la d\u00e9cima costilla derecha, necesita unos d\u00edas para sanar\u201d Por medio de sus redes sociales, el [&hellip;]\" \/>\n<meta property=\"og:url\" content=\"https:\/\/futbolhoy.co\/index.php\/2021\/11\/01\/james-hablo-de-su-lesion\/\" \/>\n<meta property=\"article:publisher\" content=\"https:\/\/www.facebook.com\/FutbolHoyCol\/\" \/>\n<meta property=\"article:published_time\" content=\"2021-11-01T18:52:58+00:00\" \/>\n<meta property=\"article:modified_time\" content=\"2021-11-02T11:51:24+00:00\" \/>\n<meta property=\"og:image\" content=\"https:\/\/futbolhoy.co\/wp-content\/uploads\/2021\/11\/comunicado-oficial-de-al-rayyan-acerca-de-james-rodriguez.jpg\" \/>\n\t<meta property=\"og:image:width\" content=\"1357\" \/>\n\t<meta property=\"og:image:height\" content=\"807\" \/>\n\t<meta property=\"og:image:type\" content=\"image\/jpeg\" \/>\n<meta name=\"author\" content=\"Laura Hern\u00e1ndez\" \/>\n<meta name=\"twitter:card\" content=\"summary_large_image\" \/>\n<meta name=\"twitter:creator\" content=\"@FutbolHoyCol\" \/>\n<meta name=\"twitter:site\" content=\"@FutbolHoyCol\" \/>\n<meta name=\"twitter:label1\" content=\"Escrito por\" \/>\n\t<meta name=\"twitter:data1\" content=\"Laura Hern\u00e1ndez\" \/>\n\t<meta name=\"twitter:label2\" content=\"Tiempo de lectura\" \/>\n\t<meta name=\"twitter:data2\" content=\"1 minuto\" \/>\n<script type=\"application\/ld+json\" class=\"yoast-schema-graph\">{\"@context\":\"https:\/\/schema.org\",\"@graph\":[{\"@type\":\"Article\",\"@id\":\"https:\/\/futbolhoy.co\/index.php\/2021\/11\/01\/james-hablo-de-su-lesion\/#article\",\"isPartOf\":{\"@id\":\"https:\/\/futbolhoy.co\/index.php\/2021\/11\/01\/james-hablo-de-su-lesion\/\"},\"author\":{\"name\":\"Laura Hern\u00e1ndez\",\"@id\":\"https:\/\/futbolhoy.co\/#\/schema\/person\/c4a353a512b127643723a34bb1812f7d\"},\"headline\":\"James habl\u00f3 de su lesi\u00f3n\",\"datePublished\":\"2021-11-01T18:52:58+00:00\",\"dateModified\":\"2021-11-02T11:51:24+00:00\",\"mainEntityOfPage\":{\"@id\":\"https:\/\/futbolhoy.co\/index.php\/2021\/11\/01\/james-hablo-de-su-lesion\/\"},\"wordCount\":226,\"commentCount\":0,\"publisher\":{\"@id\":\"https:\/\/futbolhoy.co\/#organization\"},\"image\":{\"@id\":\"https:\/\/futbolhoy.co\/index.php\/2021\/11\/01\/james-hablo-de-su-lesion\/#primaryimage\"},\"thumbnailUrl\":\"https:\/\/futbolhoy.co\/wp-content\/uploads\/2021\/11\/comunicado-oficial-de-al-rayyan-acerca-de-james-rodriguez.jpg\",\"articleSection\":[\"Colombia\"],\"inLanguage\":\"es\",\"potentialAction\":[{\"@type\":\"CommentAction\",\"name\":\"Comment\",\"target\":[\"https:\/\/futbolhoy.co\/index.php\/2021\/11\/01\/james-hablo-de-su-lesion\/#respond\"]}]},{\"@type\":\"WebPage\",\"@id\":\"https:\/\/futbolhoy.co\/index.php\/2021\/11\/01\/james-hablo-de-su-lesion\/\",\"url\":\"https:\/\/futbolhoy.co\/index.php\/2021\/11\/01\/james-hablo-de-su-lesion\/\",\"name\":\"James habl\u00f3 de su lesi\u00f3n -\",\"isPartOf\":{\"@id\":\"https:\/\/futbolhoy.co\/#website\"},\"primaryImageOfPage\":{\"@id\":\"https:\/\/futbolhoy.co\/index.php\/2021\/11\/01\/james-hablo-de-su-lesion\/#primaryimage\"},\"image\":{\"@id\":\"https:\/\/futbolhoy.co\/index.php\/2021\/11\/01\/james-hablo-de-su-lesion\/#primaryimage\"},\"thumbnailUrl\":\"https:\/\/futbolhoy.co\/wp-content\/uploads\/2021\/11\/comunicado-oficial-de-al-rayyan-acerca-de-james-rodriguez.jpg\",\"datePublished\":\"2021-11-01T18:52:58+00:00\",\"dateModified\":\"2021-11-02T11:51:24+00:00\",\"breadcrumb\":{\"@id\":\"https:\/\/futbolhoy.co\/index.php\/2021\/11\/01\/james-hablo-de-su-lesion\/#breadcrumb\"},\"inLanguage\":\"es\",\"potentialAction\":[{\"@type\":\"ReadAction\",\"target\":[\"https:\/\/futbolhoy.co\/index.php\/2021\/11\/01\/james-hablo-de-su-lesion\/\"]}]},{\"@type\":\"ImageObject\",\"inLanguage\":\"es\",\"@id\":\"https:\/\/futbolhoy.co\/index.php\/2021\/11\/01\/james-hablo-de-su-lesion\/#primaryimage\",\"url\":\"https:\/\/futbolhoy.co\/wp-content\/uploads\/2021\/11\/comunicado-oficial-de-al-rayyan-acerca-de-james-rodriguez.jpg\",\"contentUrl\":\"https:\/\/futbolhoy.co\/wp-content\/uploads\/2021\/11\/comunicado-oficial-de-al-rayyan-acerca-de-james-rodriguez.jpg\",\"width\":1357,\"height\":807},{\"@type\":\"BreadcrumbList\",\"@id\":\"https:\/\/futbolhoy.co\/index.php\/2021\/11\/01\/james-hablo-de-su-lesion\/#breadcrumb\",\"itemListElement\":[{\"@type\":\"ListItem\",\"position\":1,\"name\":\"Portada\",\"item\":\"https:\/\/futbolhoy.co\/\"},{\"@type\":\"ListItem\",\"position\":2,\"name\":\"James habl\u00f3 de su lesi\u00f3n\"}]},{\"@type\":\"WebSite\",\"@id\":\"https:\/\/futbolhoy.co\/#website\",\"url\":\"https:\/\/futbolhoy.co\/\",\"name\":\"FutbolHoy\",\"description\":\"\",\"publisher\":{\"@id\":\"https:\/\/futbolhoy.co\/#organization\"},\"potentialAction\":[{\"@type\":\"SearchAction\",\"target\":{\"@type\":\"EntryPoint\",\"urlTemplate\":\"https:\/\/futbolhoy.co\/?s={search_term_string}\"},\"query-input\":{\"@type\":\"PropertyValueSpecification\",\"valueRequired\":true,\"valueName\":\"search_term_string\"}}],\"inLanguage\":\"es\"},{\"@type\":\"Organization\",\"@id\":\"https:\/\/futbolhoy.co\/#organization\",\"name\":\"Futbolhoy.co\",\"url\":\"https:\/\/futbolhoy.co\/\",\"logo\":{\"@type\":\"ImageObject\",\"inLanguage\":\"es\",\"@id\":\"https:\/\/futbolhoy.co\/#\/schema\/logo\/image\/\",\"url\":\"https:\/\/futbolhoy.co\/wp-content\/uploads\/2018\/08\/17426380_1906371736249227_6326180412931521141_n.jpg\",\"contentUrl\":\"https:\/\/futbolhoy.co\/wp-content\/uploads\/2018\/08\/17426380_1906371736249227_6326180412931521141_n.jpg\",\"width\":960,\"height\":960,\"caption\":\"Futbolhoy.co\"},\"image\":{\"@id\":\"https:\/\/futbolhoy.co\/#\/schema\/logo\/image\/\"},\"sameAs\":[\"https:\/\/www.facebook.com\/FutbolHoyCol\/\",\"https:\/\/x.com\/FutbolHoyCol\",\"https:\/\/www.instagram.com\/futbolhoycol\/\"]},{\"@type\":\"Person\",\"@id\":\"https:\/\/futbolhoy.co\/#\/schema\/person\/c4a353a512b127643723a34bb1812f7d\",\"name\":\"Laura Hern\u00e1ndez\",\"image\":{\"@type\":\"ImageObject\",\"inLanguage\":\"es\",\"@id\":\"https:\/\/futbolhoy.co\/#\/schema\/person\/image\/\",\"url\":\"https:\/\/secure.gravatar.com\/avatar\/d25959a15b9b293a743f99181c7cfd01?s=96&d=mm&r=g\",\"contentUrl\":\"https:\/\/secure.gravatar.com\/avatar\/d25959a15b9b293a743f99181c7cfd01?s=96&d=mm&r=g\",\"caption\":\"Laura Hern\u00e1ndez\"}}]}<\/script>\n<!-- \/ Yoast SEO plugin. -->","yoast_head_json":{"title":"James habl\u00f3 de su lesi\u00f3n -","robots":{"index":"index","follow":"follow","max-snippet":"max-snippet:-1","max-image-preview":"max-image-preview:large","max-video-preview":"max-video-preview:-1"},"canonical":"https:\/\/futbolhoy.co\/index.php\/2021\/11\/01\/james-hablo-de-su-lesion\/","og_locale":"es_ES","og_type":"article","og_title":"James habl\u00f3 de su lesi\u00f3n -","og_description":"El volante James Rodr\u00edguez dio un parte de tranquilidad tras la lesi\u00f3n que sufri\u00f3 en el partido de Al Rayyan ante Al Arabi por la Liga de Qatar. El cuadro qatar\u00ed confirm\u00f3 la lesi\u00f3n \u201cJames tiene una contusi\u00f3n en la d\u00e9cima costilla derecha, necesita unos d\u00edas para sanar\u201d Por medio de sus redes sociales, el [&hellip;]","og_url":"https:\/\/futbolhoy.co\/index.php\/2021\/11\/01\/james-hablo-de-su-lesion\/","article_publisher":"https:\/\/www.facebook.com\/FutbolHoyCol\/","article_published_time":"2021-11-01T18:52:58+00:00","article_modified_time":"2021-11-02T11:51:24+00:00","og_image":[{"width":1357,"height":807,"url":"https:\/\/futbolhoy.co\/wp-content\/uploads\/2021\/11\/comunicado-oficial-de-al-rayyan-acerca-de-james-rodriguez.jpg","type":"image\/jpeg"}],"author":"Laura Hern\u00e1ndez","twitter_card":"summary_large_image","twitter_creator":"@FutbolHoyCol","twitter_site":"@FutbolHoyCol","twitter_misc":{"Escrito por":"Laura Hern\u00e1ndez","Tiempo de lectura":"1 minuto"},"schema":{"@context":"https:\/\/schema.org","@graph":[{"@type":"Article","@id":"https:\/\/futbolhoy.co\/index.php\/2021\/11\/01\/james-hablo-de-su-lesion\/#article","isPartOf":{"@id":"https:\/\/futbolhoy.co\/index.php\/2021\/11\/01\/james-hablo-de-su-lesion\/"},"author":{"name":"Laura Hern\u00e1ndez","@id":"https:\/\/futbolhoy.co\/#\/schema\/person\/c4a353a512b127643723a34bb1812f7d"},"headline":"James habl\u00f3 de su lesi\u00f3n","datePublished":"2021-11-01T18:52:58+00:00","dateModified":"2021-11-02T11:51:24+00:00","mainEntityOfPage":{"@id":"https:\/\/futbolhoy.co\/index.php\/2021\/11\/01\/james-hablo-de-su-lesion\/"},"wordCount":226,"commentCount":0,"publisher":{"@id":"https:\/\/futbolhoy.co\/#organization"},"image":{"@id":"https:\/\/futbolhoy.co\/index.php\/2021\/11\/01\/james-hablo-de-su-lesion\/#primaryimage"},"thumbnailUrl":"https:\/\/futbolhoy.co\/wp-content\/uploads\/2021\/11\/comunicado-oficial-de-al-rayyan-acerca-de-james-rodriguez.jpg","articleSection":["Colombia"],"inLanguage":"es","potentialAction":[{"@type":"CommentAction","name":"Comment","target":["https:\/\/futbolhoy.co\/index.php\/2021\/11\/01\/james-hablo-de-su-lesion\/#respond"]}]},{"@type":"WebPage","@id":"https:\/\/futbolhoy.co\/index.php\/2021\/11\/01\/james-hablo-de-su-lesion\/","url":"https:\/\/futbolhoy.co\/index.php\/2021\/11\/01\/james-hablo-de-su-lesion\/","name":"James habl\u00f3 de su lesi\u00f3n -","isPartOf":{"@id":"https:\/\/futbolhoy.co\/#website"},"primaryImageOfPage":{"@id":"https:\/\/futbolhoy.co\/index.php\/2021\/11\/01\/james-hablo-de-su-lesion\/#primaryimage"},"image":{"@id":"https:\/\/futbolhoy.co\/index.php\/2021\/11\/01\/james-hablo-de-su-lesion\/#primaryimage"},"thumbnailUrl":"https:\/\/futbolhoy.co\/wp-content\/uploads\/2021\/11\/comunicado-oficial-de-al-rayyan-acerca-de-james-rodriguez.jpg","datePublished":"2021-11-01T18:52:58+00:00","dateModified":"2021-11-02T11:51:24+00:00","breadcrumb":{"@id":"https:\/\/futbolhoy.co\/index.php\/2021\/11\/01\/james-hablo-de-su-lesion\/#breadcrumb"},"inLanguage":"es","potentialAction":[{"@type":"ReadAction","target":["https:\/\/futbolhoy.co\/index.php\/2021\/11\/01\/james-hablo-de-su-lesion\/"]}]},{"@type":"ImageObject","inLanguage":"es","@id":"https:\/\/futbolhoy.co\/index.php\/2021\/11\/01\/james-hablo-de-su-lesion\/#primaryimage","url":"https:\/\/futbolhoy.co\/wp-content\/uploads\/2021\/11\/comunicado-oficial-de-al-rayyan-acerca-de-james-rodriguez.jpg","contentUrl":"https:\/\/futbolhoy.co\/wp-content\/uploads\/2021\/11\/comunicado-oficial-de-al-rayyan-acerca-de-james-rodriguez.jpg","width":1357,"height":807},{"@type":"BreadcrumbList","@id":"https:\/\/futbolhoy.co\/index.php\/2021\/11\/01\/james-hablo-de-su-lesion\/#breadcrumb","itemListElement":[{"@type":"ListItem","position":1,"name":"Portada","item":"https:\/\/futbolhoy.co\/"},{"@type":"ListItem","position":2,"name":"James habl\u00f3 de su lesi\u00f3n"}]},{"@type":"WebSite","@id":"https:\/\/futbolhoy.co\/#website","url":"https:\/\/futbolhoy.co\/","name":"FutbolHoy","description":"","publisher":{"@id":"https:\/\/futbolhoy.co\/#organization"},"potentialAction":[{"@type":"SearchAction","target":{"@type":"EntryPoint","urlTemplate":"https:\/\/futbolhoy.co\/?s={search_term_string}"},"query-input":{"@type":"PropertyValueSpecification","valueRequired":true,"valueName":"search_term_string"}}],"inLanguage":"es"},{"@type":"Organization","@id":"https:\/\/futbolhoy.co\/#organization","name":"Futbolhoy.co","url":"https:\/\/futbolhoy.co\/","logo":{"@type":"ImageObject","inLanguage":"es","@id":"https:\/\/futbolhoy.co\/#\/schema\/logo\/image\/","url":"https:\/\/futbolhoy.co\/wp-content\/uploads\/2018\/08\/17426380_1906371736249227_6326180412931521141_n.jpg","contentUrl":"https:\/\/futbolhoy.co\/wp-content\/uploads\/2018\/08\/17426380_1906371736249227_6326180412931521141_n.jpg","width":960,"height":960,"caption":"Futbolhoy.co"},"image":{"@id":"https:\/\/futbolhoy.co\/#\/schema\/logo\/image\/"},"sameAs":["https:\/\/www.facebook.com\/FutbolHoyCol\/","https:\/\/x.com\/FutbolHoyCol","https:\/\/www.instagram.com\/futbolhoycol\/"]},{"@type":"Person","@id":"https:\/\/futbolhoy.co\/#\/schema\/person\/c4a353a512b127643723a34bb1812f7d","name":"Laura Hern\u00e1ndez","image":{"@type":"ImageObject","inLanguage":"es","@id":"https:\/\/futbolhoy.co\/#\/schema\/person\/image\/","url":"https:\/\/secure.gravatar.com\/avatar\/d25959a15b9b293a743f99181c7cfd01?s=96&d=mm&r=g","contentUrl":"https:\/\/secure.gravatar.com\/avatar\/d25959a15b9b293a743f99181c7cfd01?s=96&d=mm&r=g","caption":"Laura Hern\u00e1ndez"}}]}},"publishpress_future_action":{"enabled":false,"date":"2026-05-03 04:33:44","action":"change-status","newStatus":"draft","terms":[],"taxonomy":"category","extraData":[]},"publishpress_future_workflow_manual_trigger":{"enabledWorkflows":[]},"_links":{"self":[{"href":"https:\/\/futbolhoy.co\/index.php\/wp-json\/wp\/v2\/posts\/71884","targetHints":{"allow":["GET"]}}],"collection":[{"href":"https:\/\/futbolhoy.co\/index.php\/wp-json\/wp\/v2\/posts"}],"about":[{"href":"https:\/\/futbolhoy.co\/index.php\/wp-json\/wp\/v2\/types\/post"}],"author":[{"embeddable":true,"href":"https:\/\/futbolhoy.co\/index.php\/wp-json\/wp\/v2\/users\/5"}],"replies":[{"embeddable":true,"href":"https:\/\/futbolhoy.co\/index.php\/wp-json\/wp\/v2\/comments?post=71884"}],"version-history":[{"count":1,"href":"https:\/\/futbolhoy.co\/index.php\/wp-json\/wp\/v2\/posts\/71884\/revisions"}],"predecessor-version":[{"id":71886,"href":"https:\/\/futbolhoy.co\/index.php\/wp-json\/wp\/v2\/posts\/71884\/revisions\/71886"}],"wp:featuredmedia":[{"embeddable":true,"href":"https:\/\/futbolhoy.co\/index.php\/wp-json\/wp\/v2\/media\/71885"}],"wp:attachment":[{"href":"https:\/\/futbolhoy.co\/index.php\/wp-json\/wp\/v2\/media?parent=71884"}],"wp:term":[{"taxonomy":"category","embeddable":true,"href":"https:\/\/futbolhoy.co\/index.php\/wp-json\/wp\/v2\/categories?post=71884"},{"taxonomy":"post_tag","embeddable":true,"href":"https:\/\/futbolhoy.co\/index.php\/wp-json\/wp\/v2\/tags?post=71884"}],"curies":[{"name":"wp","href":"https:\/\/api.w.org\/{rel}","templated":true}]}}