{"id":71906,"date":"2021-11-02T06:56:17","date_gmt":"2021-11-02T11:56:17","guid":{"rendered":"https:\/\/futbolhoy.co\/?p=71906"},"modified":"2021-11-02T21:42:49","modified_gmt":"2021-11-03T02:42:49","slug":"la-fifa-multo-a-colombia","status":"publish","type":"post","link":"https:\/\/futbolhoy.co\/index.php\/2021\/11\/02\/la-fifa-multo-a-colombia\/","title":{"rendered":"La FIFA mult\u00f3 a Colombia"},"content":{"rendered":"<p style=\"text-align: justify;\"><span lang=\"ES-MX\" style=\"font-family: helvetica, arial, sans-serif;\">La\u00a0<b>FIFA<\/b>\u00a0estableci\u00f3 una multa cercana a los 25 millones de pesos a la\u00a0<b>Federaci\u00f3n Colombiana de F\u00fatbol<\/b>, por el mal comportamiento de los hinchas en el partido contra\u00a0<b>Ecuador<\/b>\u00a0(0-0) de las eliminatorias al\u00a0<b>Mundial Qatar 2022<\/b>.<\/span><\/p>\n<p style=\"text-align: justify;\"><span lang=\"ES-MX\" style=\"font-family: helvetica, arial, sans-serif;\">La rectora del f\u00fatbol mundial consider\u00f3 inapropiadas las reacciones de los aficionados ante las decisiones arbitrales del peruano\u00a0<b>Diego Haro<\/b>, quien anul\u00f3 un gol a la\u00a0<b>selecci\u00f3n Colombia<\/b>\u00a0en los \u00faltimos minutos del partido.<\/span><\/p>\n<p style=\"text-align: justify;\"><span lang=\"ES-MX\" style=\"font-family: helvetica, arial, sans-serif;\">Dentro de su m\u00e1s reciente bolet\u00edn de sanciones, la FIFA infligi\u00f3 multas y partidos a puerta cerrada a medio centenar de federaciones nacionales, entre ellas\u00a0<b>Argentina, M\u00e9xico, Chile y Per\u00fa<\/b>.<\/span><\/p>\n<p style=\"text-align: justify;\"><span lang=\"ES-MX\" style=\"font-family: helvetica, arial, sans-serif;\">Argentina fue multada con 32.700 d\u00f3lares y un encuentro con aforo \u00ablimitado\u00bb, debido a un \u00abcomportamiento discriminatorio\u00bb de aficionados cuando recibi\u00f3 a\u00a0<b>Uruguay<\/b>.<\/span><\/p>\n<p style=\"text-align: justify;\"><span lang=\"ES-MX\" style=\"font-family: helvetica, arial, sans-serif;\">M\u00e9xico deber\u00e1 pagar 109.000 d\u00f3lares y ser\u00e1 privado de p\u00fablico durante dos partidos, al ser tambi\u00e9n sancionado por \u00abcomportamiento discriminatorio\u00bb de aficionados en las visitas de\u00a0<b>Canad\u00e1 y Honduras<\/b>\u00a0en octubre.<\/span><\/p>\n<p style=\"text-align: justify;\"><span lang=\"ES-MX\" style=\"font-family: helvetica, arial, sans-serif;\">Chile fue sancionado con el pago de 49.000 d\u00f3lares y un partido con aforo \u00ablimitado\u00bb por \u00abcomportamiento discriminatorio\u00bb de sus aficionados en la visita de\u00a0<b>Brasil<\/b>, lanzamiento de objetos y una pancarta \u00abcon un mensaje inapropiado en un evento deportivo, con un mensaje pol\u00edtico\u00bb. Adem\u00e1s, los \u2018australes\u2019 fueron multados con 54.500 d\u00f3lares y un partido con aforo \u00ablimitado\u00bb por \u00abcomportamiento discriminatorio\u00bb de sus aficionados en la visita de\u00a0<b>Paraguay<\/b>\u00a0y lanzamiento de objetos.<\/span><\/p>\n","protected":false},"excerpt":{"rendered":"<p>La\u00a0FIFA\u00a0estableci\u00f3 una multa cercana a los 25 millones de pesos a la\u00a0Federaci\u00f3n Colombiana de F\u00fatbol, por el mal comportamiento de los hinchas en el partido contra\u00a0Ecuador\u00a0(0-0) de las eliminatorias al\u00a0Mundial Qatar 2022. La rectora del f\u00fatbol mundial consider\u00f3 inapropiadas las reacciones de los aficionados ante las decisiones arbitrales del peruano\u00a0Diego Haro, quien anul\u00f3 un gol [&hellip;]<\/p>\n","protected":false},"author":5,"featured_media":71908,"comment_status":"open","ping_status":"closed","sticky":false,"template":"","format":"standard","meta":{"_acf_changed":false,"footnotes":""},"categories":[418],"tags":[],"class_list":{"0":"post-71906","1":"post","2":"type-post","3":"status-publish","4":"format-standard","5":"has-post-thumbnail","7":"category-colombia"},"acf":[],"_links":{"self":[{"href":"https:\/\/futbolhoy.co\/index.php\/wp-json\/wp\/v2\/posts\/71906","targetHints":{"allow":["GET"]}}],"collection":[{"href":"https:\/\/futbolhoy.co\/index.php\/wp-json\/wp\/v2\/posts"}],"about":[{"href":"https:\/\/futbolhoy.co\/index.php\/wp-json\/wp\/v2\/types\/post"}],"author":[{"embeddable":true,"href":"https:\/\/futbolhoy.co\/index.php\/wp-json\/wp\/v2\/users\/5"}],"replies":[{"embeddable":true,"href":"https:\/\/futbolhoy.co\/index.php\/wp-json\/wp\/v2\/comments?post=71906"}],"version-history":[{"count":1,"href":"https:\/\/futbolhoy.co\/index.php\/wp-json\/wp\/v2\/posts\/71906\/revisions"}],"predecessor-version":[{"id":71909,"href":"https:\/\/futbolhoy.co\/index.php\/wp-json\/wp\/v2\/posts\/71906\/revisions\/71909"}],"wp:featuredmedia":[{"embeddable":true,"href":"https:\/\/futbolhoy.co\/index.php\/wp-json\/wp\/v2\/media\/71908"}],"wp:attachment":[{"href":"https:\/\/futbolhoy.co\/index.php\/wp-json\/wp\/v2\/media?parent=71906"}],"wp:term":[{"taxonomy":"category","embeddable":true,"href":"https:\/\/futbolhoy.co\/index.php\/wp-json\/wp\/v2\/categories?post=71906"},{"taxonomy":"post_tag","embeddable":true,"href":"https:\/\/futbolhoy.co\/index.php\/wp-json\/wp\/v2\/tags?post=71906"}],"curies":[{"name":"wp","href":"https:\/\/api.w.org\/{rel}","templated":true}]}}