{"id":71931,"date":"2021-11-03T07:55:58","date_gmt":"2021-11-03T12:55:58","guid":{"rendered":"https:\/\/futbolhoy.co\/?p=71931"},"modified":"2021-11-03T20:34:09","modified_gmt":"2021-11-04T01:34:09","slug":"que-james-venga-si-esta-bien-pibe","status":"publish","type":"post","link":"https:\/\/futbolhoy.co\/index.php\/2021\/11\/03\/que-james-venga-si-esta-bien-pibe\/","title":{"rendered":"\u201cQue James venga si est\u00e1 bien\u201d, Pibe"},"content":{"rendered":"<audio class=\"wp-audio-shortcode\" id=\"audio-71931-1\" preload=\"none\" style=\"width: 100%;\" controls=\"controls\"><source type=\"audio\/mpeg\" src=\"https:\/\/futbolhoy.co\/wp-content\/uploads\/2021\/11\/Carlos-El-Pibe-Valderrama-en-Blu-Radio..mp3?_=1\" \/><a href=\"https:\/\/futbolhoy.co\/wp-content\/uploads\/2021\/11\/Carlos-El-Pibe-Valderrama-en-Blu-Radio..mp3\">https:\/\/futbolhoy.co\/wp-content\/uploads\/2021\/11\/Carlos-El-Pibe-Valderrama-en-Blu-Radio..mp3<\/a><\/audio>\n<p><span style=\"font-family: helvetica, arial, sans-serif;\"><strong><em>Carlos Valderrama, en Blu Radio\u00a0<\/em><\/strong><\/span><\/p>\n<p style=\"text-align: justify;\"><span lang=\"ES-MX\" style=\"font-family: helvetica, arial, sans-serif;\">El eterno capit\u00e1n de la\u00a0<b>selecci\u00f3n Colombia<\/b>,\u00a0<b>Carlos \u2018El Pibe\u2019 Valderrama<\/b>, asegur\u00f3 que el talento y la calidad de\u00a0<b>James Rodr\u00edguez<\/b>\u00a0no tienen discusi\u00f3n y si est\u00e1 bien f\u00edsicamente debe hacer parte del combinado nacional en los pr\u00f3ximos partidos de eliminatorias al\u00a0<b>Mundial Qatar 2022<\/b>.<\/span><\/p>\n<p style=\"text-align: justify;\"><span lang=\"ES-MX\" style=\"font-family: helvetica, arial, sans-serif;\">\u201cLa idea es que venga. Estamos esperando la lista, todos est\u00e1n a la expectativa porque se lesion\u00f3. Si se recupera en dos d\u00edas s\u00ed est\u00e1 listo para volver. James es jugador de f\u00fatbol de calidad, \u00bfqui\u00e9n tiene dudas? Como jugador no tiene problema, el problema son las lesiones, que me duele aqu\u00ed, que me duele all\u00e1. As\u00ed el t\u00e9cnico no lo puede llamar\u201d, declar\u00f3 \u2018El Pibe\u00b4 en\u00a0<i>Blu Radio<\/i>.<\/span><\/p>\n<p style=\"text-align: justify;\"><span lang=\"ES-MX\" style=\"font-family: helvetica, arial, sans-serif;\">\u201cNosotros los colombianos queremos que James est\u00e9 en la Selecci\u00f3n, pero que est\u00e9 bien, porque lesionado no. James cuando se pone la camiseta es otro\u201d, a\u00f1adi\u00f3 el samario, quien destac\u00f3 la capacidad mental de su paisano\u00a0<b>Falcao Garc\u00eda<\/b>, que ha regresado al m\u00e1s alto nivel despu\u00e9s de sufrid graves lesiones en sus dos rodillas.<\/span><\/p>\n","protected":false},"excerpt":{"rendered":"<p>Carlos Valderrama, en Blu Radio\u00a0 El eterno capit\u00e1n de la\u00a0selecci\u00f3n Colombia,\u00a0Carlos \u2018El Pibe\u2019 Valderrama, asegur\u00f3 que el talento y la calidad de\u00a0James Rodr\u00edguez\u00a0no tienen discusi\u00f3n y si est\u00e1 bien f\u00edsicamente debe hacer parte del combinado nacional en los pr\u00f3ximos partidos de eliminatorias al\u00a0Mundial Qatar 2022. \u201cLa idea es que venga. Estamos esperando la lista, todos [&hellip;]<\/p>\n","protected":false},"author":5,"featured_media":71934,"comment_status":"open","ping_status":"closed","sticky":false,"template":"","format":"video","meta":{"_acf_changed":false,"footnotes":""},"categories":[418],"tags":[],"class_list":{"0":"post-71931","1":"post","2":"type-post","3":"status-publish","4":"format-video","5":"has-post-thumbnail","7":"category-colombia","8":"post_format-post-format-video"},"acf":[],"_links":{"self":[{"href":"https:\/\/futbolhoy.co\/index.php\/wp-json\/wp\/v2\/posts\/71931","targetHints":{"allow":["GET"]}}],"collection":[{"href":"https:\/\/futbolhoy.co\/index.php\/wp-json\/wp\/v2\/posts"}],"about":[{"href":"https:\/\/futbolhoy.co\/index.php\/wp-json\/wp\/v2\/types\/post"}],"author":[{"embeddable":true,"href":"https:\/\/futbolhoy.co\/index.php\/wp-json\/wp\/v2\/users\/5"}],"replies":[{"embeddable":true,"href":"https:\/\/futbolhoy.co\/index.php\/wp-json\/wp\/v2\/comments?post=71931"}],"version-history":[{"count":3,"href":"https:\/\/futbolhoy.co\/index.php\/wp-json\/wp\/v2\/posts\/71931\/revisions"}],"predecessor-version":[{"id":71937,"href":"https:\/\/futbolhoy.co\/index.php\/wp-json\/wp\/v2\/posts\/71931\/revisions\/71937"}],"wp:featuredmedia":[{"embeddable":true,"href":"https:\/\/futbolhoy.co\/index.php\/wp-json\/wp\/v2\/media\/71934"}],"wp:attachment":[{"href":"https:\/\/futbolhoy.co\/index.php\/wp-json\/wp\/v2\/media?parent=71931"}],"wp:term":[{"taxonomy":"category","embeddable":true,"href":"https:\/\/futbolhoy.co\/index.php\/wp-json\/wp\/v2\/categories?post=71931"},{"taxonomy":"post_tag","embeddable":true,"href":"https:\/\/futbolhoy.co\/index.php\/wp-json\/wp\/v2\/tags?post=71931"}],"curies":[{"name":"wp","href":"https:\/\/api.w.org\/{rel}","templated":true}]}}