{"id":7197,"date":"2017-10-07T09:52:53","date_gmt":"2017-10-07T14:52:53","guid":{"rendered":"http:\/\/futbolhoy.co\/?p=7197"},"modified":"2017-10-07T09:52:53","modified_gmt":"2017-10-07T14:52:53","slug":"croacia-cambia-de-tecnico-a-un-partido-de-definir-su-cupo-a-rusia","status":"publish","type":"post","link":"https:\/\/futbolhoy.co\/index.php\/2017\/10\/07\/croacia-cambia-de-tecnico-a-un-partido-de-definir-su-cupo-a-rusia\/","title":{"rendered":"Croacia cambia de t\u00e9cnico a un partido de definir su cupo a Rusia"},"content":{"rendered":"<p style=\"text-align: justify;\"><span style=\"font-weight: 400;\">El t\u00e9cnico croata <\/span><b>Zlatko Dalic<\/b><span style=\"font-weight: 400;\"> fue nombrado por la Federaci\u00f3n de su pa\u00eds como nuevo seleccionador, en sustituci\u00f3n de <\/span><b>Antom Cacic<\/b><span style=\"font-weight: 400;\">, destituido del cargo luego del empate 1-1 como local ante Finlandia, que comprometi\u00f3 su clasificaci\u00f3n al Mundial.<\/span><\/p>\n<p style=\"text-align: justify;\"><span style=\"font-weight: 400;\">Dalic, de 50 a\u00f1os, hasta hace poco entrenador del <\/span><b>Al-Ain<\/b><span style=\"font-weight: 400;\"> de Emiratos \u00c1rabes Unidos, asumir\u00e1 el cargo inmediatamente, ya que Croacia visitar\u00e1 el lunes a Ucrania en un partido donde se juega su paso a la <\/span><b>Copa Mundo<\/b><span style=\"font-weight: 400;\">.<\/span><\/p>\n<p style=\"text-align: justify;\"><span style=\"font-weight: 400;\">Croacia marcha segunda en el grupo I, empatada en puntos con Ucrania y a dos puntos de Islandia que lidera la serie y en la \u00faltima jornada recibe al colero Kosovo.<\/span><\/p>\n","protected":false},"excerpt":{"rendered":"<p>El t\u00e9cnico croata Zlatko Dalic fue nombrado por la Federaci\u00f3n de su pa\u00eds como nuevo seleccionador, en sustituci\u00f3n de Antom Cacic, destituido del cargo luego del empate 1-1 como local ante Finlandia, que comprometi\u00f3 su clasificaci\u00f3n al Mundial. Dalic, de 50 a\u00f1os, hasta hace poco entrenador del Al-Ain de Emiratos \u00c1rabes Unidos, asumir\u00e1 el cargo [&hellip;]<\/p>\n","protected":false},"author":5,"featured_media":7198,"comment_status":"open","ping_status":"closed","sticky":false,"template":"","format":"standard","meta":{"_acf_changed":false,"footnotes":""},"categories":[152],"tags":[306,126],"class_list":{"0":"post-7197","1":"post","2":"type-post","3":"status-publish","4":"format-standard","5":"has-post-thumbnail","7":"category-mundo-futbol","8":"tag-croacia","9":"tag-uefa"},"acf":[],"_links":{"self":[{"href":"https:\/\/futbolhoy.co\/index.php\/wp-json\/wp\/v2\/posts\/7197","targetHints":{"allow":["GET"]}}],"collection":[{"href":"https:\/\/futbolhoy.co\/index.php\/wp-json\/wp\/v2\/posts"}],"about":[{"href":"https:\/\/futbolhoy.co\/index.php\/wp-json\/wp\/v2\/types\/post"}],"author":[{"embeddable":true,"href":"https:\/\/futbolhoy.co\/index.php\/wp-json\/wp\/v2\/users\/5"}],"replies":[{"embeddable":true,"href":"https:\/\/futbolhoy.co\/index.php\/wp-json\/wp\/v2\/comments?post=7197"}],"version-history":[{"count":1,"href":"https:\/\/futbolhoy.co\/index.php\/wp-json\/wp\/v2\/posts\/7197\/revisions"}],"predecessor-version":[{"id":7199,"href":"https:\/\/futbolhoy.co\/index.php\/wp-json\/wp\/v2\/posts\/7197\/revisions\/7199"}],"wp:featuredmedia":[{"embeddable":true,"href":"https:\/\/futbolhoy.co\/index.php\/wp-json\/wp\/v2\/media\/7198"}],"wp:attachment":[{"href":"https:\/\/futbolhoy.co\/index.php\/wp-json\/wp\/v2\/media?parent=7197"}],"wp:term":[{"taxonomy":"category","embeddable":true,"href":"https:\/\/futbolhoy.co\/index.php\/wp-json\/wp\/v2\/categories?post=7197"},{"taxonomy":"post_tag","embeddable":true,"href":"https:\/\/futbolhoy.co\/index.php\/wp-json\/wp\/v2\/tags?post=7197"}],"curies":[{"name":"wp","href":"https:\/\/api.w.org\/{rel}","templated":true}]}}