{"id":71977,"date":"2021-11-03T18:56:52","date_gmt":"2021-11-03T23:56:52","guid":{"rendered":"https:\/\/futbolhoy.co\/?p=71977"},"modified":"2021-11-04T22:00:49","modified_gmt":"2021-11-05T03:00:49","slug":"james-regresa-a-la-seleccion-colombia","status":"publish","type":"post","link":"https:\/\/futbolhoy.co\/index.php\/2021\/11\/03\/james-regresa-a-la-seleccion-colombia\/","title":{"rendered":"James regresa a la selecci\u00f3n Colombia"},"content":{"rendered":"<p style=\"text-align: justify;\"><span style=\"font-family: helvetica, arial, sans-serif;\">El volante\u00a0<b>James Rodr\u00edguez<\/b>\u00a0se convirti\u00f3 en la principal novedad dentro de la convocatoria de 28 jugadores que realiz\u00f3 el t\u00e9cnico\u00a0<b>Reinaldo Rueda<\/b>\u00a0a la\u00a0<b>selecci\u00f3n Colombia<\/b>\u00a0para los partidos de noviembre por las eliminatorias al\u00a0<b>Mundial Qatar 2022<\/b>\u00a0contra\u00a0<b>Brasil y Paraguay<\/b>.<\/span><\/p>\n<p style=\"text-align: justify;\"><span style=\"font-family: helvetica, arial, sans-serif;\"><b>James<\/b>\u00a0volvi\u00f3 a ser tenido en cuenta desde su desvinculaci\u00f3n previa a la\u00a0<b>Copa Am\u00e9rica Brasil 2021<\/b>.<\/span><\/p>\n<p style=\"text-align: justify;\"><span style=\"font-family: helvetica, arial, sans-serif;\">En el grupo se destacan varios jugadores que reciben su primer llamado, como el portero\u00a0<b>Andr\u00e9s Mosquera Marmolejo del Medell\u00edn, Cristian Arango de Los \u00c1ngeles, Diego Valoyes de Talleres de C\u00f3rdoba, Sebasti\u00e1n G\u00f3mez de Nacional y Yeimar G\u00f3mez de Seattle Sounders<\/b>.<\/span><\/p>\n<p style=\"text-align: justify;\"><span style=\"font-family: helvetica, arial, sans-serif;\">Adem\u00e1s, regresan\u00a0<b>Oscar Murillo y Yairo Moreno del Pachuca, V\u00edctor Cantillo de Corinthians, Luis Fernando Muriel del Atalanta y Miguel \u00c1ngel Borja de Gremio<\/b>.<\/span><\/p>\n<p style=\"text-align: justify;\"><span style=\"font-family: helvetica, arial, sans-serif;\">No fueron citados por lesi\u00f3n\u00a0<b>Yerry Mina del Everton, Carlos Cuesta del Genk, Stefan Medina del Monterrey y Matheus Uribe del Porto<\/b>.<\/span><\/p>\n<p style=\"text-align: justify;\"><span style=\"font-family: helvetica, arial, sans-serif;\">Tampoco figura\u00a0<b>\u00c9der \u00c1lvarez Balanta del Brujas y Luis Sinisterra del Feyenoord<\/b>.<\/span><\/p>\n<p style=\"text-align: justify;\"><span style=\"font-family: helvetica, arial, sans-serif;\">Los jugadores que militan en el exterior (25) llegar\u00e1n directamente a\u00a0<b>Sao Paulo<\/b>\u00a0desde el fin de semana para el duelo del jueves 11 de noviembre ante los pentacampeones del mundo.<\/span><\/p>\n<p style=\"text-align: justify;\"><span style=\"font-family: helvetica, arial, sans-serif;\"><b>Lista de citados:<\/b><\/span><\/p>\n<p style=\"text-align: justify;\"><span style=\"font-family: helvetica, arial, sans-serif;\"><b>Porteros:\u00a0<\/b><\/span><\/p>\n<p style=\"text-align: justify;\"><span lang=\"IT\" style=\"font-family: helvetica, arial, sans-serif;\">David Ospina (N\u00e1poli-ITA)\u00a0<\/span><\/p>\n<p style=\"text-align: justify;\"><span style=\"font-family: helvetica, arial, sans-serif;\">Camilo Vargas (Atlas-MEX)\u00a0<\/span><\/p>\n<p style=\"text-align: justify;\"><span style=\"font-family: helvetica, arial, sans-serif;\">Andr\u00e9s Mosquera Marmolejo (Medell\u00edn)\u00a0<\/span><\/p>\n<p style=\"text-align: justify;\"><span style=\"font-family: helvetica, arial, sans-serif;\"><b>Defensas:\u00a0<\/b><\/span><\/p>\n<p style=\"text-align: justify;\"><span lang=\"IT\" style=\"font-family: helvetica, arial, sans-serif;\">Daniel Mu\u00f1oz (Genk-BEL)\u00a0<\/span><\/p>\n<p style=\"text-align: justify;\"><span lang=\"IT\" style=\"font-family: helvetica, arial, sans-serif;\">Jhon Lucum\u00ed (Genk-BEL)\u00a0<\/span><\/p>\n<p style=\"text-align: justify;\"><span lang=\"IT\" style=\"font-family: helvetica, arial, sans-serif;\">Davinson S\u00e1nchez (Tottenham-GBR)\u00a0<\/span><\/p>\n<p style=\"text-align: justify;\"><span lang=\"IT\" style=\"font-family: helvetica, arial, sans-serif;\">Johan Mojica (Elche-ESP)\u00a0<\/span><\/p>\n<p style=\"text-align: justify;\"><span style=\"font-family: helvetica, arial, sans-serif;\">William Tesillo (Le\u00f3n-MEX)\u00a0<\/span><\/p>\n<p style=\"text-align: justify;\"><span style=\"font-family: helvetica, arial, sans-serif;\">Yerson Candelo (Nacional)<\/span><\/p>\n<p style=\"text-align: justify;\"><span style=\"font-family: helvetica, arial, sans-serif;\">Yeimar G\u00f3mez (Seattle Sounders-USA)<\/span><\/p>\n<p style=\"text-align: justify;\"><span style=\"font-family: helvetica, arial, sans-serif;\">Oscar Murillo (Pachuca-MEX)\u00a0<\/span><\/p>\n<p style=\"text-align: justify;\"><span style=\"font-family: helvetica, arial, sans-serif;\">Yairo Moreno (Pachuca-MEX)<\/span><\/p>\n<p style=\"text-align: justify;\"><span style=\"font-family: helvetica, arial, sans-serif;\"><b>Volantes:\u00a0<\/b><\/span><\/p>\n<p style=\"text-align: justify;\"><span style=\"font-family: helvetica, arial, sans-serif;\">James Rodr\u00edguez (Al Rayyan-QAT)<\/span><\/p>\n<p style=\"text-align: justify;\"><span style=\"font-family: helvetica, arial, sans-serif;\">Gustavo Cuellar (Al-Hilal-KSA)\u00a0<\/span><\/p>\n<p style=\"text-align: justify;\"><span style=\"font-family: helvetica, arial, sans-serif;\">Jefferson Lerma (Bournemouth-GBR)\u00a0<\/span><\/p>\n<p style=\"text-align: justify;\"><span style=\"font-family: helvetica, arial, sans-serif;\">Juan Guillermo Cuadrado (Juventus-ITA)\u00a0<\/span><\/p>\n<p style=\"text-align: justify;\"><span style=\"font-family: helvetica, arial, sans-serif;\">Wilmar Barrios (Zenit-RUS)\u00a0<\/span><\/p>\n<p style=\"text-align: justify;\"><span style=\"font-family: helvetica, arial, sans-serif;\">V\u00edctor Cantillo (Corinthians-BRA)<\/span><\/p>\n<p style=\"text-align: justify;\"><span style=\"font-family: helvetica, arial, sans-serif;\">Sebasti\u00e1n G\u00f3mez (Nacional)<\/span><\/p>\n<p style=\"text-align: justify;\"><span style=\"font-family: helvetica, arial, sans-serif;\"><b>Delanteros:\u00a0<\/b><\/span><\/p>\n<p style=\"text-align: justify;\"><span style=\"font-family: helvetica, arial, sans-serif;\">Cristian Arango (Los \u00c1ngeles-USA)<\/span><\/p>\n<p style=\"text-align: justify;\"><span style=\"font-family: helvetica, arial, sans-serif;\">Diego Valoyes (Talleres-ARG)<\/span><\/p>\n<p style=\"text-align: justify;\"><span style=\"font-family: helvetica, arial, sans-serif;\">Duv\u00e1n Zapata (Atalanta-ITA)\u00a0<\/span><\/p>\n<p style=\"text-align: justify;\"><span style=\"font-family: helvetica, arial, sans-serif;\">Falcao Garc\u00eda (Rayo Vallecano-ESP)\u00a0<\/span><\/p>\n<p style=\"text-align: justify;\"><span style=\"font-family: helvetica, arial, sans-serif;\">Luis D\u00edaz (Porto-POR)\u00a0<\/span><\/p>\n<p style=\"text-align: justify;\"><span style=\"font-family: helvetica, arial, sans-serif;\">Rafael S\u00e1nchez Borr\u00e9 (Eintracht Frankfurt-ALE)\u00a0<\/span><\/p>\n<p style=\"text-align: justify;\"><span style=\"font-family: helvetica, arial, sans-serif;\">Roger Mart\u00ednez (Am\u00e9rica-MEX)\u00a0<\/span><\/p>\n<p style=\"text-align: justify;\"><span style=\"font-family: helvetica, arial, sans-serif;\">Miguel \u00c1ngel Borja (Gremio-BRA)\u00a0<\/span><\/p>\n<p style=\"text-align: justify;\"><span style=\"font-family: helvetica, arial, sans-serif;\">Luis Fernando Muriel (Atalanta-ITA).<\/span><\/p>\n<blockquote class=\"twitter-tweet\">\n<p dir=\"ltr\" lang=\"es\">\ud83d\udcdd \u00a1UN SOLO EQUIPO!<\/p>\n<p>Nuestras jugadoras de la Selecci\u00f3n Colombia Femenina son las elegidas para presentar los convocados por <a href=\"https:\/\/twitter.com\/ReinaldoRuedaDT?ref_src=twsrc%5Etfw\">@ReinaldoRuedaDT<\/a> para la doble fecha de noviembre de las Clasificatorias a la Copa Mundial de la FIFA Catar 2022<a href=\"https:\/\/twitter.com\/hashtag\/VamosColombia?src=hash&amp;ref_src=twsrc%5Etfw\">#VamosColombia<\/a> \ud83c\udde8\ud83c\uddf4 <a href=\"https:\/\/t.co\/hCbvyW8SrQ\">pic.twitter.com\/hCbvyW8SrQ<\/a><\/p>\n<p>\u2014 Selecci\u00f3n Colombia (@FCFSeleccionCol) <a href=\"https:\/\/twitter.com\/FCFSeleccionCol\/status\/1456040148618170368?ref_src=twsrc%5Etfw\">November 3, 2021<\/a><\/p><\/blockquote>\n<p><script async src=\"https:\/\/platform.twitter.com\/widgets.js\" charset=\"utf-8\"><\/script><\/p>\n","protected":false},"excerpt":{"rendered":"<p>El volante\u00a0James Rodr\u00edguez\u00a0se convirti\u00f3 en la principal novedad dentro de la convocatoria de 28 jugadores que realiz\u00f3 el t\u00e9cnico\u00a0Reinaldo Rueda\u00a0a la\u00a0selecci\u00f3n Colombia\u00a0para los partidos de noviembre por las eliminatorias al\u00a0Mundial Qatar 2022\u00a0contra\u00a0Brasil y Paraguay. James\u00a0volvi\u00f3 a ser tenido en cuenta desde su desvinculaci\u00f3n previa a la\u00a0Copa Am\u00e9rica Brasil 2021. En el grupo se destacan varios [&hellip;]<\/p>\n","protected":false},"author":5,"featured_media":71980,"comment_status":"open","ping_status":"closed","sticky":false,"template":"","format":"standard","meta":{"_acf_changed":false,"footnotes":""},"categories":[418],"tags":[],"class_list":{"0":"post-71977","1":"post","2":"type-post","3":"status-publish","4":"format-standard","5":"has-post-thumbnail","7":"category-colombia"},"acf":[],"_links":{"self":[{"href":"https:\/\/futbolhoy.co\/index.php\/wp-json\/wp\/v2\/posts\/71977","targetHints":{"allow":["GET"]}}],"collection":[{"href":"https:\/\/futbolhoy.co\/index.php\/wp-json\/wp\/v2\/posts"}],"about":[{"href":"https:\/\/futbolhoy.co\/index.php\/wp-json\/wp\/v2\/types\/post"}],"author":[{"embeddable":true,"href":"https:\/\/futbolhoy.co\/index.php\/wp-json\/wp\/v2\/users\/5"}],"replies":[{"embeddable":true,"href":"https:\/\/futbolhoy.co\/index.php\/wp-json\/wp\/v2\/comments?post=71977"}],"version-history":[{"count":2,"href":"https:\/\/futbolhoy.co\/index.php\/wp-json\/wp\/v2\/posts\/71977\/revisions"}],"predecessor-version":[{"id":72004,"href":"https:\/\/futbolhoy.co\/index.php\/wp-json\/wp\/v2\/posts\/71977\/revisions\/72004"}],"wp:featuredmedia":[{"embeddable":true,"href":"https:\/\/futbolhoy.co\/index.php\/wp-json\/wp\/v2\/media\/71980"}],"wp:attachment":[{"href":"https:\/\/futbolhoy.co\/index.php\/wp-json\/wp\/v2\/media?parent=71977"}],"wp:term":[{"taxonomy":"category","embeddable":true,"href":"https:\/\/futbolhoy.co\/index.php\/wp-json\/wp\/v2\/categories?post=71977"},{"taxonomy":"post_tag","embeddable":true,"href":"https:\/\/futbolhoy.co\/index.php\/wp-json\/wp\/v2\/tags?post=71977"}],"curies":[{"name":"wp","href":"https:\/\/api.w.org\/{rel}","templated":true}]}}