{"id":72005,"date":"2021-11-05T06:43:42","date_gmt":"2021-11-05T11:43:42","guid":{"rendered":"https:\/\/futbolhoy.co\/?p=72005"},"modified":"2021-11-05T22:59:21","modified_gmt":"2021-11-06T03:59:21","slug":"xavi-nuevo-tecnico-del-barcelona","status":"publish","type":"post","link":"https:\/\/futbolhoy.co\/index.php\/2021\/11\/05\/xavi-nuevo-tecnico-del-barcelona\/","title":{"rendered":"Xavi deja el Al Sadd"},"content":{"rendered":"<p style=\"text-align: justify;\"><span lang=\"ES-MX\" style=\"font-family: helvetica, arial, sans-serif;\">El\u00a0<b>Al-Sadd de Qatar<\/b>\u00a0anunci\u00f3 en sus redes sociales la salida de su entrenador, el espa\u00f1ol\u00a0<b>Xavi Hern\u00e1ndez<\/b>, quien se convertir\u00e1 en el nuevo t\u00e9cnico del\u00a0<b>Barcelona<\/b>.<\/span><\/p>\n<p style=\"text-align: justify;\"><span lang=\"ES-MX\" style=\"font-family: helvetica, arial, sans-serif;\">El director ejecutivo del club asi\u00e1tico,\u00a0<b>Turki Al-Ali<\/b>, confirmado en un comunicado el acuerdo para la partida de Xavi \u00abtras pagar la cl\u00e1usula de penalizaci\u00f3n estipulada en el contrato\u00bb (5 millones de euros).<\/span><\/p>\n<p style=\"text-align: justify;\"><span lang=\"ES-MX\" style=\"font-family: helvetica, arial, sans-serif;\">\u00abXavi nos inform\u00f3 en los \u00faltimos d\u00edas de su deseo de ir al Barcelona en este momento, en particular por la etapa cr\u00edtica que atraviesa su club de la ciudad. Lo entendemos y decidimos no interponernos en su camino. Xavi y su familia ser\u00e1n bienvenidos en\u00a0<b>Doha<\/b>\u00a0y la relaci\u00f3n continuar\u00e1\u00bb, se\u00f1ala el comunicado.<\/span><\/p>\n<p style=\"text-align: justify;\"><span lang=\"ES-MX\" style=\"font-family: helvetica, arial, sans-serif;\">Xavi permaneci\u00f3 cinco temporadas en el equipo qatar\u00ed, primero como jugador y desde 2018 como t\u00e9cnico, dejando un balance de cuatro t\u00edtulos, dos de Liga, en su etapa como futbolista activo; mientras que como entrenador sum\u00f3 siete t\u00edtulos en diferentes torneos.<\/span><\/p>\n<p style=\"text-align: justify;\"><span lang=\"ES-MX\" style=\"font-family: helvetica, arial, sans-serif;\">El ib\u00e9rico de 41 a\u00f1os llegar\u00e1 al Barcelona para ocupar el lugar del neerland\u00e9s\u00a0<b>Ronald Koeman<\/b>.<\/span><\/p>\n","protected":false},"excerpt":{"rendered":"<p>El\u00a0Al-Sadd de Qatar\u00a0anunci\u00f3 en sus redes sociales la salida de su entrenador, el espa\u00f1ol\u00a0Xavi Hern\u00e1ndez, quien se convertir\u00e1 en el nuevo t\u00e9cnico del\u00a0Barcelona. El director ejecutivo del club asi\u00e1tico,\u00a0Turki Al-Ali, confirmado en un comunicado el acuerdo para la partida de Xavi \u00abtras pagar la cl\u00e1usula de penalizaci\u00f3n estipulada en el contrato\u00bb (5 millones de euros). [&hellip;]<\/p>\n","protected":false},"author":5,"featured_media":72006,"comment_status":"open","ping_status":"closed","sticky":false,"template":"","format":"standard","meta":{"_acf_changed":false,"footnotes":""},"categories":[152],"tags":[],"class_list":{"0":"post-72005","1":"post","2":"type-post","3":"status-publish","4":"format-standard","5":"has-post-thumbnail","7":"category-mundo-futbol"},"acf":[],"_links":{"self":[{"href":"https:\/\/futbolhoy.co\/index.php\/wp-json\/wp\/v2\/posts\/72005","targetHints":{"allow":["GET"]}}],"collection":[{"href":"https:\/\/futbolhoy.co\/index.php\/wp-json\/wp\/v2\/posts"}],"about":[{"href":"https:\/\/futbolhoy.co\/index.php\/wp-json\/wp\/v2\/types\/post"}],"author":[{"embeddable":true,"href":"https:\/\/futbolhoy.co\/index.php\/wp-json\/wp\/v2\/users\/5"}],"replies":[{"embeddable":true,"href":"https:\/\/futbolhoy.co\/index.php\/wp-json\/wp\/v2\/comments?post=72005"}],"version-history":[{"count":3,"href":"https:\/\/futbolhoy.co\/index.php\/wp-json\/wp\/v2\/posts\/72005\/revisions"}],"predecessor-version":[{"id":72009,"href":"https:\/\/futbolhoy.co\/index.php\/wp-json\/wp\/v2\/posts\/72005\/revisions\/72009"}],"wp:featuredmedia":[{"embeddable":true,"href":"https:\/\/futbolhoy.co\/index.php\/wp-json\/wp\/v2\/media\/72006"}],"wp:attachment":[{"href":"https:\/\/futbolhoy.co\/index.php\/wp-json\/wp\/v2\/media?parent=72005"}],"wp:term":[{"taxonomy":"category","embeddable":true,"href":"https:\/\/futbolhoy.co\/index.php\/wp-json\/wp\/v2\/categories?post=72005"},{"taxonomy":"post_tag","embeddable":true,"href":"https:\/\/futbolhoy.co\/index.php\/wp-json\/wp\/v2\/tags?post=72005"}],"curies":[{"name":"wp","href":"https:\/\/api.w.org\/{rel}","templated":true}]}}