{"id":72017,"date":"2021-11-05T09:44:19","date_gmt":"2021-11-05T14:44:19","guid":{"rendered":"https:\/\/futbolhoy.co\/?p=72017"},"modified":"2021-11-06T06:40:20","modified_gmt":"2021-11-06T11:40:20","slug":"vinicius-por-firmino-en-brasil","status":"publish","type":"post","link":"https:\/\/futbolhoy.co\/index.php\/2021\/11\/05\/vinicius-por-firmino-en-brasil\/","title":{"rendered":"Vinicius por Firmino en Brasil"},"content":{"rendered":"<p style=\"text-align: justify;\"><span lang=\"ES-MX\" style=\"font-family: helvetica, arial, sans-serif;\">El delantero del\u00a0<b>Real Madrid, Vinicius Jr.<\/b>, fue citado por el t\u00e9cnico\u00a0<b>Tite<\/b>\u00a0a la\u00a0<b>selecci\u00f3n de Brasil<\/b>\u00a0para los partidos de eliminatorias al\u00a0<b>Mundial Qatar 2022<\/b>\u00a0ante\u00a0<b>Colombia y Argentina<\/b>.<\/span><\/p>\n<p style=\"text-align: justify;\"><span lang=\"ES-MX\" style=\"font-family: helvetica, arial, sans-serif;\">Vinicius fue llamado ante la baja por lesi\u00f3n de\u00a0<b>Roberto Firmino<\/b>, quien sufre una grave lesi\u00f3n en los isquiotibiales, seg\u00fan determinaron las pruebas realizadas por los servicios m\u00e9dicos del\u00a0<b>Liverpool<\/b>\u00a0tras el partido contra el\u00a0<b>Atl\u00e9tico de Madrid<\/b>\u00a0en la\u00a0<b>Champions<\/b>.<\/span><\/p>\n<p style=\"text-align: justify;\"><span lang=\"ES-MX\" style=\"font-family: helvetica, arial, sans-serif;\">El t\u00e9cnico alem\u00e1n\u00a0<b>J\u00fcrgen Klopp<\/b>\u00a0confirm\u00f3 la lesi\u00f3n, pero no dio a conocer cu\u00e1nto tiempo estar\u00e1 de baja.<\/span><\/p>\n<p style=\"text-align: justify;\"><span lang=\"ES-MX\" style=\"font-family: helvetica, arial, sans-serif;\">\u00abNo sabemos cu\u00e1ndo podr\u00e1 volver, pero no ser\u00e1 inmediatamente despu\u00e9s del par\u00f3n internacional\u00bb, indic\u00f3 Klopp.<\/span><\/p>\n","protected":false},"excerpt":{"rendered":"<p>El delantero del\u00a0Real Madrid, Vinicius Jr., fue citado por el t\u00e9cnico\u00a0Tite\u00a0a la\u00a0selecci\u00f3n de Brasil\u00a0para los partidos de eliminatorias al\u00a0Mundial Qatar 2022\u00a0ante\u00a0Colombia y Argentina. Vinicius fue llamado ante la baja por lesi\u00f3n de\u00a0Roberto Firmino, quien sufre una grave lesi\u00f3n en los isquiotibiales, seg\u00fan determinaron las pruebas realizadas por los servicios m\u00e9dicos del\u00a0Liverpool\u00a0tras el partido contra el\u00a0Atl\u00e9tico [&hellip;]<\/p>\n","protected":false},"author":5,"featured_media":72018,"comment_status":"open","ping_status":"closed","sticky":false,"template":"","format":"standard","meta":{"_acf_changed":false,"footnotes":""},"categories":[1965],"tags":[],"class_list":{"0":"post-72017","1":"post","2":"type-post","3":"status-publish","4":"format-standard","5":"has-post-thumbnail","7":"category-eli"},"acf":[],"_links":{"self":[{"href":"https:\/\/futbolhoy.co\/index.php\/wp-json\/wp\/v2\/posts\/72017","targetHints":{"allow":["GET"]}}],"collection":[{"href":"https:\/\/futbolhoy.co\/index.php\/wp-json\/wp\/v2\/posts"}],"about":[{"href":"https:\/\/futbolhoy.co\/index.php\/wp-json\/wp\/v2\/types\/post"}],"author":[{"embeddable":true,"href":"https:\/\/futbolhoy.co\/index.php\/wp-json\/wp\/v2\/users\/5"}],"replies":[{"embeddable":true,"href":"https:\/\/futbolhoy.co\/index.php\/wp-json\/wp\/v2\/comments?post=72017"}],"version-history":[{"count":1,"href":"https:\/\/futbolhoy.co\/index.php\/wp-json\/wp\/v2\/posts\/72017\/revisions"}],"predecessor-version":[{"id":72019,"href":"https:\/\/futbolhoy.co\/index.php\/wp-json\/wp\/v2\/posts\/72017\/revisions\/72019"}],"wp:featuredmedia":[{"embeddable":true,"href":"https:\/\/futbolhoy.co\/index.php\/wp-json\/wp\/v2\/media\/72018"}],"wp:attachment":[{"href":"https:\/\/futbolhoy.co\/index.php\/wp-json\/wp\/v2\/media?parent=72017"}],"wp:term":[{"taxonomy":"category","embeddable":true,"href":"https:\/\/futbolhoy.co\/index.php\/wp-json\/wp\/v2\/categories?post=72017"},{"taxonomy":"post_tag","embeddable":true,"href":"https:\/\/futbolhoy.co\/index.php\/wp-json\/wp\/v2\/tags?post=72017"}],"curies":[{"name":"wp","href":"https:\/\/api.w.org\/{rel}","templated":true}]}}