{"id":72020,"date":"2021-11-05T12:50:50","date_gmt":"2021-11-05T17:50:50","guid":{"rendered":"https:\/\/futbolhoy.co\/?p=72020"},"modified":"2021-11-06T08:45:21","modified_gmt":"2021-11-06T13:45:21","slug":"juventus-advirtio-cansancio-de-cuadrado","status":"publish","type":"post","link":"https:\/\/futbolhoy.co\/index.php\/2021\/11\/05\/juventus-advirtio-cansancio-de-cuadrado\/","title":{"rendered":"Juventus advirti\u00f3 cansancio de Cuadrado"},"content":{"rendered":"<p style=\"text-align: justify;\"><span style=\"font-family: helvetica, arial, sans-serif;\"><b><span lang=\"ES-MX\">Massimiliano Allegri<\/span><\/b><span lang=\"ES-MX\">, t\u00e9cnico de la\u00a0<b>Juventus<\/b>, asegur\u00f3 que\u00a0<b>Juan Guillermo Cuadrado<\/b>\u00a0est\u00e1 bien, pero que ha jugado muchos partidos y est\u00e1 un poco cansado.<\/span><\/span><\/p>\n<p style=\"text-align: justify;\"><span lang=\"ES-MX\" style=\"font-family: helvetica, arial, sans-serif;\">El entrenador no confirm\u00f3 si el colombiano jugar\u00e1 este s\u00e1bado ante la Fiorentina en la\u00a0<b>Serie A de Italia<\/b>\u00a0por la fecha n\u00famero 12.<\/span><\/p>\n<p style=\"text-align: justify;\"><span lang=\"ES-MX\" style=\"font-family: helvetica, arial, sans-serif;\">Cuadrado ha tenido poca actividad en los m\u00e1s recientes compromisos de \u2018la vieja se\u00f1ora\u2019, entre Liga y\u00a0<b>Champions<\/b>\u00a0y hace parte de la convocatoria del t\u00e9cnico\u00a0<b>Reinaldo Rueda<\/b>\u00a0para los partidos de eliminatorias de la\u00a0<b>selecci\u00f3n Colombia<\/b>\u00a0ante\u00a0<b>Brasil y Paraguay<\/b>.<\/span><\/p>\n<p style=\"text-align: justify;\"><span lang=\"ES-MX\" style=\"font-family: helvetica, arial, sans-serif;\">El lateral-volante de 33 a\u00f1os ha disputado 18 partidos este semestre entre su club y la selecci\u00f3n.<\/span><\/p>\n","protected":false},"excerpt":{"rendered":"<p>Massimiliano Allegri, t\u00e9cnico de la\u00a0Juventus, asegur\u00f3 que\u00a0Juan Guillermo Cuadrado\u00a0est\u00e1 bien, pero que ha jugado muchos partidos y est\u00e1 un poco cansado. El entrenador no confirm\u00f3 si el colombiano jugar\u00e1 este s\u00e1bado ante la Fiorentina en la\u00a0Serie A de Italia\u00a0por la fecha n\u00famero 12. Cuadrado ha tenido poca actividad en los m\u00e1s recientes compromisos de \u2018la [&hellip;]<\/p>\n","protected":false},"author":5,"featured_media":72025,"comment_status":"open","ping_status":"closed","sticky":false,"template":"","format":"standard","meta":{"_acf_changed":false,"footnotes":""},"categories":[418],"tags":[],"class_list":{"0":"post-72020","1":"post","2":"type-post","3":"status-publish","4":"format-standard","5":"has-post-thumbnail","7":"category-colombia"},"acf":[],"_links":{"self":[{"href":"https:\/\/futbolhoy.co\/index.php\/wp-json\/wp\/v2\/posts\/72020","targetHints":{"allow":["GET"]}}],"collection":[{"href":"https:\/\/futbolhoy.co\/index.php\/wp-json\/wp\/v2\/posts"}],"about":[{"href":"https:\/\/futbolhoy.co\/index.php\/wp-json\/wp\/v2\/types\/post"}],"author":[{"embeddable":true,"href":"https:\/\/futbolhoy.co\/index.php\/wp-json\/wp\/v2\/users\/5"}],"replies":[{"embeddable":true,"href":"https:\/\/futbolhoy.co\/index.php\/wp-json\/wp\/v2\/comments?post=72020"}],"version-history":[{"count":1,"href":"https:\/\/futbolhoy.co\/index.php\/wp-json\/wp\/v2\/posts\/72020\/revisions"}],"predecessor-version":[{"id":72026,"href":"https:\/\/futbolhoy.co\/index.php\/wp-json\/wp\/v2\/posts\/72020\/revisions\/72026"}],"wp:featuredmedia":[{"embeddable":true,"href":"https:\/\/futbolhoy.co\/index.php\/wp-json\/wp\/v2\/media\/72025"}],"wp:attachment":[{"href":"https:\/\/futbolhoy.co\/index.php\/wp-json\/wp\/v2\/media?parent=72020"}],"wp:term":[{"taxonomy":"category","embeddable":true,"href":"https:\/\/futbolhoy.co\/index.php\/wp-json\/wp\/v2\/categories?post=72020"},{"taxonomy":"post_tag","embeddable":true,"href":"https:\/\/futbolhoy.co\/index.php\/wp-json\/wp\/v2\/tags?post=72020"}],"curies":[{"name":"wp","href":"https:\/\/api.w.org\/{rel}","templated":true}]}}