{"id":72211,"date":"2021-11-10T06:48:03","date_gmt":"2021-11-10T11:48:03","guid":{"rendered":"https:\/\/futbolhoy.co\/?p=72211"},"modified":"2021-11-10T22:08:03","modified_gmt":"2021-11-11T03:08:03","slug":"chicho-arango-el-unico-que-falta-por-llegar","status":"publish","type":"post","link":"https:\/\/futbolhoy.co\/index.php\/2021\/11\/10\/chicho-arango-el-unico-que-falta-por-llegar\/","title":{"rendered":"\u2018Chicho\u2019 Arango el \u00fanico que falta por llegar"},"content":{"rendered":"<p style=\"text-align: justify;\"><span style=\"font-family: helvetica, arial, sans-serif;\">El media punta antioque\u00f1o\u00a0<b>Cristian \u2018Chicho\u2019 Arango<\/b>\u00a0es el \u00fanico citado por el t\u00e9cnico\u00a0<b>Reinaldo Rueda<\/b>\u00a0que a\u00fan falta por unirse a la concentraci\u00f3n de la\u00a0<b>selecci\u00f3n Colombia\u00a0<\/b>en\u00a0<b>Brasil<\/b>, para el partido de este jueves contra los auriverdes por las eliminatorias al\u00a0<b>Mundial de Qatar 2022<\/b>.<\/span><\/p>\n<p style=\"text-align: justify;\"><span style=\"font-family: helvetica, arial, sans-serif;\">El combinado nacional entren\u00f3 con 25 jugadores este martes, de cara al compromiso, programado para las 7.30PM, luego de que se incorporaran 10 de los elementos convocados.<\/span><\/p>\n<p style=\"text-align: justify;\"><span style=\"font-family: helvetica, arial, sans-serif;\">Rueda no llam\u00f3 ning\u00fan jugador para reemplazar a los lesionados\u00a0<b>Falcao Garc\u00eda y \u00d3scar Murillo<\/b>.<\/span><\/p>\n<p style=\"text-align: justify;\"><span style=\"font-family: helvetica, arial, sans-serif;\">La mayor incertidumbre al interior del equipo se encuentra en los jugadores que actuar\u00e1n como defensas centrales, ya que\u00a0<b>Yerry Mina y Carlos Cuesta<\/b>, quienes fueron titulares en la anterior serie de partidos clasificatorios, se encuentra lesionados, junto a Murillo.<\/span><\/p>\n<p style=\"text-align: justify;\"><span style=\"font-family: helvetica, arial, sans-serif;\">Las posibilidades son\u00a0<b>D\u00e1vinson S\u00e1nchez, Yilmar G\u00f3mez, Jhon Lucum\u00ed y William Tesillo.<\/b><\/span><\/p>\n","protected":false},"excerpt":{"rendered":"<p>El media punta antioque\u00f1o\u00a0Cristian \u2018Chicho\u2019 Arango\u00a0es el \u00fanico citado por el t\u00e9cnico\u00a0Reinaldo Rueda\u00a0que a\u00fan falta por unirse a la concentraci\u00f3n de la\u00a0selecci\u00f3n Colombia\u00a0en\u00a0Brasil, para el partido de este jueves contra los auriverdes por las eliminatorias al\u00a0Mundial de Qatar 2022. El combinado nacional entren\u00f3 con 25 jugadores este martes, de cara al compromiso, programado para las [&hellip;]<\/p>\n","protected":false},"author":5,"featured_media":72213,"comment_status":"open","ping_status":"open","sticky":false,"template":"","format":"standard","meta":{"_acf_changed":false,"footnotes":""},"categories":[418,5],"tags":[],"class_list":{"0":"post-72211","1":"post","2":"type-post","3":"status-publish","4":"format-standard","5":"has-post-thumbnail","7":"category-colombia","8":"category-destacados"},"acf":[],"yoast_head":"<!-- This site is optimized with the Yoast SEO plugin v26.8 - https:\/\/yoast.com\/product\/yoast-seo-wordpress\/ -->\n<title>\u2018Chicho\u2019 Arango el \u00fanico que falta por llegar -<\/title>\n<meta name=\"robots\" content=\"index, follow, max-snippet:-1, max-image-preview:large, max-video-preview:-1\" \/>\n<link rel=\"canonical\" href=\"https:\/\/futbolhoy.co\/index.php\/2021\/11\/10\/chicho-arango-el-unico-que-falta-por-llegar\/\" \/>\n<meta property=\"og:locale\" content=\"es_ES\" \/>\n<meta property=\"og:type\" content=\"article\" \/>\n<meta property=\"og:title\" content=\"\u2018Chicho\u2019 Arango el \u00fanico que falta por llegar -\" \/>\n<meta property=\"og:description\" content=\"El media punta antioque\u00f1o\u00a0Cristian \u2018Chicho\u2019 Arango\u00a0es el \u00fanico citado por el t\u00e9cnico\u00a0Reinaldo Rueda\u00a0que a\u00fan falta por unirse a la concentraci\u00f3n de la\u00a0selecci\u00f3n Colombia\u00a0en\u00a0Brasil, para el partido de este jueves contra los auriverdes por las eliminatorias al\u00a0Mundial de Qatar 2022. El combinado nacional entren\u00f3 con 25 jugadores este martes, de cara al compromiso, programado para las [&hellip;]\" \/>\n<meta property=\"og:url\" content=\"https:\/\/futbolhoy.co\/index.php\/2021\/11\/10\/chicho-arango-el-unico-que-falta-por-llegar\/\" \/>\n<meta property=\"article:publisher\" content=\"https:\/\/www.facebook.com\/FutbolHoyCol\/\" \/>\n<meta property=\"article:published_time\" content=\"2021-11-10T11:48:03+00:00\" \/>\n<meta property=\"article:modified_time\" content=\"2021-11-11T03:08:03+00:00\" \/>\n<meta property=\"og:image\" content=\"https:\/\/futbolhoy.co\/wp-content\/uploads\/2021\/11\/DSC_8265-1-scaled.jpg\" \/>\n\t<meta property=\"og:image:width\" content=\"2560\" \/>\n\t<meta property=\"og:image:height\" content=\"1709\" \/>\n\t<meta property=\"og:image:type\" content=\"image\/jpeg\" \/>\n<meta name=\"author\" content=\"Laura Hern\u00e1ndez\" \/>\n<meta name=\"twitter:card\" content=\"summary_large_image\" \/>\n<meta name=\"twitter:creator\" content=\"@FutbolHoyCol\" \/>\n<meta name=\"twitter:site\" content=\"@FutbolHoyCol\" \/>\n<meta name=\"twitter:label1\" content=\"Escrito por\" \/>\n\t<meta name=\"twitter:data1\" content=\"Laura Hern\u00e1ndez\" \/>\n\t<meta name=\"twitter:label2\" content=\"Tiempo de lectura\" \/>\n\t<meta name=\"twitter:data2\" content=\"1 minuto\" \/>\n<script type=\"application\/ld+json\" class=\"yoast-schema-graph\">{\"@context\":\"https:\/\/schema.org\",\"@graph\":[{\"@type\":\"Article\",\"@id\":\"https:\/\/futbolhoy.co\/index.php\/2021\/11\/10\/chicho-arango-el-unico-que-falta-por-llegar\/#article\",\"isPartOf\":{\"@id\":\"https:\/\/futbolhoy.co\/index.php\/2021\/11\/10\/chicho-arango-el-unico-que-falta-por-llegar\/\"},\"author\":{\"name\":\"Laura Hern\u00e1ndez\",\"@id\":\"https:\/\/futbolhoy.co\/#\/schema\/person\/c4a353a512b127643723a34bb1812f7d\"},\"headline\":\"\u2018Chicho\u2019 Arango el \u00fanico que falta por llegar\",\"datePublished\":\"2021-11-10T11:48:03+00:00\",\"dateModified\":\"2021-11-11T03:08:03+00:00\",\"mainEntityOfPage\":{\"@id\":\"https:\/\/futbolhoy.co\/index.php\/2021\/11\/10\/chicho-arango-el-unico-que-falta-por-llegar\/\"},\"wordCount\":157,\"commentCount\":0,\"publisher\":{\"@id\":\"https:\/\/futbolhoy.co\/#organization\"},\"image\":{\"@id\":\"https:\/\/futbolhoy.co\/index.php\/2021\/11\/10\/chicho-arango-el-unico-que-falta-por-llegar\/#primaryimage\"},\"thumbnailUrl\":\"https:\/\/futbolhoy.co\/wp-content\/uploads\/2021\/11\/DSC_8265-1-scaled.jpg\",\"articleSection\":[\"Colombia\",\"Destacados\"],\"inLanguage\":\"es\",\"potentialAction\":[{\"@type\":\"CommentAction\",\"name\":\"Comment\",\"target\":[\"https:\/\/futbolhoy.co\/index.php\/2021\/11\/10\/chicho-arango-el-unico-que-falta-por-llegar\/#respond\"]}]},{\"@type\":\"WebPage\",\"@id\":\"https:\/\/futbolhoy.co\/index.php\/2021\/11\/10\/chicho-arango-el-unico-que-falta-por-llegar\/\",\"url\":\"https:\/\/futbolhoy.co\/index.php\/2021\/11\/10\/chicho-arango-el-unico-que-falta-por-llegar\/\",\"name\":\"\u2018Chicho\u2019 Arango el \u00fanico que falta por llegar -\",\"isPartOf\":{\"@id\":\"https:\/\/futbolhoy.co\/#website\"},\"primaryImageOfPage\":{\"@id\":\"https:\/\/futbolhoy.co\/index.php\/2021\/11\/10\/chicho-arango-el-unico-que-falta-por-llegar\/#primaryimage\"},\"image\":{\"@id\":\"https:\/\/futbolhoy.co\/index.php\/2021\/11\/10\/chicho-arango-el-unico-que-falta-por-llegar\/#primaryimage\"},\"thumbnailUrl\":\"https:\/\/futbolhoy.co\/wp-content\/uploads\/2021\/11\/DSC_8265-1-scaled.jpg\",\"datePublished\":\"2021-11-10T11:48:03+00:00\",\"dateModified\":\"2021-11-11T03:08:03+00:00\",\"breadcrumb\":{\"@id\":\"https:\/\/futbolhoy.co\/index.php\/2021\/11\/10\/chicho-arango-el-unico-que-falta-por-llegar\/#breadcrumb\"},\"inLanguage\":\"es\",\"potentialAction\":[{\"@type\":\"ReadAction\",\"target\":[\"https:\/\/futbolhoy.co\/index.php\/2021\/11\/10\/chicho-arango-el-unico-que-falta-por-llegar\/\"]}]},{\"@type\":\"ImageObject\",\"inLanguage\":\"es\",\"@id\":\"https:\/\/futbolhoy.co\/index.php\/2021\/11\/10\/chicho-arango-el-unico-que-falta-por-llegar\/#primaryimage\",\"url\":\"https:\/\/futbolhoy.co\/wp-content\/uploads\/2021\/11\/DSC_8265-1-scaled.jpg\",\"contentUrl\":\"https:\/\/futbolhoy.co\/wp-content\/uploads\/2021\/11\/DSC_8265-1-scaled.jpg\",\"width\":2560,\"height\":1709},{\"@type\":\"BreadcrumbList\",\"@id\":\"https:\/\/futbolhoy.co\/index.php\/2021\/11\/10\/chicho-arango-el-unico-que-falta-por-llegar\/#breadcrumb\",\"itemListElement\":[{\"@type\":\"ListItem\",\"position\":1,\"name\":\"Portada\",\"item\":\"https:\/\/futbolhoy.co\/\"},{\"@type\":\"ListItem\",\"position\":2,\"name\":\"\u2018Chicho\u2019 Arango el \u00fanico que falta por llegar\"}]},{\"@type\":\"WebSite\",\"@id\":\"https:\/\/futbolhoy.co\/#website\",\"url\":\"https:\/\/futbolhoy.co\/\",\"name\":\"FutbolHoy\",\"description\":\"\",\"publisher\":{\"@id\":\"https:\/\/futbolhoy.co\/#organization\"},\"potentialAction\":[{\"@type\":\"SearchAction\",\"target\":{\"@type\":\"EntryPoint\",\"urlTemplate\":\"https:\/\/futbolhoy.co\/?s={search_term_string}\"},\"query-input\":{\"@type\":\"PropertyValueSpecification\",\"valueRequired\":true,\"valueName\":\"search_term_string\"}}],\"inLanguage\":\"es\"},{\"@type\":\"Organization\",\"@id\":\"https:\/\/futbolhoy.co\/#organization\",\"name\":\"Futbolhoy.co\",\"url\":\"https:\/\/futbolhoy.co\/\",\"logo\":{\"@type\":\"ImageObject\",\"inLanguage\":\"es\",\"@id\":\"https:\/\/futbolhoy.co\/#\/schema\/logo\/image\/\",\"url\":\"https:\/\/futbolhoy.co\/wp-content\/uploads\/2018\/08\/17426380_1906371736249227_6326180412931521141_n.jpg\",\"contentUrl\":\"https:\/\/futbolhoy.co\/wp-content\/uploads\/2018\/08\/17426380_1906371736249227_6326180412931521141_n.jpg\",\"width\":960,\"height\":960,\"caption\":\"Futbolhoy.co\"},\"image\":{\"@id\":\"https:\/\/futbolhoy.co\/#\/schema\/logo\/image\/\"},\"sameAs\":[\"https:\/\/www.facebook.com\/FutbolHoyCol\/\",\"https:\/\/x.com\/FutbolHoyCol\",\"https:\/\/www.instagram.com\/futbolhoycol\/\"]},{\"@type\":\"Person\",\"@id\":\"https:\/\/futbolhoy.co\/#\/schema\/person\/c4a353a512b127643723a34bb1812f7d\",\"name\":\"Laura Hern\u00e1ndez\",\"image\":{\"@type\":\"ImageObject\",\"inLanguage\":\"es\",\"@id\":\"https:\/\/futbolhoy.co\/#\/schema\/person\/image\/\",\"url\":\"https:\/\/secure.gravatar.com\/avatar\/d25959a15b9b293a743f99181c7cfd01?s=96&d=mm&r=g\",\"contentUrl\":\"https:\/\/secure.gravatar.com\/avatar\/d25959a15b9b293a743f99181c7cfd01?s=96&d=mm&r=g\",\"caption\":\"Laura Hern\u00e1ndez\"}}]}<\/script>\n<!-- \/ Yoast SEO plugin. -->","yoast_head_json":{"title":"\u2018Chicho\u2019 Arango el \u00fanico que falta por llegar -","robots":{"index":"index","follow":"follow","max-snippet":"max-snippet:-1","max-image-preview":"max-image-preview:large","max-video-preview":"max-video-preview:-1"},"canonical":"https:\/\/futbolhoy.co\/index.php\/2021\/11\/10\/chicho-arango-el-unico-que-falta-por-llegar\/","og_locale":"es_ES","og_type":"article","og_title":"\u2018Chicho\u2019 Arango el \u00fanico que falta por llegar -","og_description":"El media punta antioque\u00f1o\u00a0Cristian \u2018Chicho\u2019 Arango\u00a0es el \u00fanico citado por el t\u00e9cnico\u00a0Reinaldo Rueda\u00a0que a\u00fan falta por unirse a la concentraci\u00f3n de la\u00a0selecci\u00f3n Colombia\u00a0en\u00a0Brasil, para el partido de este jueves contra los auriverdes por las eliminatorias al\u00a0Mundial de Qatar 2022. El combinado nacional entren\u00f3 con 25 jugadores este martes, de cara al compromiso, programado para las [&hellip;]","og_url":"https:\/\/futbolhoy.co\/index.php\/2021\/11\/10\/chicho-arango-el-unico-que-falta-por-llegar\/","article_publisher":"https:\/\/www.facebook.com\/FutbolHoyCol\/","article_published_time":"2021-11-10T11:48:03+00:00","article_modified_time":"2021-11-11T03:08:03+00:00","og_image":[{"width":2560,"height":1709,"url":"https:\/\/futbolhoy.co\/wp-content\/uploads\/2021\/11\/DSC_8265-1-scaled.jpg","type":"image\/jpeg"}],"author":"Laura Hern\u00e1ndez","twitter_card":"summary_large_image","twitter_creator":"@FutbolHoyCol","twitter_site":"@FutbolHoyCol","twitter_misc":{"Escrito por":"Laura Hern\u00e1ndez","Tiempo de lectura":"1 minuto"},"schema":{"@context":"https:\/\/schema.org","@graph":[{"@type":"Article","@id":"https:\/\/futbolhoy.co\/index.php\/2021\/11\/10\/chicho-arango-el-unico-que-falta-por-llegar\/#article","isPartOf":{"@id":"https:\/\/futbolhoy.co\/index.php\/2021\/11\/10\/chicho-arango-el-unico-que-falta-por-llegar\/"},"author":{"name":"Laura Hern\u00e1ndez","@id":"https:\/\/futbolhoy.co\/#\/schema\/person\/c4a353a512b127643723a34bb1812f7d"},"headline":"\u2018Chicho\u2019 Arango el \u00fanico que falta por llegar","datePublished":"2021-11-10T11:48:03+00:00","dateModified":"2021-11-11T03:08:03+00:00","mainEntityOfPage":{"@id":"https:\/\/futbolhoy.co\/index.php\/2021\/11\/10\/chicho-arango-el-unico-que-falta-por-llegar\/"},"wordCount":157,"commentCount":0,"publisher":{"@id":"https:\/\/futbolhoy.co\/#organization"},"image":{"@id":"https:\/\/futbolhoy.co\/index.php\/2021\/11\/10\/chicho-arango-el-unico-que-falta-por-llegar\/#primaryimage"},"thumbnailUrl":"https:\/\/futbolhoy.co\/wp-content\/uploads\/2021\/11\/DSC_8265-1-scaled.jpg","articleSection":["Colombia","Destacados"],"inLanguage":"es","potentialAction":[{"@type":"CommentAction","name":"Comment","target":["https:\/\/futbolhoy.co\/index.php\/2021\/11\/10\/chicho-arango-el-unico-que-falta-por-llegar\/#respond"]}]},{"@type":"WebPage","@id":"https:\/\/futbolhoy.co\/index.php\/2021\/11\/10\/chicho-arango-el-unico-que-falta-por-llegar\/","url":"https:\/\/futbolhoy.co\/index.php\/2021\/11\/10\/chicho-arango-el-unico-que-falta-por-llegar\/","name":"\u2018Chicho\u2019 Arango el \u00fanico que falta por llegar -","isPartOf":{"@id":"https:\/\/futbolhoy.co\/#website"},"primaryImageOfPage":{"@id":"https:\/\/futbolhoy.co\/index.php\/2021\/11\/10\/chicho-arango-el-unico-que-falta-por-llegar\/#primaryimage"},"image":{"@id":"https:\/\/futbolhoy.co\/index.php\/2021\/11\/10\/chicho-arango-el-unico-que-falta-por-llegar\/#primaryimage"},"thumbnailUrl":"https:\/\/futbolhoy.co\/wp-content\/uploads\/2021\/11\/DSC_8265-1-scaled.jpg","datePublished":"2021-11-10T11:48:03+00:00","dateModified":"2021-11-11T03:08:03+00:00","breadcrumb":{"@id":"https:\/\/futbolhoy.co\/index.php\/2021\/11\/10\/chicho-arango-el-unico-que-falta-por-llegar\/#breadcrumb"},"inLanguage":"es","potentialAction":[{"@type":"ReadAction","target":["https:\/\/futbolhoy.co\/index.php\/2021\/11\/10\/chicho-arango-el-unico-que-falta-por-llegar\/"]}]},{"@type":"ImageObject","inLanguage":"es","@id":"https:\/\/futbolhoy.co\/index.php\/2021\/11\/10\/chicho-arango-el-unico-que-falta-por-llegar\/#primaryimage","url":"https:\/\/futbolhoy.co\/wp-content\/uploads\/2021\/11\/DSC_8265-1-scaled.jpg","contentUrl":"https:\/\/futbolhoy.co\/wp-content\/uploads\/2021\/11\/DSC_8265-1-scaled.jpg","width":2560,"height":1709},{"@type":"BreadcrumbList","@id":"https:\/\/futbolhoy.co\/index.php\/2021\/11\/10\/chicho-arango-el-unico-que-falta-por-llegar\/#breadcrumb","itemListElement":[{"@type":"ListItem","position":1,"name":"Portada","item":"https:\/\/futbolhoy.co\/"},{"@type":"ListItem","position":2,"name":"\u2018Chicho\u2019 Arango el \u00fanico que falta por llegar"}]},{"@type":"WebSite","@id":"https:\/\/futbolhoy.co\/#website","url":"https:\/\/futbolhoy.co\/","name":"FutbolHoy","description":"","publisher":{"@id":"https:\/\/futbolhoy.co\/#organization"},"potentialAction":[{"@type":"SearchAction","target":{"@type":"EntryPoint","urlTemplate":"https:\/\/futbolhoy.co\/?s={search_term_string}"},"query-input":{"@type":"PropertyValueSpecification","valueRequired":true,"valueName":"search_term_string"}}],"inLanguage":"es"},{"@type":"Organization","@id":"https:\/\/futbolhoy.co\/#organization","name":"Futbolhoy.co","url":"https:\/\/futbolhoy.co\/","logo":{"@type":"ImageObject","inLanguage":"es","@id":"https:\/\/futbolhoy.co\/#\/schema\/logo\/image\/","url":"https:\/\/futbolhoy.co\/wp-content\/uploads\/2018\/08\/17426380_1906371736249227_6326180412931521141_n.jpg","contentUrl":"https:\/\/futbolhoy.co\/wp-content\/uploads\/2018\/08\/17426380_1906371736249227_6326180412931521141_n.jpg","width":960,"height":960,"caption":"Futbolhoy.co"},"image":{"@id":"https:\/\/futbolhoy.co\/#\/schema\/logo\/image\/"},"sameAs":["https:\/\/www.facebook.com\/FutbolHoyCol\/","https:\/\/x.com\/FutbolHoyCol","https:\/\/www.instagram.com\/futbolhoycol\/"]},{"@type":"Person","@id":"https:\/\/futbolhoy.co\/#\/schema\/person\/c4a353a512b127643723a34bb1812f7d","name":"Laura Hern\u00e1ndez","image":{"@type":"ImageObject","inLanguage":"es","@id":"https:\/\/futbolhoy.co\/#\/schema\/person\/image\/","url":"https:\/\/secure.gravatar.com\/avatar\/d25959a15b9b293a743f99181c7cfd01?s=96&d=mm&r=g","contentUrl":"https:\/\/secure.gravatar.com\/avatar\/d25959a15b9b293a743f99181c7cfd01?s=96&d=mm&r=g","caption":"Laura Hern\u00e1ndez"}}]}},"publishpress_future_action":{"enabled":false,"date":"2026-05-03 08:04:00","action":"change-status","newStatus":"draft","terms":[],"taxonomy":"category","extraData":[]},"publishpress_future_workflow_manual_trigger":{"enabledWorkflows":[]},"_links":{"self":[{"href":"https:\/\/futbolhoy.co\/index.php\/wp-json\/wp\/v2\/posts\/72211","targetHints":{"allow":["GET"]}}],"collection":[{"href":"https:\/\/futbolhoy.co\/index.php\/wp-json\/wp\/v2\/posts"}],"about":[{"href":"https:\/\/futbolhoy.co\/index.php\/wp-json\/wp\/v2\/types\/post"}],"author":[{"embeddable":true,"href":"https:\/\/futbolhoy.co\/index.php\/wp-json\/wp\/v2\/users\/5"}],"replies":[{"embeddable":true,"href":"https:\/\/futbolhoy.co\/index.php\/wp-json\/wp\/v2\/comments?post=72211"}],"version-history":[{"count":1,"href":"https:\/\/futbolhoy.co\/index.php\/wp-json\/wp\/v2\/posts\/72211\/revisions"}],"predecessor-version":[{"id":72214,"href":"https:\/\/futbolhoy.co\/index.php\/wp-json\/wp\/v2\/posts\/72211\/revisions\/72214"}],"wp:featuredmedia":[{"embeddable":true,"href":"https:\/\/futbolhoy.co\/index.php\/wp-json\/wp\/v2\/media\/72213"}],"wp:attachment":[{"href":"https:\/\/futbolhoy.co\/index.php\/wp-json\/wp\/v2\/media?parent=72211"}],"wp:term":[{"taxonomy":"category","embeddable":true,"href":"https:\/\/futbolhoy.co\/index.php\/wp-json\/wp\/v2\/categories?post=72211"},{"taxonomy":"post_tag","embeddable":true,"href":"https:\/\/futbolhoy.co\/index.php\/wp-json\/wp\/v2\/tags?post=72211"}],"curies":[{"name":"wp","href":"https:\/\/api.w.org\/{rel}","templated":true}]}}