{"id":72215,"date":"2021-11-10T08:05:41","date_gmt":"2021-11-10T13:05:41","guid":{"rendered":"https:\/\/futbolhoy.co\/?p=72215"},"modified":"2021-11-10T22:08:22","modified_gmt":"2021-11-11T03:08:22","slug":"juanfer-asegura-tener-las-puertas-abiertas-en-river-plate","status":"publish","type":"post","link":"https:\/\/futbolhoy.co\/index.php\/2021\/11\/10\/juanfer-asegura-tener-las-puertas-abiertas-en-river-plate\/","title":{"rendered":"Juanfer asegura tener las puertas abiertas en River Plate"},"content":{"rendered":"<!--[if lt IE 9]><script>document.createElement('audio');<\/script><![endif]-->\n<audio class=\"wp-audio-shortcode\" id=\"audio-72215-1\" preload=\"none\" style=\"width: 100%;\" controls=\"controls\"><source type=\"audio\/mpeg\" src=\"https:\/\/futbolhoy.co\/wp-content\/uploads\/2021\/11\/Juan-Fernando-Quintero-volante-del-Shenzhen-chino..mp3?_=1\" \/><a href=\"https:\/\/futbolhoy.co\/wp-content\/uploads\/2021\/11\/Juan-Fernando-Quintero-volante-del-Shenzhen-chino..mp3\">https:\/\/futbolhoy.co\/wp-content\/uploads\/2021\/11\/Juan-Fernando-Quintero-volante-del-Shenzhen-chino..mp3<\/a><\/audio>\n<p><span style=\"font-family: helvetica, arial, sans-serif; font-size: 10pt;\"><strong><em>Juan Fernando Quintero, volante del Shenzhen chino<\/em><\/strong><\/span><\/p>\n<p style=\"text-align: justify;\"><span style=\"font-family: helvetica, arial, sans-serif;\">El volante colombiano\u00a0<b>Juan Fernando Quintero<\/b>\u00a0se mostr\u00f3 optimista en tener la posibilidad de regresar a\u00a0<b>River Plate<\/b>\u00a0en un futuro cercano, al considerar que dej\u00f3 las puertas abiertas en el club.<\/span><\/p>\n<p style=\"text-align: justify;\"><span style=\"font-family: helvetica, arial, sans-serif;\">\u201cUno nunca sabe, cuando uno hace cosas buenas y las personas lo marcan, las puertas quedan abiertas, sobre todo con los dirigentes, con el entrenador, con los muchachos. Eso fue lo que me pas\u00f3 en la\u00a0<b>Argentina<\/b>, River cambi\u00f3 mi vida y el d\u00eda que me toque tomar la decisi\u00f3n de retornar, seguramente lo hablar\u00e9 y no habr\u00e1 ning\u00fan tipo de problema\u201d, manifest\u00f3 Quintero en el\u00a0<i>S\u00faper Deportivo Radio.<\/i><\/span><\/p>\n<p style=\"text-align: justify;\"><span style=\"font-family: helvetica, arial, sans-serif;\">\u201cEn River viv\u00ed los a\u00f1os m\u00e1s importantes de mi carrera. Lament\u00e9 irme y no ver a los hinchas, por la pandemia. Vivo el d\u00eda a d\u00eda y ellos saben que nos mantenemos en contacto\u201d, agreg\u00f3 el jugador.<\/span><\/p>\n<p style=\"text-align: justify;\"><span style=\"font-family: helvetica, arial, sans-serif;\">Quintero elogi\u00f3 en la nota la pasi\u00f3n y el ejemplo que como jugadores entregaron\u00a0<b>Juan Rom\u00e1n Riquleme, Marcelo Gallardo y Pablo Aimar<\/b>.<\/span><\/p>\n<p style=\"text-align: justify;\"><span style=\"font-family: helvetica, arial, sans-serif;\">El volante de 28 a\u00f1os, quien milita actualmente en el\u00a0<b>Shenzhen de China<\/b>, tendr\u00eda inter\u00e9s en regresar al conjunto \u2018millonario\u2019 para recuperar su nivel futbol\u00edstico y poder ser considerado para integrar la selecci\u00f3n Colombia rumbo al\u00a0<b>Mundial de Qatar 2022<\/b>; y en caso de clasificar, asistir a la\u00a0<b>Copa Mundo<\/b>.<\/span><\/p>\n","protected":false},"excerpt":{"rendered":"<p>Juan Fernando Quintero, volante del Shenzhen chino El volante colombiano\u00a0Juan Fernando Quintero\u00a0se mostr\u00f3 optimista en tener la posibilidad de regresar a\u00a0River Plate\u00a0en un futuro cercano, al considerar que dej\u00f3 las puertas abiertas en el club. \u201cUno nunca sabe, cuando uno hace cosas buenas y las personas lo marcan, las puertas quedan abiertas, sobre todo con [&hellip;]<\/p>\n","protected":false},"author":5,"featured_media":72217,"comment_status":"open","ping_status":"open","sticky":false,"template":"","format":"video","meta":{"_acf_changed":false,"footnotes":""},"categories":[418,5],"tags":[],"class_list":{"0":"post-72215","1":"post","2":"type-post","3":"status-publish","4":"format-video","5":"has-post-thumbnail","7":"category-colombia","8":"category-destacados","9":"post_format-post-format-video"},"acf":[],"yoast_head":"<!-- This site is optimized with the Yoast SEO plugin v26.8 - https:\/\/yoast.com\/product\/yoast-seo-wordpress\/ -->\n<title>Juanfer asegura tener las puertas abiertas en River Plate -<\/title>\n<meta name=\"robots\" content=\"index, follow, max-snippet:-1, max-image-preview:large, max-video-preview:-1\" \/>\n<link rel=\"canonical\" href=\"https:\/\/futbolhoy.co\/index.php\/2021\/11\/10\/juanfer-asegura-tener-las-puertas-abiertas-en-river-plate\/\" \/>\n<meta property=\"og:locale\" content=\"es_ES\" \/>\n<meta property=\"og:type\" content=\"article\" \/>\n<meta property=\"og:title\" content=\"Juanfer asegura tener las puertas abiertas en River Plate -\" \/>\n<meta property=\"og:description\" content=\"Juan Fernando Quintero, volante del Shenzhen chino El volante colombiano\u00a0Juan Fernando Quintero\u00a0se mostr\u00f3 optimista en tener la posibilidad de regresar a\u00a0River Plate\u00a0en un futuro cercano, al considerar que dej\u00f3 las puertas abiertas en el club. \u201cUno nunca sabe, cuando uno hace cosas buenas y las personas lo marcan, las puertas quedan abiertas, sobre todo con [&hellip;]\" \/>\n<meta property=\"og:url\" content=\"https:\/\/futbolhoy.co\/index.php\/2021\/11\/10\/juanfer-asegura-tener-las-puertas-abiertas-en-river-plate\/\" \/>\n<meta property=\"article:publisher\" content=\"https:\/\/www.facebook.com\/FutbolHoyCol\/\" \/>\n<meta property=\"article:published_time\" content=\"2021-11-10T13:05:41+00:00\" \/>\n<meta property=\"article:modified_time\" content=\"2021-11-11T03:08:22+00:00\" \/>\n<meta property=\"og:image\" content=\"https:\/\/futbolhoy.co\/wp-content\/uploads\/2021\/11\/16364960206502.jpg\" \/>\n\t<meta property=\"og:image:width\" content=\"1980\" \/>\n\t<meta property=\"og:image:height\" content=\"1113\" \/>\n\t<meta property=\"og:image:type\" content=\"image\/jpeg\" \/>\n<meta name=\"author\" content=\"Laura Hern\u00e1ndez\" \/>\n<meta name=\"twitter:card\" content=\"summary_large_image\" \/>\n<meta name=\"twitter:creator\" content=\"@FutbolHoyCol\" \/>\n<meta name=\"twitter:site\" content=\"@FutbolHoyCol\" \/>\n<meta name=\"twitter:label1\" content=\"Escrito por\" \/>\n\t<meta name=\"twitter:data1\" content=\"Laura Hern\u00e1ndez\" \/>\n\t<meta name=\"twitter:label2\" content=\"Tiempo de lectura\" \/>\n\t<meta name=\"twitter:data2\" content=\"1 minuto\" \/>\n<script type=\"application\/ld+json\" class=\"yoast-schema-graph\">{\"@context\":\"https:\/\/schema.org\",\"@graph\":[{\"@type\":\"Article\",\"@id\":\"https:\/\/futbolhoy.co\/index.php\/2021\/11\/10\/juanfer-asegura-tener-las-puertas-abiertas-en-river-plate\/#article\",\"isPartOf\":{\"@id\":\"https:\/\/futbolhoy.co\/index.php\/2021\/11\/10\/juanfer-asegura-tener-las-puertas-abiertas-en-river-plate\/\"},\"author\":{\"name\":\"Laura Hern\u00e1ndez\",\"@id\":\"https:\/\/futbolhoy.co\/#\/schema\/person\/c4a353a512b127643723a34bb1812f7d\"},\"headline\":\"Juanfer asegura tener las puertas abiertas en River Plate\",\"datePublished\":\"2021-11-10T13:05:41+00:00\",\"dateModified\":\"2021-11-11T03:08:22+00:00\",\"mainEntityOfPage\":{\"@id\":\"https:\/\/futbolhoy.co\/index.php\/2021\/11\/10\/juanfer-asegura-tener-las-puertas-abiertas-en-river-plate\/\"},\"wordCount\":249,\"commentCount\":0,\"publisher\":{\"@id\":\"https:\/\/futbolhoy.co\/#organization\"},\"image\":{\"@id\":\"https:\/\/futbolhoy.co\/index.php\/2021\/11\/10\/juanfer-asegura-tener-las-puertas-abiertas-en-river-plate\/#primaryimage\"},\"thumbnailUrl\":\"https:\/\/futbolhoy.co\/wp-content\/uploads\/2021\/11\/16364960206502.jpg\",\"articleSection\":[\"Colombia\",\"Destacados\"],\"inLanguage\":\"es\",\"potentialAction\":[{\"@type\":\"CommentAction\",\"name\":\"Comment\",\"target\":[\"https:\/\/futbolhoy.co\/index.php\/2021\/11\/10\/juanfer-asegura-tener-las-puertas-abiertas-en-river-plate\/#respond\"]}]},{\"@type\":\"WebPage\",\"@id\":\"https:\/\/futbolhoy.co\/index.php\/2021\/11\/10\/juanfer-asegura-tener-las-puertas-abiertas-en-river-plate\/\",\"url\":\"https:\/\/futbolhoy.co\/index.php\/2021\/11\/10\/juanfer-asegura-tener-las-puertas-abiertas-en-river-plate\/\",\"name\":\"Juanfer asegura tener las puertas abiertas en River Plate -\",\"isPartOf\":{\"@id\":\"https:\/\/futbolhoy.co\/#website\"},\"primaryImageOfPage\":{\"@id\":\"https:\/\/futbolhoy.co\/index.php\/2021\/11\/10\/juanfer-asegura-tener-las-puertas-abiertas-en-river-plate\/#primaryimage\"},\"image\":{\"@id\":\"https:\/\/futbolhoy.co\/index.php\/2021\/11\/10\/juanfer-asegura-tener-las-puertas-abiertas-en-river-plate\/#primaryimage\"},\"thumbnailUrl\":\"https:\/\/futbolhoy.co\/wp-content\/uploads\/2021\/11\/16364960206502.jpg\",\"datePublished\":\"2021-11-10T13:05:41+00:00\",\"dateModified\":\"2021-11-11T03:08:22+00:00\",\"breadcrumb\":{\"@id\":\"https:\/\/futbolhoy.co\/index.php\/2021\/11\/10\/juanfer-asegura-tener-las-puertas-abiertas-en-river-plate\/#breadcrumb\"},\"inLanguage\":\"es\",\"potentialAction\":[{\"@type\":\"ReadAction\",\"target\":[\"https:\/\/futbolhoy.co\/index.php\/2021\/11\/10\/juanfer-asegura-tener-las-puertas-abiertas-en-river-plate\/\"]}]},{\"@type\":\"ImageObject\",\"inLanguage\":\"es\",\"@id\":\"https:\/\/futbolhoy.co\/index.php\/2021\/11\/10\/juanfer-asegura-tener-las-puertas-abiertas-en-river-plate\/#primaryimage\",\"url\":\"https:\/\/futbolhoy.co\/wp-content\/uploads\/2021\/11\/16364960206502.jpg\",\"contentUrl\":\"https:\/\/futbolhoy.co\/wp-content\/uploads\/2021\/11\/16364960206502.jpg\",\"width\":1980,\"height\":1113},{\"@type\":\"BreadcrumbList\",\"@id\":\"https:\/\/futbolhoy.co\/index.php\/2021\/11\/10\/juanfer-asegura-tener-las-puertas-abiertas-en-river-plate\/#breadcrumb\",\"itemListElement\":[{\"@type\":\"ListItem\",\"position\":1,\"name\":\"Portada\",\"item\":\"https:\/\/futbolhoy.co\/\"},{\"@type\":\"ListItem\",\"position\":2,\"name\":\"Juanfer asegura tener las puertas abiertas en River Plate\"}]},{\"@type\":\"WebSite\",\"@id\":\"https:\/\/futbolhoy.co\/#website\",\"url\":\"https:\/\/futbolhoy.co\/\",\"name\":\"FutbolHoy\",\"description\":\"\",\"publisher\":{\"@id\":\"https:\/\/futbolhoy.co\/#organization\"},\"potentialAction\":[{\"@type\":\"SearchAction\",\"target\":{\"@type\":\"EntryPoint\",\"urlTemplate\":\"https:\/\/futbolhoy.co\/?s={search_term_string}\"},\"query-input\":{\"@type\":\"PropertyValueSpecification\",\"valueRequired\":true,\"valueName\":\"search_term_string\"}}],\"inLanguage\":\"es\"},{\"@type\":\"Organization\",\"@id\":\"https:\/\/futbolhoy.co\/#organization\",\"name\":\"Futbolhoy.co\",\"url\":\"https:\/\/futbolhoy.co\/\",\"logo\":{\"@type\":\"ImageObject\",\"inLanguage\":\"es\",\"@id\":\"https:\/\/futbolhoy.co\/#\/schema\/logo\/image\/\",\"url\":\"https:\/\/futbolhoy.co\/wp-content\/uploads\/2018\/08\/17426380_1906371736249227_6326180412931521141_n.jpg\",\"contentUrl\":\"https:\/\/futbolhoy.co\/wp-content\/uploads\/2018\/08\/17426380_1906371736249227_6326180412931521141_n.jpg\",\"width\":960,\"height\":960,\"caption\":\"Futbolhoy.co\"},\"image\":{\"@id\":\"https:\/\/futbolhoy.co\/#\/schema\/logo\/image\/\"},\"sameAs\":[\"https:\/\/www.facebook.com\/FutbolHoyCol\/\",\"https:\/\/x.com\/FutbolHoyCol\",\"https:\/\/www.instagram.com\/futbolhoycol\/\"]},{\"@type\":\"Person\",\"@id\":\"https:\/\/futbolhoy.co\/#\/schema\/person\/c4a353a512b127643723a34bb1812f7d\",\"name\":\"Laura Hern\u00e1ndez\",\"image\":{\"@type\":\"ImageObject\",\"inLanguage\":\"es\",\"@id\":\"https:\/\/futbolhoy.co\/#\/schema\/person\/image\/\",\"url\":\"https:\/\/secure.gravatar.com\/avatar\/d25959a15b9b293a743f99181c7cfd01?s=96&d=mm&r=g\",\"contentUrl\":\"https:\/\/secure.gravatar.com\/avatar\/d25959a15b9b293a743f99181c7cfd01?s=96&d=mm&r=g\",\"caption\":\"Laura Hern\u00e1ndez\"}}]}<\/script>\n<!-- \/ Yoast SEO plugin. -->","yoast_head_json":{"title":"Juanfer asegura tener las puertas abiertas en River Plate -","robots":{"index":"index","follow":"follow","max-snippet":"max-snippet:-1","max-image-preview":"max-image-preview:large","max-video-preview":"max-video-preview:-1"},"canonical":"https:\/\/futbolhoy.co\/index.php\/2021\/11\/10\/juanfer-asegura-tener-las-puertas-abiertas-en-river-plate\/","og_locale":"es_ES","og_type":"article","og_title":"Juanfer asegura tener las puertas abiertas en River Plate -","og_description":"Juan Fernando Quintero, volante del Shenzhen chino El volante colombiano\u00a0Juan Fernando Quintero\u00a0se mostr\u00f3 optimista en tener la posibilidad de regresar a\u00a0River Plate\u00a0en un futuro cercano, al considerar que dej\u00f3 las puertas abiertas en el club. \u201cUno nunca sabe, cuando uno hace cosas buenas y las personas lo marcan, las puertas quedan abiertas, sobre todo con [&hellip;]","og_url":"https:\/\/futbolhoy.co\/index.php\/2021\/11\/10\/juanfer-asegura-tener-las-puertas-abiertas-en-river-plate\/","article_publisher":"https:\/\/www.facebook.com\/FutbolHoyCol\/","article_published_time":"2021-11-10T13:05:41+00:00","article_modified_time":"2021-11-11T03:08:22+00:00","og_image":[{"width":1980,"height":1113,"url":"https:\/\/futbolhoy.co\/wp-content\/uploads\/2021\/11\/16364960206502.jpg","type":"image\/jpeg"}],"author":"Laura Hern\u00e1ndez","twitter_card":"summary_large_image","twitter_creator":"@FutbolHoyCol","twitter_site":"@FutbolHoyCol","twitter_misc":{"Escrito por":"Laura Hern\u00e1ndez","Tiempo de lectura":"1 minuto"},"schema":{"@context":"https:\/\/schema.org","@graph":[{"@type":"Article","@id":"https:\/\/futbolhoy.co\/index.php\/2021\/11\/10\/juanfer-asegura-tener-las-puertas-abiertas-en-river-plate\/#article","isPartOf":{"@id":"https:\/\/futbolhoy.co\/index.php\/2021\/11\/10\/juanfer-asegura-tener-las-puertas-abiertas-en-river-plate\/"},"author":{"name":"Laura Hern\u00e1ndez","@id":"https:\/\/futbolhoy.co\/#\/schema\/person\/c4a353a512b127643723a34bb1812f7d"},"headline":"Juanfer asegura tener las puertas abiertas en River Plate","datePublished":"2021-11-10T13:05:41+00:00","dateModified":"2021-11-11T03:08:22+00:00","mainEntityOfPage":{"@id":"https:\/\/futbolhoy.co\/index.php\/2021\/11\/10\/juanfer-asegura-tener-las-puertas-abiertas-en-river-plate\/"},"wordCount":249,"commentCount":0,"publisher":{"@id":"https:\/\/futbolhoy.co\/#organization"},"image":{"@id":"https:\/\/futbolhoy.co\/index.php\/2021\/11\/10\/juanfer-asegura-tener-las-puertas-abiertas-en-river-plate\/#primaryimage"},"thumbnailUrl":"https:\/\/futbolhoy.co\/wp-content\/uploads\/2021\/11\/16364960206502.jpg","articleSection":["Colombia","Destacados"],"inLanguage":"es","potentialAction":[{"@type":"CommentAction","name":"Comment","target":["https:\/\/futbolhoy.co\/index.php\/2021\/11\/10\/juanfer-asegura-tener-las-puertas-abiertas-en-river-plate\/#respond"]}]},{"@type":"WebPage","@id":"https:\/\/futbolhoy.co\/index.php\/2021\/11\/10\/juanfer-asegura-tener-las-puertas-abiertas-en-river-plate\/","url":"https:\/\/futbolhoy.co\/index.php\/2021\/11\/10\/juanfer-asegura-tener-las-puertas-abiertas-en-river-plate\/","name":"Juanfer asegura tener las puertas abiertas en River Plate -","isPartOf":{"@id":"https:\/\/futbolhoy.co\/#website"},"primaryImageOfPage":{"@id":"https:\/\/futbolhoy.co\/index.php\/2021\/11\/10\/juanfer-asegura-tener-las-puertas-abiertas-en-river-plate\/#primaryimage"},"image":{"@id":"https:\/\/futbolhoy.co\/index.php\/2021\/11\/10\/juanfer-asegura-tener-las-puertas-abiertas-en-river-plate\/#primaryimage"},"thumbnailUrl":"https:\/\/futbolhoy.co\/wp-content\/uploads\/2021\/11\/16364960206502.jpg","datePublished":"2021-11-10T13:05:41+00:00","dateModified":"2021-11-11T03:08:22+00:00","breadcrumb":{"@id":"https:\/\/futbolhoy.co\/index.php\/2021\/11\/10\/juanfer-asegura-tener-las-puertas-abiertas-en-river-plate\/#breadcrumb"},"inLanguage":"es","potentialAction":[{"@type":"ReadAction","target":["https:\/\/futbolhoy.co\/index.php\/2021\/11\/10\/juanfer-asegura-tener-las-puertas-abiertas-en-river-plate\/"]}]},{"@type":"ImageObject","inLanguage":"es","@id":"https:\/\/futbolhoy.co\/index.php\/2021\/11\/10\/juanfer-asegura-tener-las-puertas-abiertas-en-river-plate\/#primaryimage","url":"https:\/\/futbolhoy.co\/wp-content\/uploads\/2021\/11\/16364960206502.jpg","contentUrl":"https:\/\/futbolhoy.co\/wp-content\/uploads\/2021\/11\/16364960206502.jpg","width":1980,"height":1113},{"@type":"BreadcrumbList","@id":"https:\/\/futbolhoy.co\/index.php\/2021\/11\/10\/juanfer-asegura-tener-las-puertas-abiertas-en-river-plate\/#breadcrumb","itemListElement":[{"@type":"ListItem","position":1,"name":"Portada","item":"https:\/\/futbolhoy.co\/"},{"@type":"ListItem","position":2,"name":"Juanfer asegura tener las puertas abiertas en River Plate"}]},{"@type":"WebSite","@id":"https:\/\/futbolhoy.co\/#website","url":"https:\/\/futbolhoy.co\/","name":"FutbolHoy","description":"","publisher":{"@id":"https:\/\/futbolhoy.co\/#organization"},"potentialAction":[{"@type":"SearchAction","target":{"@type":"EntryPoint","urlTemplate":"https:\/\/futbolhoy.co\/?s={search_term_string}"},"query-input":{"@type":"PropertyValueSpecification","valueRequired":true,"valueName":"search_term_string"}}],"inLanguage":"es"},{"@type":"Organization","@id":"https:\/\/futbolhoy.co\/#organization","name":"Futbolhoy.co","url":"https:\/\/futbolhoy.co\/","logo":{"@type":"ImageObject","inLanguage":"es","@id":"https:\/\/futbolhoy.co\/#\/schema\/logo\/image\/","url":"https:\/\/futbolhoy.co\/wp-content\/uploads\/2018\/08\/17426380_1906371736249227_6326180412931521141_n.jpg","contentUrl":"https:\/\/futbolhoy.co\/wp-content\/uploads\/2018\/08\/17426380_1906371736249227_6326180412931521141_n.jpg","width":960,"height":960,"caption":"Futbolhoy.co"},"image":{"@id":"https:\/\/futbolhoy.co\/#\/schema\/logo\/image\/"},"sameAs":["https:\/\/www.facebook.com\/FutbolHoyCol\/","https:\/\/x.com\/FutbolHoyCol","https:\/\/www.instagram.com\/futbolhoycol\/"]},{"@type":"Person","@id":"https:\/\/futbolhoy.co\/#\/schema\/person\/c4a353a512b127643723a34bb1812f7d","name":"Laura Hern\u00e1ndez","image":{"@type":"ImageObject","inLanguage":"es","@id":"https:\/\/futbolhoy.co\/#\/schema\/person\/image\/","url":"https:\/\/secure.gravatar.com\/avatar\/d25959a15b9b293a743f99181c7cfd01?s=96&d=mm&r=g","contentUrl":"https:\/\/secure.gravatar.com\/avatar\/d25959a15b9b293a743f99181c7cfd01?s=96&d=mm&r=g","caption":"Laura Hern\u00e1ndez"}}]}},"publishpress_future_action":{"enabled":false,"date":"2026-05-03 09:21:18","action":"change-status","newStatus":"draft","terms":[],"taxonomy":"category","extraData":[]},"publishpress_future_workflow_manual_trigger":{"enabledWorkflows":[]},"_links":{"self":[{"href":"https:\/\/futbolhoy.co\/index.php\/wp-json\/wp\/v2\/posts\/72215","targetHints":{"allow":["GET"]}}],"collection":[{"href":"https:\/\/futbolhoy.co\/index.php\/wp-json\/wp\/v2\/posts"}],"about":[{"href":"https:\/\/futbolhoy.co\/index.php\/wp-json\/wp\/v2\/types\/post"}],"author":[{"embeddable":true,"href":"https:\/\/futbolhoy.co\/index.php\/wp-json\/wp\/v2\/users\/5"}],"replies":[{"embeddable":true,"href":"https:\/\/futbolhoy.co\/index.php\/wp-json\/wp\/v2\/comments?post=72215"}],"version-history":[{"count":1,"href":"https:\/\/futbolhoy.co\/index.php\/wp-json\/wp\/v2\/posts\/72215\/revisions"}],"predecessor-version":[{"id":72218,"href":"https:\/\/futbolhoy.co\/index.php\/wp-json\/wp\/v2\/posts\/72215\/revisions\/72218"}],"wp:featuredmedia":[{"embeddable":true,"href":"https:\/\/futbolhoy.co\/index.php\/wp-json\/wp\/v2\/media\/72217"}],"wp:attachment":[{"href":"https:\/\/futbolhoy.co\/index.php\/wp-json\/wp\/v2\/media?parent=72215"}],"wp:term":[{"taxonomy":"category","embeddable":true,"href":"https:\/\/futbolhoy.co\/index.php\/wp-json\/wp\/v2\/categories?post=72215"},{"taxonomy":"post_tag","embeddable":true,"href":"https:\/\/futbolhoy.co\/index.php\/wp-json\/wp\/v2\/tags?post=72215"}],"curies":[{"name":"wp","href":"https:\/\/api.w.org\/{rel}","templated":true}]}}