{"id":72230,"date":"2021-11-10T14:01:54","date_gmt":"2021-11-10T19:01:54","guid":{"rendered":"https:\/\/futbolhoy.co\/?p=72230"},"modified":"2021-11-10T22:10:37","modified_gmt":"2021-11-11T03:10:37","slug":"considere-que-era-el-momento-de-invitar-a-james-reinaldo","status":"publish","type":"post","link":"https:\/\/futbolhoy.co\/index.php\/2021\/11\/10\/considere-que-era-el-momento-de-invitar-a-james-reinaldo\/","title":{"rendered":"\u00abConsider\u00e9 que era el momento de invitar a James\u00bb: Reinaldo"},"content":{"rendered":"<audio class=\"wp-audio-shortcode\" id=\"audio-72230-1\" preload=\"none\" style=\"width: 100%;\" controls=\"controls\"><source type=\"audio\/mpeg\" src=\"https:\/\/futbolhoy.co\/wp-content\/uploads\/2021\/11\/James1.mp3?_=1\" \/><a href=\"https:\/\/futbolhoy.co\/wp-content\/uploads\/2021\/11\/James1.mp3\">https:\/\/futbolhoy.co\/wp-content\/uploads\/2021\/11\/James1.mp3<\/a><\/audio>\n<p style=\"text-align: justify;\"><span style=\"font-family: helvetica, arial, sans-serif;\">Este mi\u00e9rcoles el director t\u00e9cnico de la <strong>Selecci\u00f3n Colombia Mayores<\/strong>, <strong>Reinaldo Rueda<\/strong>, estuvo en rueda prensa.<\/span><\/p>\n<p style=\"text-align: justify;\"><span style=\"font-family: helvetica, arial, sans-serif;\"><strong>Reinaldo<\/strong> se hizo presente con su respuesta para el regreso de <strong>James:<\/strong> \u00abEl tema de <strong>James<\/strong> como ustedes conocieron, le facilito estar unos d\u00edas antes ac\u00e1 por el juego, bueno por la adaptaci\u00f3n y el de reencontrarse con sus compa\u00f1eros, y con nosotros. La molestia lleg\u00f3 en los \u00faltimos minutos del juego con su club, est\u00e1 en las costillas. No est\u00e1 en el nivel ideal, pero con las mejores respuestas despu\u00e9s de esto, es un tema a revisar en la pr\u00e1ctica de esta noche.\u00bb<\/span><\/p>\n<p style=\"text-align: justify;\"><span style=\"font-family: helvetica, arial, sans-serif;\">\u00abEs lo que dice la estad\u00edstica de haber anotado, de haber logrado un partido, es una situaci\u00f3n que comentamos ayer con el grupo. Hicimos la revisi\u00f3n y es la gran virtud que tiene por el potencial futbol\u00edstico de <strong>Brasil.<\/strong> La idea es hacer un gran juego, conscientes de que debemos anotar y es lo que se va a buscar y proponer. Se ha inducido en la parte pr\u00e1ctica, todo es posible, dar ese golpe de autoridad, esos 3 puntos que anhelamos y necesitamos para la clasificaci\u00f3n\u00bb, se refiri\u00f3 <strong>Rueda<\/strong> a la fecha pr\u00f3xima con <strong>Brasil<\/strong>.<\/span><\/p>\n<p style=\"text-align: justify;\"><span style=\"font-family: helvetica, arial, sans-serif;\">Adem\u00e1s habl\u00f3 sobre las posibles variantes: \u00abSon imponderables, hab\u00eda seguimiento de <strong>Yerry<\/strong>, despu\u00e9s el de <strong>Carlos<\/strong>, mismo el de <strong>Stefan<\/strong>. Ayer hicimos una practica y se ha ido practicando un l\u00ednea de 4, son las alternativos para el juego de <strong>Brasil,<\/strong> con dos l\u00edneas de 4, se ha hecho la practica global. Todo depende de la formaci\u00f3n y complementos que hagamos. 4-3-3 se desenvuelven en diferentes posiciones, anoche realice esos ensayos. Tienen una gran disponibilidad mental, pero todo por la evaluaci\u00f3n del rival durante el entrenamiento.\u00bb<\/span><\/p>\n<p style=\"text-align: justify;\"><span style=\"font-family: helvetica, arial, sans-serif;\">\u00abUna de las bondades de <strong>William<\/strong> con <strong>Queiroz<\/strong> y con nosotros. El jugador es s\u00faper rendidor tiene esa polivalencia, una fase como lateral y siempre con alt\u00edsima concentraci\u00f3n. Tenemos ante el imponderable de <strong>Oscar,<\/strong> esas alternativas. Un <strong>Lucumi<\/strong> que tiene muy buen nivel y la experiencia de <strong>William<\/strong>. Es un tema que ayer trabajamos en una l\u00ednea de 4 diferentes. Todas situaciones que se hablan y analizan. Al final lo que se quiere para la Selecci\u00f3n es el buen resultado\u00bb, finaliz\u00f3 el t\u00e9cnico resaltando las virtudes de los jugadores de defensa.<\/span><\/p>\n","protected":false},"excerpt":{"rendered":"<p>Este mi\u00e9rcoles el director t\u00e9cnico de la Selecci\u00f3n Colombia Mayores, Reinaldo Rueda, estuvo en rueda prensa. Reinaldo se hizo presente con su respuesta para el regreso de James: \u00abEl tema de James como ustedes conocieron, le facilito estar unos d\u00edas antes ac\u00e1 por el juego, bueno por la adaptaci\u00f3n y el de reencontrarse con sus [&hellip;]<\/p>\n","protected":false},"author":5,"featured_media":72233,"comment_status":"open","ping_status":"closed","sticky":false,"template":"","format":"video","meta":{"_acf_changed":false,"footnotes":""},"categories":[418,5],"tags":[],"class_list":{"0":"post-72230","1":"post","2":"type-post","3":"status-publish","4":"format-video","5":"has-post-thumbnail","7":"category-colombia","8":"category-destacados","9":"post_format-post-format-video"},"acf":[],"_links":{"self":[{"href":"https:\/\/futbolhoy.co\/index.php\/wp-json\/wp\/v2\/posts\/72230","targetHints":{"allow":["GET"]}}],"collection":[{"href":"https:\/\/futbolhoy.co\/index.php\/wp-json\/wp\/v2\/posts"}],"about":[{"href":"https:\/\/futbolhoy.co\/index.php\/wp-json\/wp\/v2\/types\/post"}],"author":[{"embeddable":true,"href":"https:\/\/futbolhoy.co\/index.php\/wp-json\/wp\/v2\/users\/5"}],"replies":[{"embeddable":true,"href":"https:\/\/futbolhoy.co\/index.php\/wp-json\/wp\/v2\/comments?post=72230"}],"version-history":[{"count":6,"href":"https:\/\/futbolhoy.co\/index.php\/wp-json\/wp\/v2\/posts\/72230\/revisions"}],"predecessor-version":[{"id":72241,"href":"https:\/\/futbolhoy.co\/index.php\/wp-json\/wp\/v2\/posts\/72230\/revisions\/72241"}],"wp:featuredmedia":[{"embeddable":true,"href":"https:\/\/futbolhoy.co\/index.php\/wp-json\/wp\/v2\/media\/72233"}],"wp:attachment":[{"href":"https:\/\/futbolhoy.co\/index.php\/wp-json\/wp\/v2\/media?parent=72230"}],"wp:term":[{"taxonomy":"category","embeddable":true,"href":"https:\/\/futbolhoy.co\/index.php\/wp-json\/wp\/v2\/categories?post=72230"},{"taxonomy":"post_tag","embeddable":true,"href":"https:\/\/futbolhoy.co\/index.php\/wp-json\/wp\/v2\/tags?post=72230"}],"curies":[{"name":"wp","href":"https:\/\/api.w.org\/{rel}","templated":true}]}}