{"id":72427,"date":"2021-11-15T16:31:46","date_gmt":"2021-11-15T21:31:46","guid":{"rendered":"https:\/\/futbolhoy.co\/?p=72427"},"modified":"2021-11-16T07:57:41","modified_gmt":"2021-11-16T12:57:41","slug":"requerimos-de-una-altisima-concentracion-rueda","status":"publish","type":"post","link":"https:\/\/futbolhoy.co\/index.php\/2021\/11\/15\/requerimos-de-una-altisima-concentracion-rueda\/","title":{"rendered":"\u00abRequerimos de una alt\u00edsima concentraci\u00f3n\u00bb: Rueda"},"content":{"rendered":"<p style=\"text-align: justify;\"><span style=\"font-family: helvetica, arial, sans-serif;\">Este lunes el t\u00e9cnico de la Selecci\u00f3n Colombia Mayores, <strong>Reinaldo Rueda<\/strong>, estuvo en rueda de prensa previo al partido del pr\u00f3ximo martes ante <strong>Paraguay<\/strong>.<\/span><\/p>\n<p style=\"text-align: justify;\"><span style=\"font-family: helvetica, arial, sans-serif;\"><strong>Rueda<\/strong> coment\u00f3 sobre la zona defensiva: \u00abNo ha sido f\u00e1cil estabilizar el comportamiento en zona defensiva, de la l\u00ednea de 4, creo que <strong>William y Davinson<\/strong> ven\u00edan de momentos diferentes en sus clubes. Lo ideal es seguir fortaleciendo, no depende de ellos, sino de todo el equipo\u00bb<\/span><\/p>\n<p style=\"text-align: justify;\"><span style=\"font-family: helvetica, arial, sans-serif;\">\u00abEs el gran interrogante, por eso revisamos el anterior de nosotros con <strong>Paraguay<\/strong> en Asunci\u00f3n, no hab\u00eda un ordenamiento de sistema, lo que ha sido la tendencia del nuevo cuerpo t\u00e9cnico. No es f\u00e1cil son int\u00e9rpretes diferentes con escasas semanas\u00bb, reflexion\u00f3 <strong>Reinaldo<\/strong> con respecto al enfrentamiento de ma\u00f1ana.<\/span><\/p>\n<p style=\"text-align: justify;\"><span style=\"font-family: helvetica, arial, sans-serif;\">El t\u00e9cnico habl\u00f3 sobre la concentraci\u00f3n en el equipo: \u00abTodo la parte mental siempre estamos en los entrenamientos lo trabajamos que cada jugador cumpla su funci\u00f3n no s\u00f3lo la parte ofensiva sino la defensiva, todas las posiciones son importantes. Requerimos de una alt\u00edsima concentraci\u00f3n\u00bb<\/span><\/p>\n<p style=\"text-align: justify;\"><span style=\"font-family: helvetica, arial, sans-serif;\">\u00abEs dif\u00edcil comparar, ni mantener una formaci\u00f3n, son otros momentos y situaciones, es lo complejo del Selecci\u00f3n. Yo pienso que todos los partidos tienen un grado de complejidad. Son partidos dif\u00edciles por las caracter\u00edsticas del rival\u00bb, termin\u00f3 de Rueda con respecto a <strong>Paraguay<\/strong>.<\/span><\/p>\n","protected":false},"excerpt":{"rendered":"<p>Este lunes el t\u00e9cnico de la Selecci\u00f3n Colombia Mayores, Reinaldo Rueda, estuvo en rueda de prensa previo al partido del pr\u00f3ximo martes ante Paraguay. Rueda coment\u00f3 sobre la zona defensiva: \u00abNo ha sido f\u00e1cil estabilizar el comportamiento en zona defensiva, de la l\u00ednea de 4, creo que William y Davinson ven\u00edan de momentos diferentes en [&hellip;]<\/p>\n","protected":false},"author":5,"featured_media":72429,"comment_status":"open","ping_status":"closed","sticky":false,"template":"","format":"standard","meta":{"_acf_changed":false,"footnotes":""},"categories":[418],"tags":[],"class_list":{"0":"post-72427","1":"post","2":"type-post","3":"status-publish","4":"format-standard","5":"has-post-thumbnail","7":"category-colombia"},"acf":[],"_links":{"self":[{"href":"https:\/\/futbolhoy.co\/index.php\/wp-json\/wp\/v2\/posts\/72427","targetHints":{"allow":["GET"]}}],"collection":[{"href":"https:\/\/futbolhoy.co\/index.php\/wp-json\/wp\/v2\/posts"}],"about":[{"href":"https:\/\/futbolhoy.co\/index.php\/wp-json\/wp\/v2\/types\/post"}],"author":[{"embeddable":true,"href":"https:\/\/futbolhoy.co\/index.php\/wp-json\/wp\/v2\/users\/5"}],"replies":[{"embeddable":true,"href":"https:\/\/futbolhoy.co\/index.php\/wp-json\/wp\/v2\/comments?post=72427"}],"version-history":[{"count":2,"href":"https:\/\/futbolhoy.co\/index.php\/wp-json\/wp\/v2\/posts\/72427\/revisions"}],"predecessor-version":[{"id":72447,"href":"https:\/\/futbolhoy.co\/index.php\/wp-json\/wp\/v2\/posts\/72427\/revisions\/72447"}],"wp:featuredmedia":[{"embeddable":true,"href":"https:\/\/futbolhoy.co\/index.php\/wp-json\/wp\/v2\/media\/72429"}],"wp:attachment":[{"href":"https:\/\/futbolhoy.co\/index.php\/wp-json\/wp\/v2\/media?parent=72427"}],"wp:term":[{"taxonomy":"category","embeddable":true,"href":"https:\/\/futbolhoy.co\/index.php\/wp-json\/wp\/v2\/categories?post=72427"},{"taxonomy":"post_tag","embeddable":true,"href":"https:\/\/futbolhoy.co\/index.php\/wp-json\/wp\/v2\/tags?post=72427"}],"curies":[{"name":"wp","href":"https:\/\/api.w.org\/{rel}","templated":true}]}}