{"id":72435,"date":"2021-11-15T14:58:15","date_gmt":"2021-11-15T19:58:15","guid":{"rendered":"https:\/\/futbolhoy.co\/?p=72435"},"modified":"2021-11-15T22:05:50","modified_gmt":"2021-11-16T03:05:50","slug":"neymar-jr-se-perdera-el-clasico-sudamericano","status":"publish","type":"post","link":"https:\/\/futbolhoy.co\/index.php\/2021\/11\/15\/neymar-jr-se-perdera-el-clasico-sudamericano\/","title":{"rendered":"Neymar Jr. se perder\u00e1 el cl\u00e1sico sudamericano"},"content":{"rendered":"<p style=\"text-align: justify;\"><span style=\"font-family: helvetica, arial, sans-serif;\">El astro brasile\u00f1o\u00a0<b>Neymar Jr.<\/b>\u00a0No viaj\u00f3 con la selecci\u00f3n de su pa\u00eds para enfrentar este martes a\u00a0<b>Argentina<\/b>\u00a0en las eliminatorias al\u00a0<b>Mundial de Qatar 2022<\/b>, debido a una molestia muscular, presentada en el \u00faltimo entrenamiento.<\/span><\/p>\n<p style=\"text-align: justify;\"><span style=\"font-family: helvetica, arial, sans-serif;\">El delantero no hizo parte de la delegaci\u00f3n\u00a0<b>\u2018auriverde\u2019<\/b>\u00a0que se desplaz\u00f3 a\u00a0<b>San Juan<\/b>, sede del compromiso.<\/span><\/p>\n<p style=\"text-align: justify;\"><span style=\"font-family: helvetica, arial, sans-serif;\">Frente a Argentina, el t\u00e9cnico\u00a0<b>Tite<\/b>\u00a0podr\u00eda ubicar a\u00a0<b>Vinicius Jr.<\/b>, en el lugar de\u00a0<b>Ney<\/b>.<\/span><\/p>\n<p style=\"text-align: justify;\"><span style=\"font-family: helvetica, arial, sans-serif;\">De acuerdo a esta novedad, Brasil formar\u00eda con:\u00a0<b>Alisson; Danilo, Eder Milit\u00e3o, Marquinhos, Alex Sandro; Fabinho, Fred, Raphinha, Vinicius Jr., Lucas Paquet\u00e1; y Matheus Cunha.<\/b><\/span><\/p>\n","protected":false},"excerpt":{"rendered":"<p>El astro brasile\u00f1o\u00a0Neymar Jr.\u00a0No viaj\u00f3 con la selecci\u00f3n de su pa\u00eds para enfrentar este martes a\u00a0Argentina\u00a0en las eliminatorias al\u00a0Mundial de Qatar 2022, debido a una molestia muscular, presentada en el \u00faltimo entrenamiento. El delantero no hizo parte de la delegaci\u00f3n\u00a0\u2018auriverde\u2019\u00a0que se desplaz\u00f3 a\u00a0San Juan, sede del compromiso. Frente a Argentina, el t\u00e9cnico\u00a0Tite\u00a0podr\u00eda ubicar a\u00a0Vinicius Jr., [&hellip;]<\/p>\n","protected":false},"author":5,"featured_media":72436,"comment_status":"open","ping_status":"closed","sticky":false,"template":"","format":"standard","meta":{"_acf_changed":false,"footnotes":""},"categories":[1965],"tags":[],"class_list":{"0":"post-72435","1":"post","2":"type-post","3":"status-publish","4":"format-standard","5":"has-post-thumbnail","7":"category-eli"},"acf":[],"_links":{"self":[{"href":"https:\/\/futbolhoy.co\/index.php\/wp-json\/wp\/v2\/posts\/72435","targetHints":{"allow":["GET"]}}],"collection":[{"href":"https:\/\/futbolhoy.co\/index.php\/wp-json\/wp\/v2\/posts"}],"about":[{"href":"https:\/\/futbolhoy.co\/index.php\/wp-json\/wp\/v2\/types\/post"}],"author":[{"embeddable":true,"href":"https:\/\/futbolhoy.co\/index.php\/wp-json\/wp\/v2\/users\/5"}],"replies":[{"embeddable":true,"href":"https:\/\/futbolhoy.co\/index.php\/wp-json\/wp\/v2\/comments?post=72435"}],"version-history":[{"count":1,"href":"https:\/\/futbolhoy.co\/index.php\/wp-json\/wp\/v2\/posts\/72435\/revisions"}],"predecessor-version":[{"id":72437,"href":"https:\/\/futbolhoy.co\/index.php\/wp-json\/wp\/v2\/posts\/72435\/revisions\/72437"}],"wp:featuredmedia":[{"embeddable":true,"href":"https:\/\/futbolhoy.co\/index.php\/wp-json\/wp\/v2\/media\/72436"}],"wp:attachment":[{"href":"https:\/\/futbolhoy.co\/index.php\/wp-json\/wp\/v2\/media?parent=72435"}],"wp:term":[{"taxonomy":"category","embeddable":true,"href":"https:\/\/futbolhoy.co\/index.php\/wp-json\/wp\/v2\/categories?post=72435"},{"taxonomy":"post_tag","embeddable":true,"href":"https:\/\/futbolhoy.co\/index.php\/wp-json\/wp\/v2\/tags?post=72435"}],"curies":[{"name":"wp","href":"https:\/\/api.w.org\/{rel}","templated":true}]}}