{"id":72474,"date":"2021-11-16T16:53:38","date_gmt":"2021-11-16T21:53:38","guid":{"rendered":"https:\/\/futbolhoy.co\/?p=72474"},"modified":"2021-11-16T21:54:01","modified_gmt":"2021-11-17T02:54:01","slug":"paises-bajos-confirmo-cupo-a-qatar","status":"publish","type":"post","link":"https:\/\/futbolhoy.co\/index.php\/2021\/11\/16\/paises-bajos-confirmo-cupo-a-qatar\/","title":{"rendered":"Pa\u00edses Bajos confirm\u00f3 cupo a Qatar"},"content":{"rendered":"<p style=\"text-align: justify;\"><span style=\"font-family: helvetica, arial, sans-serif;\">Los\u00a0<b>Pa\u00edses Bajos<\/b>\u00a0vencieron 2-0 a\u00a0<b>Noruega<\/b>\u00a0con goles de\u00a0<b>Steven Bergwijn<\/b>\u00a0(84\u2019) y\u00a0<b>Memphis Depay<\/b>\u00a0(90\u2019+1\u2019); y con 23 puntos ganaron el grupo G de las eliminatorias de la\u00a0<b>UEFA al Mundial de Qatar 2022<\/b>, convirti\u00e9ndose en la d\u00e9cima selecci\u00f3n europea en clasificar de forma directa.<\/span><\/p>\n<p style=\"text-align: justify;\"><span style=\"font-family: helvetica, arial, sans-serif;\"><b>Turqu\u00eda<\/b>, que derrot\u00f3 1-2 a\u00a0<b>Montenegro<\/b>, se ubic\u00f3 en segundo lugar y deber\u00e1 buscar su casilla a la\u00a0<b>Copa del Mundo<\/b>\u00a0en el repechaje de marzo.<\/span><\/p>\n<p style=\"text-align: justify;\"><span style=\"font-family: helvetica, arial, sans-serif;\">En este grupo, qued\u00f3 tercera Noruega, por lo que el joven prodigio del gol,\u00a0<b>Erling Haaland<\/b>, no ir\u00e1 al torneo orbital.<\/span><\/p>\n<p style=\"text-align: justify;\"><span style=\"font-family: helvetica, arial, sans-serif;\">El campe\u00f3n defensor, con tiquete adquirido previamente, super\u00f3 0-2 a Finlandia con goles de\u00a0<b>Karim Benzema y Kylian Mbapp\u00e9<\/b>, dejando a los locales sin posibilidades de asistir a la cita mundialista.<\/span><\/p>\n<p style=\"text-align: justify;\"><span style=\"font-family: helvetica, arial, sans-serif;\"><b>Gales<\/b>, que empat\u00f3 con\u00a0<b>B\u00e9lgica<\/b>\u00a01-1, tambi\u00e9n acudir\u00e1 a la repesca.<\/span><\/p>\n<p style=\"text-align: justify;\"><span style=\"font-family: helvetica, arial, sans-serif;\">Clasificados por\u00a0<b>Europa<\/b>:\u00a0<b>Alemania, Dinamarca, Francia, B\u00e9lgica, Croacia, Serbia, Espa\u00f1a, Inglaterra, Suiza y Pa\u00edses Bajos<\/b>.<\/span><\/p>\n<p style=\"text-align: justify;\"><span style=\"font-family: helvetica, arial, sans-serif;\">Al repechaje:\u00a0<b>Portugal, Suecia, Italia, Ucrania, Gales, Escocia, Turqu\u00eda, Rusia, Polonia, Macedonia del Norte;\u00a0<\/b>adem\u00e1s de<b>\u00a0Austria y Rep\u00fablica Checa,\u00a0<\/b>por mejor ranking en la\u00a0<b>Liga de Naciones.<\/b><\/span><\/p>\n","protected":false},"excerpt":{"rendered":"<p>Los\u00a0Pa\u00edses Bajos\u00a0vencieron 2-0 a\u00a0Noruega\u00a0con goles de\u00a0Steven Bergwijn\u00a0(84\u2019) y\u00a0Memphis Depay\u00a0(90\u2019+1\u2019); y con 23 puntos ganaron el grupo G de las eliminatorias de la\u00a0UEFA al Mundial de Qatar 2022, convirti\u00e9ndose en la d\u00e9cima selecci\u00f3n europea en clasificar de forma directa. Turqu\u00eda, que derrot\u00f3 1-2 a\u00a0Montenegro, se ubic\u00f3 en segundo lugar y deber\u00e1 buscar su casilla a la\u00a0Copa [&hellip;]<\/p>\n","protected":false},"author":5,"featured_media":72475,"comment_status":"open","ping_status":"closed","sticky":false,"template":"","format":"standard","meta":{"_acf_changed":false,"footnotes":""},"categories":[1965],"tags":[],"class_list":{"0":"post-72474","1":"post","2":"type-post","3":"status-publish","4":"format-standard","5":"has-post-thumbnail","7":"category-eli"},"acf":[],"_links":{"self":[{"href":"https:\/\/futbolhoy.co\/index.php\/wp-json\/wp\/v2\/posts\/72474","targetHints":{"allow":["GET"]}}],"collection":[{"href":"https:\/\/futbolhoy.co\/index.php\/wp-json\/wp\/v2\/posts"}],"about":[{"href":"https:\/\/futbolhoy.co\/index.php\/wp-json\/wp\/v2\/types\/post"}],"author":[{"embeddable":true,"href":"https:\/\/futbolhoy.co\/index.php\/wp-json\/wp\/v2\/users\/5"}],"replies":[{"embeddable":true,"href":"https:\/\/futbolhoy.co\/index.php\/wp-json\/wp\/v2\/comments?post=72474"}],"version-history":[{"count":1,"href":"https:\/\/futbolhoy.co\/index.php\/wp-json\/wp\/v2\/posts\/72474\/revisions"}],"predecessor-version":[{"id":72476,"href":"https:\/\/futbolhoy.co\/index.php\/wp-json\/wp\/v2\/posts\/72474\/revisions\/72476"}],"wp:featuredmedia":[{"embeddable":true,"href":"https:\/\/futbolhoy.co\/index.php\/wp-json\/wp\/v2\/media\/72475"}],"wp:attachment":[{"href":"https:\/\/futbolhoy.co\/index.php\/wp-json\/wp\/v2\/media?parent=72474"}],"wp:term":[{"taxonomy":"category","embeddable":true,"href":"https:\/\/futbolhoy.co\/index.php\/wp-json\/wp\/v2\/categories?post=72474"},{"taxonomy":"post_tag","embeddable":true,"href":"https:\/\/futbolhoy.co\/index.php\/wp-json\/wp\/v2\/tags?post=72474"}],"curies":[{"name":"wp","href":"https:\/\/api.w.org\/{rel}","templated":true}]}}