{"id":72588,"date":"2021-11-18T18:53:03","date_gmt":"2021-11-18T23:53:03","guid":{"rendered":"https:\/\/futbolhoy.co\/?p=72588"},"modified":"2021-11-18T18:53:03","modified_gmt":"2021-11-18T23:53:03","slug":"chicho-arango-sin-futbol-y-sin-tecnico","status":"publish","type":"post","link":"https:\/\/futbolhoy.co\/index.php\/2021\/11\/18\/chicho-arango-sin-futbol-y-sin-tecnico\/","title":{"rendered":"\u2018Chicho\u2019 Arango sin f\u00fatbol y sin t\u00e9cnico"},"content":{"rendered":"<p style=\"text-align: justify;\"><span style=\"font-family: helvetica, arial, sans-serif;\">El delantero colombiano\u00a0<b>Cristian \u2018Chicho\u2019 Arango<\/b>\u00a0se qued\u00f3 sin temporada y sin t\u00e9cnico para el pr\u00f3ximo a\u00f1o en la\u00a0<b>MLS<\/b>, luego que Bob Bradley fuera despedido de\u00a0<b>Los \u00c1ngeles FC<\/b>, tras la eliminaci\u00f3n de los playoffs de la liga estadounidense.<\/span><\/p>\n<p style=\"text-align: justify;\"><span style=\"font-family: helvetica, arial, sans-serif;\">Bradley dirig\u00eda el club californiano desde el debut de la franquicia en 2018.<\/span><\/p>\n<p style=\"text-align: justify;\"><span style=\"font-family: helvetica, arial, sans-serif;\">\"Bob ha sido fant\u00e1stico como primer y \u00fanico entrenador principal de este club\", dijo el director general de Los \u00c1ngeles,\u00a0<b>John Thorrington<\/b>, en un comunicado de prensa.<\/span><\/p>\n<p style=\"text-align: justify;\"><span style=\"font-family: helvetica, arial, sans-serif;\">En sus cuatro temporadas al frente del equipo, Bradley registr\u00f3 58 victorias, 32 empates y 34 derrotas.<\/span><\/p>\n<p style=\"text-align: justify;\"><span style=\"font-family: helvetica, arial, sans-serif;\">\"Ha sido incre\u00edble haber participado en la temprana historia del\u00a0<b>LAFC<\/b>. Desde el principio hubo un compromiso real de conectar con la ciudad y los aficionados y compartimos algunas experiencias incre\u00edbles\", declar\u00f3 el estratega, quien en 2019 tuvo su mejor campa\u00f1a al llegar a las semifinales.<\/span><\/p>\n<p style=\"text-align: justify;\"><span style=\"font-family: helvetica, arial, sans-serif;\">Bradley fue campe\u00f3n de la MLS con el\u00a0<b>Chicago Fire<\/b>\u00a0en 1998 y estuvo al frente de la\u00a0<b>selecci\u00f3n de Estados Unidos<\/b>\u00a0entre 2006 y 2011, dirigiendo el equipo de las barras y las estrellas en el\u00a0<b>Mundial de Sud\u00e1frica-2010<\/b>.<\/span><\/p>\n","protected":false},"excerpt":{"rendered":"<p>El delantero colombiano\u00a0Cristian \u2018Chicho\u2019 Arango\u00a0se qued\u00f3 sin temporada y sin t\u00e9cnico para el pr\u00f3ximo a\u00f1o en la\u00a0MLS, luego que Bob Bradley fuera despedido de\u00a0Los \u00c1ngeles FC, tras la eliminaci\u00f3n de los playoffs de la liga estadounidense. Bradley dirig\u00eda el club californiano desde el debut de la franquicia en 2018. \"Bob ha sido fant\u00e1stico como primer [&hellip;]<\/p>\n","protected":false},"author":5,"featured_media":72590,"comment_status":"open","ping_status":"open","sticky":false,"template":"","format":"standard","meta":{"_acf_changed":false,"footnotes":""},"categories":[5],"tags":[],"class_list":{"0":"post-72588","1":"post","2":"type-post","3":"status-publish","4":"format-standard","5":"has-post-thumbnail","7":"category-destacados"},"acf":[],"yoast_head":"<!-- This site is optimized with the Yoast SEO plugin v26.8 - https:\/\/yoast.com\/product\/yoast-seo-wordpress\/ -->\n<title>\u2018Chicho\u2019 Arango sin f\u00fatbol y sin t\u00e9cnico -<\/title>\n<meta name=\"robots\" content=\"index, follow, max-snippet:-1, max-image-preview:large, max-video-preview:-1\" \/>\n<link rel=\"canonical\" href=\"https:\/\/futbolhoy.co\/index.php\/2021\/11\/18\/chicho-arango-sin-futbol-y-sin-tecnico\/\" \/>\n<meta property=\"og:locale\" content=\"es_ES\" \/>\n<meta property=\"og:type\" content=\"article\" \/>\n<meta property=\"og:title\" content=\"\u2018Chicho\u2019 Arango sin f\u00fatbol y sin t\u00e9cnico -\" \/>\n<meta property=\"og:description\" content=\"El delantero colombiano\u00a0Cristian \u2018Chicho\u2019 Arango\u00a0se qued\u00f3 sin temporada y sin t\u00e9cnico para el pr\u00f3ximo a\u00f1o en la\u00a0MLS, luego que Bob Bradley fuera despedido de\u00a0Los \u00c1ngeles FC, tras la eliminaci\u00f3n de los playoffs de la liga estadounidense. Bradley dirig\u00eda el club californiano desde el debut de la franquicia en 2018. &quot;Bob ha sido fant\u00e1stico como primer [&hellip;]\" \/>\n<meta property=\"og:url\" content=\"https:\/\/futbolhoy.co\/index.php\/2021\/11\/18\/chicho-arango-sin-futbol-y-sin-tecnico\/\" \/>\n<meta property=\"article:publisher\" content=\"https:\/\/www.facebook.com\/FutbolHoyCol\/\" \/>\n<meta property=\"article:published_time\" content=\"2021-11-18T23:53:03+00:00\" \/>\n<meta property=\"og:image\" content=\"https:\/\/futbolhoy.co\/wp-content\/uploads\/2021\/11\/20211118_185216.jpg\" \/>\n\t<meta property=\"og:image:width\" content=\"2000\" \/>\n\t<meta property=\"og:image:height\" content=\"1333\" \/>\n\t<meta property=\"og:image:type\" content=\"image\/jpeg\" \/>\n<meta name=\"author\" content=\"Laura Hern\u00e1ndez\" \/>\n<meta name=\"twitter:card\" content=\"summary_large_image\" \/>\n<meta name=\"twitter:creator\" content=\"@FutbolHoyCol\" \/>\n<meta name=\"twitter:site\" content=\"@FutbolHoyCol\" \/>\n<meta name=\"twitter:label1\" content=\"Escrito por\" \/>\n\t<meta name=\"twitter:data1\" content=\"Laura Hern\u00e1ndez\" \/>\n\t<meta name=\"twitter:label2\" content=\"Tiempo de lectura\" \/>\n\t<meta name=\"twitter:data2\" content=\"1 minuto\" \/>\n<script type=\"application\/ld+json\" class=\"yoast-schema-graph\">{\"@context\":\"https:\/\/schema.org\",\"@graph\":[{\"@type\":\"Article\",\"@id\":\"https:\/\/futbolhoy.co\/index.php\/2021\/11\/18\/chicho-arango-sin-futbol-y-sin-tecnico\/#article\",\"isPartOf\":{\"@id\":\"https:\/\/futbolhoy.co\/index.php\/2021\/11\/18\/chicho-arango-sin-futbol-y-sin-tecnico\/\"},\"author\":{\"name\":\"Laura Hern\u00e1ndez\",\"@id\":\"https:\/\/futbolhoy.co\/#\/schema\/person\/c4a353a512b127643723a34bb1812f7d\"},\"headline\":\"\u2018Chicho\u2019 Arango sin f\u00fatbol y sin t\u00e9cnico\",\"datePublished\":\"2021-11-18T23:53:03+00:00\",\"mainEntityOfPage\":{\"@id\":\"https:\/\/futbolhoy.co\/index.php\/2021\/11\/18\/chicho-arango-sin-futbol-y-sin-tecnico\/\"},\"wordCount\":196,\"commentCount\":0,\"publisher\":{\"@id\":\"https:\/\/futbolhoy.co\/#organization\"},\"image\":{\"@id\":\"https:\/\/futbolhoy.co\/index.php\/2021\/11\/18\/chicho-arango-sin-futbol-y-sin-tecnico\/#primaryimage\"},\"thumbnailUrl\":\"https:\/\/futbolhoy.co\/wp-content\/uploads\/2021\/11\/20211118_185216.jpg\",\"articleSection\":[\"Destacados\"],\"inLanguage\":\"es\",\"potentialAction\":[{\"@type\":\"CommentAction\",\"name\":\"Comment\",\"target\":[\"https:\/\/futbolhoy.co\/index.php\/2021\/11\/18\/chicho-arango-sin-futbol-y-sin-tecnico\/#respond\"]}]},{\"@type\":\"WebPage\",\"@id\":\"https:\/\/futbolhoy.co\/index.php\/2021\/11\/18\/chicho-arango-sin-futbol-y-sin-tecnico\/\",\"url\":\"https:\/\/futbolhoy.co\/index.php\/2021\/11\/18\/chicho-arango-sin-futbol-y-sin-tecnico\/\",\"name\":\"\u2018Chicho\u2019 Arango sin f\u00fatbol y sin t\u00e9cnico -\",\"isPartOf\":{\"@id\":\"https:\/\/futbolhoy.co\/#website\"},\"primaryImageOfPage\":{\"@id\":\"https:\/\/futbolhoy.co\/index.php\/2021\/11\/18\/chicho-arango-sin-futbol-y-sin-tecnico\/#primaryimage\"},\"image\":{\"@id\":\"https:\/\/futbolhoy.co\/index.php\/2021\/11\/18\/chicho-arango-sin-futbol-y-sin-tecnico\/#primaryimage\"},\"thumbnailUrl\":\"https:\/\/futbolhoy.co\/wp-content\/uploads\/2021\/11\/20211118_185216.jpg\",\"datePublished\":\"2021-11-18T23:53:03+00:00\",\"breadcrumb\":{\"@id\":\"https:\/\/futbolhoy.co\/index.php\/2021\/11\/18\/chicho-arango-sin-futbol-y-sin-tecnico\/#breadcrumb\"},\"inLanguage\":\"es\",\"potentialAction\":[{\"@type\":\"ReadAction\",\"target\":[\"https:\/\/futbolhoy.co\/index.php\/2021\/11\/18\/chicho-arango-sin-futbol-y-sin-tecnico\/\"]}]},{\"@type\":\"ImageObject\",\"inLanguage\":\"es\",\"@id\":\"https:\/\/futbolhoy.co\/index.php\/2021\/11\/18\/chicho-arango-sin-futbol-y-sin-tecnico\/#primaryimage\",\"url\":\"https:\/\/futbolhoy.co\/wp-content\/uploads\/2021\/11\/20211118_185216.jpg\",\"contentUrl\":\"https:\/\/futbolhoy.co\/wp-content\/uploads\/2021\/11\/20211118_185216.jpg\",\"width\":2000,\"height\":1333},{\"@type\":\"BreadcrumbList\",\"@id\":\"https:\/\/futbolhoy.co\/index.php\/2021\/11\/18\/chicho-arango-sin-futbol-y-sin-tecnico\/#breadcrumb\",\"itemListElement\":[{\"@type\":\"ListItem\",\"position\":1,\"name\":\"Portada\",\"item\":\"https:\/\/futbolhoy.co\/\"},{\"@type\":\"ListItem\",\"position\":2,\"name\":\"\u2018Chicho\u2019 Arango sin f\u00fatbol y sin t\u00e9cnico\"}]},{\"@type\":\"WebSite\",\"@id\":\"https:\/\/futbolhoy.co\/#website\",\"url\":\"https:\/\/futbolhoy.co\/\",\"name\":\"FutbolHoy\",\"description\":\"\",\"publisher\":{\"@id\":\"https:\/\/futbolhoy.co\/#organization\"},\"potentialAction\":[{\"@type\":\"SearchAction\",\"target\":{\"@type\":\"EntryPoint\",\"urlTemplate\":\"https:\/\/futbolhoy.co\/?s={search_term_string}\"},\"query-input\":{\"@type\":\"PropertyValueSpecification\",\"valueRequired\":true,\"valueName\":\"search_term_string\"}}],\"inLanguage\":\"es\"},{\"@type\":\"Organization\",\"@id\":\"https:\/\/futbolhoy.co\/#organization\",\"name\":\"Futbolhoy.co\",\"url\":\"https:\/\/futbolhoy.co\/\",\"logo\":{\"@type\":\"ImageObject\",\"inLanguage\":\"es\",\"@id\":\"https:\/\/futbolhoy.co\/#\/schema\/logo\/image\/\",\"url\":\"https:\/\/futbolhoy.co\/wp-content\/uploads\/2018\/08\/17426380_1906371736249227_6326180412931521141_n.jpg\",\"contentUrl\":\"https:\/\/futbolhoy.co\/wp-content\/uploads\/2018\/08\/17426380_1906371736249227_6326180412931521141_n.jpg\",\"width\":960,\"height\":960,\"caption\":\"Futbolhoy.co\"},\"image\":{\"@id\":\"https:\/\/futbolhoy.co\/#\/schema\/logo\/image\/\"},\"sameAs\":[\"https:\/\/www.facebook.com\/FutbolHoyCol\/\",\"https:\/\/x.com\/FutbolHoyCol\",\"https:\/\/www.instagram.com\/futbolhoycol\/\"]},{\"@type\":\"Person\",\"@id\":\"https:\/\/futbolhoy.co\/#\/schema\/person\/c4a353a512b127643723a34bb1812f7d\",\"name\":\"Laura Hern\u00e1ndez\",\"image\":{\"@type\":\"ImageObject\",\"inLanguage\":\"es\",\"@id\":\"https:\/\/futbolhoy.co\/#\/schema\/person\/image\/\",\"url\":\"https:\/\/secure.gravatar.com\/avatar\/d25959a15b9b293a743f99181c7cfd01?s=96&d=mm&r=g\",\"contentUrl\":\"https:\/\/secure.gravatar.com\/avatar\/d25959a15b9b293a743f99181c7cfd01?s=96&d=mm&r=g\",\"caption\":\"Laura Hern\u00e1ndez\"}}]}<\/script>\n<!-- \/ Yoast SEO plugin. -->","yoast_head_json":{"title":"\u2018Chicho\u2019 Arango sin f\u00fatbol y sin t\u00e9cnico -","robots":{"index":"index","follow":"follow","max-snippet":"max-snippet:-1","max-image-preview":"max-image-preview:large","max-video-preview":"max-video-preview:-1"},"canonical":"https:\/\/futbolhoy.co\/index.php\/2021\/11\/18\/chicho-arango-sin-futbol-y-sin-tecnico\/","og_locale":"es_ES","og_type":"article","og_title":"\u2018Chicho\u2019 Arango sin f\u00fatbol y sin t\u00e9cnico -","og_description":"El delantero colombiano\u00a0Cristian \u2018Chicho\u2019 Arango\u00a0se qued\u00f3 sin temporada y sin t\u00e9cnico para el pr\u00f3ximo a\u00f1o en la\u00a0MLS, luego que Bob Bradley fuera despedido de\u00a0Los \u00c1ngeles FC, tras la eliminaci\u00f3n de los playoffs de la liga estadounidense. Bradley dirig\u00eda el club californiano desde el debut de la franquicia en 2018. \"Bob ha sido fant\u00e1stico como primer [&hellip;]","og_url":"https:\/\/futbolhoy.co\/index.php\/2021\/11\/18\/chicho-arango-sin-futbol-y-sin-tecnico\/","article_publisher":"https:\/\/www.facebook.com\/FutbolHoyCol\/","article_published_time":"2021-11-18T23:53:03+00:00","og_image":[{"width":2000,"height":1333,"url":"https:\/\/futbolhoy.co\/wp-content\/uploads\/2021\/11\/20211118_185216.jpg","type":"image\/jpeg"}],"author":"Laura Hern\u00e1ndez","twitter_card":"summary_large_image","twitter_creator":"@FutbolHoyCol","twitter_site":"@FutbolHoyCol","twitter_misc":{"Escrito por":"Laura Hern\u00e1ndez","Tiempo de lectura":"1 minuto"},"schema":{"@context":"https:\/\/schema.org","@graph":[{"@type":"Article","@id":"https:\/\/futbolhoy.co\/index.php\/2021\/11\/18\/chicho-arango-sin-futbol-y-sin-tecnico\/#article","isPartOf":{"@id":"https:\/\/futbolhoy.co\/index.php\/2021\/11\/18\/chicho-arango-sin-futbol-y-sin-tecnico\/"},"author":{"name":"Laura Hern\u00e1ndez","@id":"https:\/\/futbolhoy.co\/#\/schema\/person\/c4a353a512b127643723a34bb1812f7d"},"headline":"\u2018Chicho\u2019 Arango sin f\u00fatbol y sin t\u00e9cnico","datePublished":"2021-11-18T23:53:03+00:00","mainEntityOfPage":{"@id":"https:\/\/futbolhoy.co\/index.php\/2021\/11\/18\/chicho-arango-sin-futbol-y-sin-tecnico\/"},"wordCount":196,"commentCount":0,"publisher":{"@id":"https:\/\/futbolhoy.co\/#organization"},"image":{"@id":"https:\/\/futbolhoy.co\/index.php\/2021\/11\/18\/chicho-arango-sin-futbol-y-sin-tecnico\/#primaryimage"},"thumbnailUrl":"https:\/\/futbolhoy.co\/wp-content\/uploads\/2021\/11\/20211118_185216.jpg","articleSection":["Destacados"],"inLanguage":"es","potentialAction":[{"@type":"CommentAction","name":"Comment","target":["https:\/\/futbolhoy.co\/index.php\/2021\/11\/18\/chicho-arango-sin-futbol-y-sin-tecnico\/#respond"]}]},{"@type":"WebPage","@id":"https:\/\/futbolhoy.co\/index.php\/2021\/11\/18\/chicho-arango-sin-futbol-y-sin-tecnico\/","url":"https:\/\/futbolhoy.co\/index.php\/2021\/11\/18\/chicho-arango-sin-futbol-y-sin-tecnico\/","name":"\u2018Chicho\u2019 Arango sin f\u00fatbol y sin t\u00e9cnico -","isPartOf":{"@id":"https:\/\/futbolhoy.co\/#website"},"primaryImageOfPage":{"@id":"https:\/\/futbolhoy.co\/index.php\/2021\/11\/18\/chicho-arango-sin-futbol-y-sin-tecnico\/#primaryimage"},"image":{"@id":"https:\/\/futbolhoy.co\/index.php\/2021\/11\/18\/chicho-arango-sin-futbol-y-sin-tecnico\/#primaryimage"},"thumbnailUrl":"https:\/\/futbolhoy.co\/wp-content\/uploads\/2021\/11\/20211118_185216.jpg","datePublished":"2021-11-18T23:53:03+00:00","breadcrumb":{"@id":"https:\/\/futbolhoy.co\/index.php\/2021\/11\/18\/chicho-arango-sin-futbol-y-sin-tecnico\/#breadcrumb"},"inLanguage":"es","potentialAction":[{"@type":"ReadAction","target":["https:\/\/futbolhoy.co\/index.php\/2021\/11\/18\/chicho-arango-sin-futbol-y-sin-tecnico\/"]}]},{"@type":"ImageObject","inLanguage":"es","@id":"https:\/\/futbolhoy.co\/index.php\/2021\/11\/18\/chicho-arango-sin-futbol-y-sin-tecnico\/#primaryimage","url":"https:\/\/futbolhoy.co\/wp-content\/uploads\/2021\/11\/20211118_185216.jpg","contentUrl":"https:\/\/futbolhoy.co\/wp-content\/uploads\/2021\/11\/20211118_185216.jpg","width":2000,"height":1333},{"@type":"BreadcrumbList","@id":"https:\/\/futbolhoy.co\/index.php\/2021\/11\/18\/chicho-arango-sin-futbol-y-sin-tecnico\/#breadcrumb","itemListElement":[{"@type":"ListItem","position":1,"name":"Portada","item":"https:\/\/futbolhoy.co\/"},{"@type":"ListItem","position":2,"name":"\u2018Chicho\u2019 Arango sin f\u00fatbol y sin t\u00e9cnico"}]},{"@type":"WebSite","@id":"https:\/\/futbolhoy.co\/#website","url":"https:\/\/futbolhoy.co\/","name":"FutbolHoy","description":"","publisher":{"@id":"https:\/\/futbolhoy.co\/#organization"},"potentialAction":[{"@type":"SearchAction","target":{"@type":"EntryPoint","urlTemplate":"https:\/\/futbolhoy.co\/?s={search_term_string}"},"query-input":{"@type":"PropertyValueSpecification","valueRequired":true,"valueName":"search_term_string"}}],"inLanguage":"es"},{"@type":"Organization","@id":"https:\/\/futbolhoy.co\/#organization","name":"Futbolhoy.co","url":"https:\/\/futbolhoy.co\/","logo":{"@type":"ImageObject","inLanguage":"es","@id":"https:\/\/futbolhoy.co\/#\/schema\/logo\/image\/","url":"https:\/\/futbolhoy.co\/wp-content\/uploads\/2018\/08\/17426380_1906371736249227_6326180412931521141_n.jpg","contentUrl":"https:\/\/futbolhoy.co\/wp-content\/uploads\/2018\/08\/17426380_1906371736249227_6326180412931521141_n.jpg","width":960,"height":960,"caption":"Futbolhoy.co"},"image":{"@id":"https:\/\/futbolhoy.co\/#\/schema\/logo\/image\/"},"sameAs":["https:\/\/www.facebook.com\/FutbolHoyCol\/","https:\/\/x.com\/FutbolHoyCol","https:\/\/www.instagram.com\/futbolhoycol\/"]},{"@type":"Person","@id":"https:\/\/futbolhoy.co\/#\/schema\/person\/c4a353a512b127643723a34bb1812f7d","name":"Laura Hern\u00e1ndez","image":{"@type":"ImageObject","inLanguage":"es","@id":"https:\/\/futbolhoy.co\/#\/schema\/person\/image\/","url":"https:\/\/secure.gravatar.com\/avatar\/d25959a15b9b293a743f99181c7cfd01?s=96&d=mm&r=g","contentUrl":"https:\/\/secure.gravatar.com\/avatar\/d25959a15b9b293a743f99181c7cfd01?s=96&d=mm&r=g","caption":"Laura Hern\u00e1ndez"}}]}},"publishpress_future_action":{"enabled":false,"date":"2026-05-03 06:57:16","action":"change-status","newStatus":"draft","terms":[],"taxonomy":"category","extraData":[]},"publishpress_future_workflow_manual_trigger":{"enabledWorkflows":[]},"_links":{"self":[{"href":"https:\/\/futbolhoy.co\/index.php\/wp-json\/wp\/v2\/posts\/72588","targetHints":{"allow":["GET"]}}],"collection":[{"href":"https:\/\/futbolhoy.co\/index.php\/wp-json\/wp\/v2\/posts"}],"about":[{"href":"https:\/\/futbolhoy.co\/index.php\/wp-json\/wp\/v2\/types\/post"}],"author":[{"embeddable":true,"href":"https:\/\/futbolhoy.co\/index.php\/wp-json\/wp\/v2\/users\/5"}],"replies":[{"embeddable":true,"href":"https:\/\/futbolhoy.co\/index.php\/wp-json\/wp\/v2\/comments?post=72588"}],"version-history":[{"count":1,"href":"https:\/\/futbolhoy.co\/index.php\/wp-json\/wp\/v2\/posts\/72588\/revisions"}],"predecessor-version":[{"id":72591,"href":"https:\/\/futbolhoy.co\/index.php\/wp-json\/wp\/v2\/posts\/72588\/revisions\/72591"}],"wp:featuredmedia":[{"embeddable":true,"href":"https:\/\/futbolhoy.co\/index.php\/wp-json\/wp\/v2\/media\/72590"}],"wp:attachment":[{"href":"https:\/\/futbolhoy.co\/index.php\/wp-json\/wp\/v2\/media?parent=72588"}],"wp:term":[{"taxonomy":"category","embeddable":true,"href":"https:\/\/futbolhoy.co\/index.php\/wp-json\/wp\/v2\/categories?post=72588"},{"taxonomy":"post_tag","embeddable":true,"href":"https:\/\/futbolhoy.co\/index.php\/wp-json\/wp\/v2\/tags?post=72588"}],"curies":[{"name":"wp","href":"https:\/\/api.w.org\/{rel}","templated":true}]}}