{"id":72595,"date":"2021-11-19T08:07:24","date_gmt":"2021-11-19T13:07:24","guid":{"rendered":"https:\/\/futbolhoy.co\/?p=72595"},"modified":"2021-11-20T09:13:47","modified_gmt":"2021-11-20T14:13:47","slug":"xavi-es-el-hombre-para-el-barcelona-pero-es-el-momento-valdano","status":"publish","type":"post","link":"https:\/\/futbolhoy.co\/index.php\/2021\/11\/19\/xavi-es-el-hombre-para-el-barcelona-pero-es-el-momento-valdano\/","title":{"rendered":"\u201cXavi es el hombre para el Barcelona, pero \u00bfes el momento?\u201d, Valdano"},"content":{"rendered":"<!--[if lt IE 9]><script>document.createElement('audio');<\/script><![endif]-->\n<audio class=\"wp-audio-shortcode\" id=\"audio-72595-1\" preload=\"none\" style=\"width: 100%;\" controls=\"controls\"><source type=\"audio\/mpeg\" src=\"https:\/\/futbolhoy.co\/wp-content\/uploads\/2021\/11\/Jorge-Valdano-ex-jugador-y-ex-tecnico..mp3?_=1\" \/><a href=\"https:\/\/futbolhoy.co\/wp-content\/uploads\/2021\/11\/Jorge-Valdano-ex-jugador-y-ex-tecnico..mp3\">https:\/\/futbolhoy.co\/wp-content\/uploads\/2021\/11\/Jorge-Valdano-ex-jugador-y-ex-tecnico..mp3<\/a><\/audio>\n<p style=\"text-align: justify;\"><span lang=\"ES-MX\" style=\"font-family: helvetica, arial, sans-serif;\">El argentino\u00a0<b>Jorge Valdano<\/b>, ex jugador y ex t\u00e9cnico, se refiri\u00f3 a la llegada de\u00a0<b>Xavi Hern\u00e1ndez<\/b>\u00a0como entrenador del\u00a0<b>Barcelona<\/b>\u00a0y asegur\u00f3 que \u201cEs el hombre justo para tomar el mando del equipo, pero falta saber si llega en el momento justo para remontar la situaci\u00f3n del club\u201d.<\/span><\/p>\n<p style=\"text-align: justify;\"><span lang=\"ES-MX\" style=\"font-family: helvetica, arial, sans-serif;\">\"Cada club tiene una singularidad y el Barcelona es de los pocos clubes que para remontar necesita apoyarse en una idea. Y la idea es la de Xavi. O sea que \u00e9l es el hombre justo. Solo nos hace falta saber si llega en el momento justo\", declar\u00f3 Valdano durante una entrevista que ofreci\u00f3 a la agencia de noticias\u00a0<i>EFE<\/i>, como embajador de la plataforma de educaci\u00f3n digital especializada en deporte\u00a0<i>Oxygen<\/i>.<\/span><\/p>\n<p style=\"text-align: justify;\"><span lang=\"ES-MX\" style=\"font-family: helvetica, arial, sans-serif;\">Para el comentarista argentino el nuevo t\u00e9cnico \u2018blaugrana\u2019 se enfrentar\u00e1 a \"muchas interferencias en su desaf\u00edo al frente del conjunto barcelonista. Jugadores demasiado j\u00f3venes, jugadores demasiado veteranos, una situaci\u00f3n econ\u00f3mica delicada que no permite ir al mercado...\", pero su \"gran ventaja\" es representar esa idea que puede seguir el Barcelona.<\/span><\/p>\n<p style=\"text-align: justify;\"><span lang=\"ES-MX\" style=\"font-family: helvetica, arial, sans-serif;\">Adem\u00e1s, analiz\u00f3 la presencia de\u00a0<b>Lionel Messi<\/b>\u00a0en el\u00a0<b>PSG<\/b>, \"Sigue siendo el genio de siempre.\u00a0<b>El Mundial<\/b>\u00a0es un desaf\u00edo que yo creo que sigue renovando cada cierto tiempo. Y adem\u00e1s porque en la selecci\u00f3n argentina se ha terminado por crear un grupo en donde adem\u00e1s se siente realmente importante, porque lo es\".<\/span><\/p>\n","protected":false},"excerpt":{"rendered":"<p>El argentino\u00a0Jorge Valdano, ex jugador y ex t\u00e9cnico, se refiri\u00f3 a la llegada de\u00a0Xavi Hern\u00e1ndez\u00a0como entrenador del\u00a0Barcelona\u00a0y asegur\u00f3 que \u201cEs el hombre justo para tomar el mando del equipo, pero falta saber si llega en el momento justo para remontar la situaci\u00f3n del club\u201d. \"Cada club tiene una singularidad y el Barcelona es de los [&hellip;]<\/p>\n","protected":false},"author":5,"featured_media":72597,"comment_status":"open","ping_status":"open","sticky":false,"template":"","format":"video","meta":{"_acf_changed":false,"footnotes":""},"categories":[152],"tags":[],"class_list":{"0":"post-72595","1":"post","2":"type-post","3":"status-publish","4":"format-video","5":"has-post-thumbnail","7":"category-mundo-futbol","8":"post_format-post-format-video"},"acf":[],"yoast_head":"<!-- This site is optimized with the Yoast SEO plugin v26.8 - https:\/\/yoast.com\/product\/yoast-seo-wordpress\/ -->\n<title>\u201cXavi es el hombre para el Barcelona, pero \u00bfes el momento?\u201d, Valdano -<\/title>\n<meta name=\"robots\" content=\"index, follow, max-snippet:-1, max-image-preview:large, max-video-preview:-1\" \/>\n<link rel=\"canonical\" href=\"https:\/\/futbolhoy.co\/index.php\/2021\/11\/19\/xavi-es-el-hombre-para-el-barcelona-pero-es-el-momento-valdano\/\" \/>\n<meta property=\"og:locale\" content=\"es_ES\" \/>\n<meta property=\"og:type\" content=\"article\" \/>\n<meta property=\"og:title\" content=\"\u201cXavi es el hombre para el Barcelona, pero \u00bfes el momento?\u201d, Valdano -\" \/>\n<meta property=\"og:description\" content=\"El argentino\u00a0Jorge Valdano, ex jugador y ex t\u00e9cnico, se refiri\u00f3 a la llegada de\u00a0Xavi Hern\u00e1ndez\u00a0como entrenador del\u00a0Barcelona\u00a0y asegur\u00f3 que \u201cEs el hombre justo para tomar el mando del equipo, pero falta saber si llega en el momento justo para remontar la situaci\u00f3n del club\u201d. &quot;Cada club tiene una singularidad y el Barcelona es de los [&hellip;]\" \/>\n<meta property=\"og:url\" content=\"https:\/\/futbolhoy.co\/index.php\/2021\/11\/19\/xavi-es-el-hombre-para-el-barcelona-pero-es-el-momento-valdano\/\" \/>\n<meta property=\"article:publisher\" content=\"https:\/\/www.facebook.com\/FutbolHoyCol\/\" \/>\n<meta property=\"article:published_time\" content=\"2021-11-19T13:07:24+00:00\" \/>\n<meta property=\"article:modified_time\" content=\"2021-11-20T14:13:47+00:00\" \/>\n<meta property=\"og:image\" content=\"https:\/\/futbolhoy.co\/wp-content\/uploads\/2021\/11\/20211119_080500.jpg\" \/>\n\t<meta property=\"og:image:width\" content=\"1080\" \/>\n\t<meta property=\"og:image:height\" content=\"809\" \/>\n\t<meta property=\"og:image:type\" content=\"image\/jpeg\" \/>\n<meta name=\"author\" content=\"Laura Hern\u00e1ndez\" \/>\n<meta name=\"twitter:card\" content=\"summary_large_image\" \/>\n<meta name=\"twitter:creator\" content=\"@FutbolHoyCol\" \/>\n<meta name=\"twitter:site\" content=\"@FutbolHoyCol\" \/>\n<meta name=\"twitter:label1\" content=\"Escrito por\" \/>\n\t<meta name=\"twitter:data1\" content=\"Laura Hern\u00e1ndez\" \/>\n\t<meta name=\"twitter:label2\" content=\"Tiempo de lectura\" \/>\n\t<meta name=\"twitter:data2\" content=\"1 minuto\" \/>\n<script type=\"application\/ld+json\" class=\"yoast-schema-graph\">{\"@context\":\"https:\/\/schema.org\",\"@graph\":[{\"@type\":\"Article\",\"@id\":\"https:\/\/futbolhoy.co\/index.php\/2021\/11\/19\/xavi-es-el-hombre-para-el-barcelona-pero-es-el-momento-valdano\/#article\",\"isPartOf\":{\"@id\":\"https:\/\/futbolhoy.co\/index.php\/2021\/11\/19\/xavi-es-el-hombre-para-el-barcelona-pero-es-el-momento-valdano\/\"},\"author\":{\"name\":\"Laura Hern\u00e1ndez\",\"@id\":\"https:\/\/futbolhoy.co\/#\/schema\/person\/c4a353a512b127643723a34bb1812f7d\"},\"headline\":\"\u201cXavi es el hombre para el Barcelona, pero \u00bfes el momento?\u201d, Valdano\",\"datePublished\":\"2021-11-19T13:07:24+00:00\",\"dateModified\":\"2021-11-20T14:13:47+00:00\",\"mainEntityOfPage\":{\"@id\":\"https:\/\/futbolhoy.co\/index.php\/2021\/11\/19\/xavi-es-el-hombre-para-el-barcelona-pero-es-el-momento-valdano\/\"},\"wordCount\":261,\"commentCount\":0,\"publisher\":{\"@id\":\"https:\/\/futbolhoy.co\/#organization\"},\"image\":{\"@id\":\"https:\/\/futbolhoy.co\/index.php\/2021\/11\/19\/xavi-es-el-hombre-para-el-barcelona-pero-es-el-momento-valdano\/#primaryimage\"},\"thumbnailUrl\":\"https:\/\/futbolhoy.co\/wp-content\/uploads\/2021\/11\/20211119_080500.jpg\",\"articleSection\":[\"Mundo Futbol\"],\"inLanguage\":\"es\",\"potentialAction\":[{\"@type\":\"CommentAction\",\"name\":\"Comment\",\"target\":[\"https:\/\/futbolhoy.co\/index.php\/2021\/11\/19\/xavi-es-el-hombre-para-el-barcelona-pero-es-el-momento-valdano\/#respond\"]}]},{\"@type\":\"WebPage\",\"@id\":\"https:\/\/futbolhoy.co\/index.php\/2021\/11\/19\/xavi-es-el-hombre-para-el-barcelona-pero-es-el-momento-valdano\/\",\"url\":\"https:\/\/futbolhoy.co\/index.php\/2021\/11\/19\/xavi-es-el-hombre-para-el-barcelona-pero-es-el-momento-valdano\/\",\"name\":\"\u201cXavi es el hombre para el Barcelona, pero \u00bfes el momento?\u201d, Valdano -\",\"isPartOf\":{\"@id\":\"https:\/\/futbolhoy.co\/#website\"},\"primaryImageOfPage\":{\"@id\":\"https:\/\/futbolhoy.co\/index.php\/2021\/11\/19\/xavi-es-el-hombre-para-el-barcelona-pero-es-el-momento-valdano\/#primaryimage\"},\"image\":{\"@id\":\"https:\/\/futbolhoy.co\/index.php\/2021\/11\/19\/xavi-es-el-hombre-para-el-barcelona-pero-es-el-momento-valdano\/#primaryimage\"},\"thumbnailUrl\":\"https:\/\/futbolhoy.co\/wp-content\/uploads\/2021\/11\/20211119_080500.jpg\",\"datePublished\":\"2021-11-19T13:07:24+00:00\",\"dateModified\":\"2021-11-20T14:13:47+00:00\",\"breadcrumb\":{\"@id\":\"https:\/\/futbolhoy.co\/index.php\/2021\/11\/19\/xavi-es-el-hombre-para-el-barcelona-pero-es-el-momento-valdano\/#breadcrumb\"},\"inLanguage\":\"es\",\"potentialAction\":[{\"@type\":\"ReadAction\",\"target\":[\"https:\/\/futbolhoy.co\/index.php\/2021\/11\/19\/xavi-es-el-hombre-para-el-barcelona-pero-es-el-momento-valdano\/\"]}]},{\"@type\":\"ImageObject\",\"inLanguage\":\"es\",\"@id\":\"https:\/\/futbolhoy.co\/index.php\/2021\/11\/19\/xavi-es-el-hombre-para-el-barcelona-pero-es-el-momento-valdano\/#primaryimage\",\"url\":\"https:\/\/futbolhoy.co\/wp-content\/uploads\/2021\/11\/20211119_080500.jpg\",\"contentUrl\":\"https:\/\/futbolhoy.co\/wp-content\/uploads\/2021\/11\/20211119_080500.jpg\",\"width\":1080,\"height\":809},{\"@type\":\"BreadcrumbList\",\"@id\":\"https:\/\/futbolhoy.co\/index.php\/2021\/11\/19\/xavi-es-el-hombre-para-el-barcelona-pero-es-el-momento-valdano\/#breadcrumb\",\"itemListElement\":[{\"@type\":\"ListItem\",\"position\":1,\"name\":\"Portada\",\"item\":\"https:\/\/futbolhoy.co\/\"},{\"@type\":\"ListItem\",\"position\":2,\"name\":\"\u201cXavi es el hombre para el Barcelona, pero \u00bfes el momento?\u201d, Valdano\"}]},{\"@type\":\"WebSite\",\"@id\":\"https:\/\/futbolhoy.co\/#website\",\"url\":\"https:\/\/futbolhoy.co\/\",\"name\":\"FutbolHoy\",\"description\":\"\",\"publisher\":{\"@id\":\"https:\/\/futbolhoy.co\/#organization\"},\"potentialAction\":[{\"@type\":\"SearchAction\",\"target\":{\"@type\":\"EntryPoint\",\"urlTemplate\":\"https:\/\/futbolhoy.co\/?s={search_term_string}\"},\"query-input\":{\"@type\":\"PropertyValueSpecification\",\"valueRequired\":true,\"valueName\":\"search_term_string\"}}],\"inLanguage\":\"es\"},{\"@type\":\"Organization\",\"@id\":\"https:\/\/futbolhoy.co\/#organization\",\"name\":\"Futbolhoy.co\",\"url\":\"https:\/\/futbolhoy.co\/\",\"logo\":{\"@type\":\"ImageObject\",\"inLanguage\":\"es\",\"@id\":\"https:\/\/futbolhoy.co\/#\/schema\/logo\/image\/\",\"url\":\"https:\/\/futbolhoy.co\/wp-content\/uploads\/2018\/08\/17426380_1906371736249227_6326180412931521141_n.jpg\",\"contentUrl\":\"https:\/\/futbolhoy.co\/wp-content\/uploads\/2018\/08\/17426380_1906371736249227_6326180412931521141_n.jpg\",\"width\":960,\"height\":960,\"caption\":\"Futbolhoy.co\"},\"image\":{\"@id\":\"https:\/\/futbolhoy.co\/#\/schema\/logo\/image\/\"},\"sameAs\":[\"https:\/\/www.facebook.com\/FutbolHoyCol\/\",\"https:\/\/x.com\/FutbolHoyCol\",\"https:\/\/www.instagram.com\/futbolhoycol\/\"]},{\"@type\":\"Person\",\"@id\":\"https:\/\/futbolhoy.co\/#\/schema\/person\/c4a353a512b127643723a34bb1812f7d\",\"name\":\"Laura Hern\u00e1ndez\",\"image\":{\"@type\":\"ImageObject\",\"inLanguage\":\"es\",\"@id\":\"https:\/\/futbolhoy.co\/#\/schema\/person\/image\/\",\"url\":\"https:\/\/secure.gravatar.com\/avatar\/d25959a15b9b293a743f99181c7cfd01?s=96&d=mm&r=g\",\"contentUrl\":\"https:\/\/secure.gravatar.com\/avatar\/d25959a15b9b293a743f99181c7cfd01?s=96&d=mm&r=g\",\"caption\":\"Laura Hern\u00e1ndez\"}}]}<\/script>\n<!-- \/ Yoast SEO plugin. -->","yoast_head_json":{"title":"\u201cXavi es el hombre para el Barcelona, pero \u00bfes el momento?\u201d, Valdano -","robots":{"index":"index","follow":"follow","max-snippet":"max-snippet:-1","max-image-preview":"max-image-preview:large","max-video-preview":"max-video-preview:-1"},"canonical":"https:\/\/futbolhoy.co\/index.php\/2021\/11\/19\/xavi-es-el-hombre-para-el-barcelona-pero-es-el-momento-valdano\/","og_locale":"es_ES","og_type":"article","og_title":"\u201cXavi es el hombre para el Barcelona, pero \u00bfes el momento?\u201d, Valdano -","og_description":"El argentino\u00a0Jorge Valdano, ex jugador y ex t\u00e9cnico, se refiri\u00f3 a la llegada de\u00a0Xavi Hern\u00e1ndez\u00a0como entrenador del\u00a0Barcelona\u00a0y asegur\u00f3 que \u201cEs el hombre justo para tomar el mando del equipo, pero falta saber si llega en el momento justo para remontar la situaci\u00f3n del club\u201d. \"Cada club tiene una singularidad y el Barcelona es de los [&hellip;]","og_url":"https:\/\/futbolhoy.co\/index.php\/2021\/11\/19\/xavi-es-el-hombre-para-el-barcelona-pero-es-el-momento-valdano\/","article_publisher":"https:\/\/www.facebook.com\/FutbolHoyCol\/","article_published_time":"2021-11-19T13:07:24+00:00","article_modified_time":"2021-11-20T14:13:47+00:00","og_image":[{"width":1080,"height":809,"url":"https:\/\/futbolhoy.co\/wp-content\/uploads\/2021\/11\/20211119_080500.jpg","type":"image\/jpeg"}],"author":"Laura Hern\u00e1ndez","twitter_card":"summary_large_image","twitter_creator":"@FutbolHoyCol","twitter_site":"@FutbolHoyCol","twitter_misc":{"Escrito por":"Laura Hern\u00e1ndez","Tiempo de lectura":"1 minuto"},"schema":{"@context":"https:\/\/schema.org","@graph":[{"@type":"Article","@id":"https:\/\/futbolhoy.co\/index.php\/2021\/11\/19\/xavi-es-el-hombre-para-el-barcelona-pero-es-el-momento-valdano\/#article","isPartOf":{"@id":"https:\/\/futbolhoy.co\/index.php\/2021\/11\/19\/xavi-es-el-hombre-para-el-barcelona-pero-es-el-momento-valdano\/"},"author":{"name":"Laura Hern\u00e1ndez","@id":"https:\/\/futbolhoy.co\/#\/schema\/person\/c4a353a512b127643723a34bb1812f7d"},"headline":"\u201cXavi es el hombre para el Barcelona, pero \u00bfes el momento?\u201d, Valdano","datePublished":"2021-11-19T13:07:24+00:00","dateModified":"2021-11-20T14:13:47+00:00","mainEntityOfPage":{"@id":"https:\/\/futbolhoy.co\/index.php\/2021\/11\/19\/xavi-es-el-hombre-para-el-barcelona-pero-es-el-momento-valdano\/"},"wordCount":261,"commentCount":0,"publisher":{"@id":"https:\/\/futbolhoy.co\/#organization"},"image":{"@id":"https:\/\/futbolhoy.co\/index.php\/2021\/11\/19\/xavi-es-el-hombre-para-el-barcelona-pero-es-el-momento-valdano\/#primaryimage"},"thumbnailUrl":"https:\/\/futbolhoy.co\/wp-content\/uploads\/2021\/11\/20211119_080500.jpg","articleSection":["Mundo Futbol"],"inLanguage":"es","potentialAction":[{"@type":"CommentAction","name":"Comment","target":["https:\/\/futbolhoy.co\/index.php\/2021\/11\/19\/xavi-es-el-hombre-para-el-barcelona-pero-es-el-momento-valdano\/#respond"]}]},{"@type":"WebPage","@id":"https:\/\/futbolhoy.co\/index.php\/2021\/11\/19\/xavi-es-el-hombre-para-el-barcelona-pero-es-el-momento-valdano\/","url":"https:\/\/futbolhoy.co\/index.php\/2021\/11\/19\/xavi-es-el-hombre-para-el-barcelona-pero-es-el-momento-valdano\/","name":"\u201cXavi es el hombre para el Barcelona, pero \u00bfes el momento?\u201d, Valdano -","isPartOf":{"@id":"https:\/\/futbolhoy.co\/#website"},"primaryImageOfPage":{"@id":"https:\/\/futbolhoy.co\/index.php\/2021\/11\/19\/xavi-es-el-hombre-para-el-barcelona-pero-es-el-momento-valdano\/#primaryimage"},"image":{"@id":"https:\/\/futbolhoy.co\/index.php\/2021\/11\/19\/xavi-es-el-hombre-para-el-barcelona-pero-es-el-momento-valdano\/#primaryimage"},"thumbnailUrl":"https:\/\/futbolhoy.co\/wp-content\/uploads\/2021\/11\/20211119_080500.jpg","datePublished":"2021-11-19T13:07:24+00:00","dateModified":"2021-11-20T14:13:47+00:00","breadcrumb":{"@id":"https:\/\/futbolhoy.co\/index.php\/2021\/11\/19\/xavi-es-el-hombre-para-el-barcelona-pero-es-el-momento-valdano\/#breadcrumb"},"inLanguage":"es","potentialAction":[{"@type":"ReadAction","target":["https:\/\/futbolhoy.co\/index.php\/2021\/11\/19\/xavi-es-el-hombre-para-el-barcelona-pero-es-el-momento-valdano\/"]}]},{"@type":"ImageObject","inLanguage":"es","@id":"https:\/\/futbolhoy.co\/index.php\/2021\/11\/19\/xavi-es-el-hombre-para-el-barcelona-pero-es-el-momento-valdano\/#primaryimage","url":"https:\/\/futbolhoy.co\/wp-content\/uploads\/2021\/11\/20211119_080500.jpg","contentUrl":"https:\/\/futbolhoy.co\/wp-content\/uploads\/2021\/11\/20211119_080500.jpg","width":1080,"height":809},{"@type":"BreadcrumbList","@id":"https:\/\/futbolhoy.co\/index.php\/2021\/11\/19\/xavi-es-el-hombre-para-el-barcelona-pero-es-el-momento-valdano\/#breadcrumb","itemListElement":[{"@type":"ListItem","position":1,"name":"Portada","item":"https:\/\/futbolhoy.co\/"},{"@type":"ListItem","position":2,"name":"\u201cXavi es el hombre para el Barcelona, pero \u00bfes el momento?\u201d, Valdano"}]},{"@type":"WebSite","@id":"https:\/\/futbolhoy.co\/#website","url":"https:\/\/futbolhoy.co\/","name":"FutbolHoy","description":"","publisher":{"@id":"https:\/\/futbolhoy.co\/#organization"},"potentialAction":[{"@type":"SearchAction","target":{"@type":"EntryPoint","urlTemplate":"https:\/\/futbolhoy.co\/?s={search_term_string}"},"query-input":{"@type":"PropertyValueSpecification","valueRequired":true,"valueName":"search_term_string"}}],"inLanguage":"es"},{"@type":"Organization","@id":"https:\/\/futbolhoy.co\/#organization","name":"Futbolhoy.co","url":"https:\/\/futbolhoy.co\/","logo":{"@type":"ImageObject","inLanguage":"es","@id":"https:\/\/futbolhoy.co\/#\/schema\/logo\/image\/","url":"https:\/\/futbolhoy.co\/wp-content\/uploads\/2018\/08\/17426380_1906371736249227_6326180412931521141_n.jpg","contentUrl":"https:\/\/futbolhoy.co\/wp-content\/uploads\/2018\/08\/17426380_1906371736249227_6326180412931521141_n.jpg","width":960,"height":960,"caption":"Futbolhoy.co"},"image":{"@id":"https:\/\/futbolhoy.co\/#\/schema\/logo\/image\/"},"sameAs":["https:\/\/www.facebook.com\/FutbolHoyCol\/","https:\/\/x.com\/FutbolHoyCol","https:\/\/www.instagram.com\/futbolhoycol\/"]},{"@type":"Person","@id":"https:\/\/futbolhoy.co\/#\/schema\/person\/c4a353a512b127643723a34bb1812f7d","name":"Laura Hern\u00e1ndez","image":{"@type":"ImageObject","inLanguage":"es","@id":"https:\/\/futbolhoy.co\/#\/schema\/person\/image\/","url":"https:\/\/secure.gravatar.com\/avatar\/d25959a15b9b293a743f99181c7cfd01?s=96&d=mm&r=g","contentUrl":"https:\/\/secure.gravatar.com\/avatar\/d25959a15b9b293a743f99181c7cfd01?s=96&d=mm&r=g","caption":"Laura Hern\u00e1ndez"}}]}},"publishpress_future_action":{"enabled":false,"date":"2026-05-03 09:45:22","action":"change-status","newStatus":"draft","terms":[],"taxonomy":"category","extraData":[]},"publishpress_future_workflow_manual_trigger":{"enabledWorkflows":[]},"_links":{"self":[{"href":"https:\/\/futbolhoy.co\/index.php\/wp-json\/wp\/v2\/posts\/72595","targetHints":{"allow":["GET"]}}],"collection":[{"href":"https:\/\/futbolhoy.co\/index.php\/wp-json\/wp\/v2\/posts"}],"about":[{"href":"https:\/\/futbolhoy.co\/index.php\/wp-json\/wp\/v2\/types\/post"}],"author":[{"embeddable":true,"href":"https:\/\/futbolhoy.co\/index.php\/wp-json\/wp\/v2\/users\/5"}],"replies":[{"embeddable":true,"href":"https:\/\/futbolhoy.co\/index.php\/wp-json\/wp\/v2\/comments?post=72595"}],"version-history":[{"count":1,"href":"https:\/\/futbolhoy.co\/index.php\/wp-json\/wp\/v2\/posts\/72595\/revisions"}],"predecessor-version":[{"id":72598,"href":"https:\/\/futbolhoy.co\/index.php\/wp-json\/wp\/v2\/posts\/72595\/revisions\/72598"}],"wp:featuredmedia":[{"embeddable":true,"href":"https:\/\/futbolhoy.co\/index.php\/wp-json\/wp\/v2\/media\/72597"}],"wp:attachment":[{"href":"https:\/\/futbolhoy.co\/index.php\/wp-json\/wp\/v2\/media?parent=72595"}],"wp:term":[{"taxonomy":"category","embeddable":true,"href":"https:\/\/futbolhoy.co\/index.php\/wp-json\/wp\/v2\/categories?post=72595"},{"taxonomy":"post_tag","embeddable":true,"href":"https:\/\/futbolhoy.co\/index.php\/wp-json\/wp\/v2\/tags?post=72595"}],"curies":[{"name":"wp","href":"https:\/\/api.w.org\/{rel}","templated":true}]}}