{"id":72660,"date":"2021-11-21T12:36:00","date_gmt":"2021-11-21T17:36:00","guid":{"rendered":"https:\/\/futbolhoy.co\/?p=72660"},"modified":"2021-11-22T08:06:14","modified_gmt":"2021-11-22T13:06:14","slug":"suarez-le-marco-al-madrid","status":"publish","type":"post","link":"https:\/\/futbolhoy.co\/index.php\/2021\/11\/21\/suarez-le-marco-al-madrid\/","title":{"rendered":"Su\u00e1rez le marc\u00f3 al Madrid"},"content":{"rendered":"<p style=\"text-align: justify;\"><span lang=\"ES-MX\" style=\"font-family: helvetica, arial, sans-serif;\">El delantero samario\u00a0<b>Luis S\u00faarez<\/b>\u00a0hizo el gol del descuento del\u00a0<b>Granada<\/b>\u00a0en su derrota como local 1-4 ante el\u00a0<b>Real Madrid<\/b>\u00a0en la jornada 14 de\u00a0<b>LaLiga en Espa\u00f1a<\/b>.<\/span><\/p>\n<p style=\"text-align: justify;\"><span lang=\"ES-MX\" style=\"font-family: helvetica, arial, sans-serif;\">Su\u00e1rez, quien fue el \u00fanico colombiano en cancha, actu\u00f3 los 90 minutos, y convirti\u00f3 su cuarto gol en la temporada de Liga a los 34 minutos, tras asistencia del franc\u00e9s\u00a0<b>Maxime Gonlons<\/b>.<\/span><\/p>\n<p style=\"text-align: justify;\"><span lang=\"ES-MX\" style=\"font-family: helvetica, arial, sans-serif;\">En el Granada fueron suplentes\u00a0<b>Carlos Bacca y Santiago Arias<\/b>.<\/span><\/p>\n<p style=\"text-align: justify;\"><span lang=\"ES-MX\" style=\"font-family: helvetica, arial, sans-serif;\">La derrota deja a los granadinos en zona de descenso con solo 11 puntos; mientras que el\u00a0<b>\u2018merengue\u2019<\/b>\u00a0es parcialmente l\u00edder con 30.<\/span><\/p>\n","protected":false},"excerpt":{"rendered":"<p>El delantero samario\u00a0Luis S\u00faarez\u00a0hizo el gol del descuento del\u00a0Granada\u00a0en su derrota como local 1-4 ante el\u00a0Real Madrid\u00a0en la jornada 14 de\u00a0LaLiga en Espa\u00f1a. Su\u00e1rez, quien fue el \u00fanico colombiano en cancha, actu\u00f3 los 90 minutos, y convirti\u00f3 su cuarto gol en la temporada de Liga a los 34 minutos, tras asistencia del franc\u00e9s\u00a0Maxime Gonlons. En [&hellip;]<\/p>\n","protected":false},"author":5,"featured_media":72661,"comment_status":"open","ping_status":"closed","sticky":false,"template":"","format":"standard","meta":{"_acf_changed":false,"footnotes":""},"categories":[152],"tags":[],"class_list":{"0":"post-72660","1":"post","2":"type-post","3":"status-publish","4":"format-standard","5":"has-post-thumbnail","7":"category-mundo-futbol"},"acf":[],"_links":{"self":[{"href":"https:\/\/futbolhoy.co\/index.php\/wp-json\/wp\/v2\/posts\/72660","targetHints":{"allow":["GET"]}}],"collection":[{"href":"https:\/\/futbolhoy.co\/index.php\/wp-json\/wp\/v2\/posts"}],"about":[{"href":"https:\/\/futbolhoy.co\/index.php\/wp-json\/wp\/v2\/types\/post"}],"author":[{"embeddable":true,"href":"https:\/\/futbolhoy.co\/index.php\/wp-json\/wp\/v2\/users\/5"}],"replies":[{"embeddable":true,"href":"https:\/\/futbolhoy.co\/index.php\/wp-json\/wp\/v2\/comments?post=72660"}],"version-history":[{"count":1,"href":"https:\/\/futbolhoy.co\/index.php\/wp-json\/wp\/v2\/posts\/72660\/revisions"}],"predecessor-version":[{"id":72662,"href":"https:\/\/futbolhoy.co\/index.php\/wp-json\/wp\/v2\/posts\/72660\/revisions\/72662"}],"wp:featuredmedia":[{"embeddable":true,"href":"https:\/\/futbolhoy.co\/index.php\/wp-json\/wp\/v2\/media\/72661"}],"wp:attachment":[{"href":"https:\/\/futbolhoy.co\/index.php\/wp-json\/wp\/v2\/media?parent=72660"}],"wp:term":[{"taxonomy":"category","embeddable":true,"href":"https:\/\/futbolhoy.co\/index.php\/wp-json\/wp\/v2\/categories?post=72660"},{"taxonomy":"post_tag","embeddable":true,"href":"https:\/\/futbolhoy.co\/index.php\/wp-json\/wp\/v2\/tags?post=72660"}],"curies":[{"name":"wp","href":"https:\/\/api.w.org\/{rel}","templated":true}]}}