{"id":72722,"date":"2021-11-22T18:50:04","date_gmt":"2021-11-22T23:50:04","guid":{"rendered":"https:\/\/futbolhoy.co\/?p=72722"},"modified":"2021-11-23T17:35:26","modified_gmt":"2021-11-23T22:35:26","slug":"por-suerte-no-necesitamos-a-falcao-iraiola","status":"publish","type":"post","link":"https:\/\/futbolhoy.co\/index.php\/2021\/11\/22\/por-suerte-no-necesitamos-a-falcao-iraiola\/","title":{"rendered":"\u201cPor suerte no necesitamos a Falcao\u201d, Iraola"},"content":{"rendered":"<audio class=\"wp-audio-shortcode\" id=\"audio-72722-1\" preload=\"none\" style=\"width: 100%;\" controls=\"controls\"><source type=\"audio\/mpeg\" src=\"https:\/\/futbolhoy.co\/wp-content\/uploads\/2021\/11\/FH-IRAOLA2021-11-23.mp3?_=1\" \/><a href=\"https:\/\/futbolhoy.co\/wp-content\/uploads\/2021\/11\/FH-IRAOLA2021-11-23.mp3\">https:\/\/futbolhoy.co\/wp-content\/uploads\/2021\/11\/FH-IRAOLA2021-11-23.mp3<\/a><\/audio>\n<p>&nbsp;<\/p>\n<p style=\"text-align: justify;\"><span style=\"font-family: helvetica, arial, sans-serif;\">El entrenador del\u00a0<b>Rayo Vallecano, Andoni Iraola<\/b>, agradeci\u00f3 que no tuvo que utilizar al delantero samario\u00a0<b>Falcao Garc\u00eda<\/b>\u00a0en la victoria 3-1 sobre el\u00a0<b>Mallorca<\/b>\u00a0en el cierre de la jornada 14 de\u00a0<b>LaLiga<\/b>.<b><\/b><\/span><\/p>\n<p style=\"text-align: justify;\"><span style=\"font-family: helvetica, arial, sans-serif;\"><strong>Falcao<\/strong> se lesion\u00f3 en el partido contra el\u00a0<b>Real Madrid<\/b>\u00a0el 6 de noviembre, tras sufrir una rotura en el aductor mayor del muslo derecho, despu\u00e9s de marcar el gol de su equipo.<\/span><\/p>\n<p style=\"text-align: justify;\"><span style=\"font-family: helvetica, arial, sans-serif;\"><b>\u2018El Tigre\u2019<\/b>\u00a0se recuper\u00f3 en solo dos semanas para estar disponible frente al <strong>Mallorca,<\/strong> y fue suplente, en su primera aparici\u00f3n, luego de no poder ser convocado a la\u00a0<b>selecci\u00f3n Colombia<\/b>\u00a0para los partidos de eliminatorias contra\u00a0<b>Brasil y Paraguay<\/b>.<\/span><\/p>\n<p style=\"text-align: justify;\"><span style=\"font-family: helvetica, arial, sans-serif;\">\u00abSi hubiera sido necesario hubiera podido jugar, pero asum\u00edamos un riesgo, porque la evoluci\u00f3n de una lesi\u00f3n de 21 d\u00edas en 16 o 17 ha sido buena. Cuando recortas plazos siempre existe ese riesgo y hoy por suerte no lo hemos necesitado, pero en caso de haberlo decidido hubiera podido jugar porque estaba disponible y estaba con todas las ganas\u00bb, declar\u00f3 Iraola, en rueda de prensa.<\/span><\/p>\n<p style=\"text-align: justify;\"><span style=\"font-family: helvetica, arial, sans-serif;\"><strong>Rayo Vallecano<\/strong> sum\u00f3 23 puntos y es sexto en la tabla de posiciones.<\/span><\/p>\n","protected":false},"excerpt":{"rendered":"<p>&nbsp; El entrenador del\u00a0Rayo Vallecano, Andoni Iraola, agradeci\u00f3 que no tuvo que utilizar al delantero samario\u00a0Falcao Garc\u00eda\u00a0en la victoria 3-1 sobre el\u00a0Mallorca\u00a0en el cierre de la jornada 14 de\u00a0LaLiga. Falcao se lesion\u00f3 en el partido contra el\u00a0Real Madrid\u00a0el 6 de noviembre, tras sufrir una rotura en el aductor mayor del muslo derecho, despu\u00e9s de marcar [&hellip;]<\/p>\n","protected":false},"author":5,"featured_media":72725,"comment_status":"open","ping_status":"closed","sticky":false,"template":"","format":"video","meta":{"_acf_changed":false,"footnotes":""},"categories":[418],"tags":[],"class_list":{"0":"post-72722","1":"post","2":"type-post","3":"status-publish","4":"format-video","5":"has-post-thumbnail","7":"category-colombia","8":"post_format-post-format-video"},"acf":[],"_links":{"self":[{"href":"https:\/\/futbolhoy.co\/index.php\/wp-json\/wp\/v2\/posts\/72722","targetHints":{"allow":["GET"]}}],"collection":[{"href":"https:\/\/futbolhoy.co\/index.php\/wp-json\/wp\/v2\/posts"}],"about":[{"href":"https:\/\/futbolhoy.co\/index.php\/wp-json\/wp\/v2\/types\/post"}],"author":[{"embeddable":true,"href":"https:\/\/futbolhoy.co\/index.php\/wp-json\/wp\/v2\/users\/5"}],"replies":[{"embeddable":true,"href":"https:\/\/futbolhoy.co\/index.php\/wp-json\/wp\/v2\/comments?post=72722"}],"version-history":[{"count":4,"href":"https:\/\/futbolhoy.co\/index.php\/wp-json\/wp\/v2\/posts\/72722\/revisions"}],"predecessor-version":[{"id":72736,"href":"https:\/\/futbolhoy.co\/index.php\/wp-json\/wp\/v2\/posts\/72722\/revisions\/72736"}],"wp:featuredmedia":[{"embeddable":true,"href":"https:\/\/futbolhoy.co\/index.php\/wp-json\/wp\/v2\/media\/72725"}],"wp:attachment":[{"href":"https:\/\/futbolhoy.co\/index.php\/wp-json\/wp\/v2\/media?parent=72722"}],"wp:term":[{"taxonomy":"category","embeddable":true,"href":"https:\/\/futbolhoy.co\/index.php\/wp-json\/wp\/v2\/categories?post=72722"},{"taxonomy":"post_tag","embeddable":true,"href":"https:\/\/futbolhoy.co\/index.php\/wp-json\/wp\/v2\/tags?post=72722"}],"curies":[{"name":"wp","href":"https:\/\/api.w.org\/{rel}","templated":true}]}}