{"id":72727,"date":"2021-11-23T08:01:52","date_gmt":"2021-11-23T13:01:52","guid":{"rendered":"https:\/\/futbolhoy.co\/?p=72727"},"modified":"2021-11-24T08:48:57","modified_gmt":"2021-11-24T13:48:57","slug":"ramos-convocado","status":"publish","type":"post","link":"https:\/\/futbolhoy.co\/index.php\/2021\/11\/23\/ramos-convocado\/","title":{"rendered":"Ramos, convocado"},"content":{"rendered":"<p style=\"text-align: justify;\"><span style=\"font-family: helvetica, arial, sans-serif;\">El defensa <strong>Sergio Ramos<\/strong>, que no ha podido debutar con el <strong>Par\u00eds Saint-Germain<\/strong>, fue convocado por primera vez en el equipo franc\u00e9s para el partido de este mi\u00e9rcoles ante <strong>Manchester City<\/strong>, por la quinta fecha de<strong> Liga de Campeones<\/strong>.<\/span><\/p>\n<p style=\"text-align: justify;\"><span style=\"font-family: helvetica, arial, sans-serif;\">El espa\u00f1ol no ha jugado un solo minuto con su nuevo equipo desde su vinculaci\u00f3n en julio procedente del <strong>Real Madrid,<\/strong> debido a molestias en el gemelo.<\/span><\/p>\n<p style=\"text-align: justify;\"><span style=\"font-family: helvetica, arial, sans-serif;\">En el grupo para el partido internacional tambi\u00e9n est\u00e1n, entre otros, <strong>Neymar, Leo Messi, Kylian Mbapp\u00e9 y Marquinhos.<\/strong><\/span><\/p>\n<p style=\"text-align: justify;\"><span style=\"font-family: helvetica, arial, sans-serif;\">El club precis\u00f3 que <strong>Rafinha<\/strong> sigue en tratamiento de un golpe que recibi\u00f3 en la cadera, mientras que <strong>Julian Draxler<\/strong> est\u00e1 previsto que vuelva a competir en cuatro o cinco semanas.<\/span><\/p>\n","protected":false},"excerpt":{"rendered":"<p>El defensa Sergio Ramos, que no ha podido debutar con el Par\u00eds Saint-Germain, fue convocado por primera vez en el equipo franc\u00e9s para el partido de este mi\u00e9rcoles ante Manchester City, por la quinta fecha de Liga de Campeones. El espa\u00f1ol no ha jugado un solo minuto con su nuevo equipo desde su vinculaci\u00f3n en [&hellip;]<\/p>\n","protected":false},"author":5,"featured_media":72728,"comment_status":"open","ping_status":"closed","sticky":false,"template":"","format":"standard","meta":{"_acf_changed":false,"footnotes":""},"categories":[4],"tags":[],"class_list":{"0":"post-72727","1":"post","2":"type-post","3":"status-publish","4":"format-standard","5":"has-post-thumbnail","7":"category-champions-league"},"acf":[],"_links":{"self":[{"href":"https:\/\/futbolhoy.co\/index.php\/wp-json\/wp\/v2\/posts\/72727","targetHints":{"allow":["GET"]}}],"collection":[{"href":"https:\/\/futbolhoy.co\/index.php\/wp-json\/wp\/v2\/posts"}],"about":[{"href":"https:\/\/futbolhoy.co\/index.php\/wp-json\/wp\/v2\/types\/post"}],"author":[{"embeddable":true,"href":"https:\/\/futbolhoy.co\/index.php\/wp-json\/wp\/v2\/users\/5"}],"replies":[{"embeddable":true,"href":"https:\/\/futbolhoy.co\/index.php\/wp-json\/wp\/v2\/comments?post=72727"}],"version-history":[{"count":2,"href":"https:\/\/futbolhoy.co\/index.php\/wp-json\/wp\/v2\/posts\/72727\/revisions"}],"predecessor-version":[{"id":72737,"href":"https:\/\/futbolhoy.co\/index.php\/wp-json\/wp\/v2\/posts\/72727\/revisions\/72737"}],"wp:featuredmedia":[{"embeddable":true,"href":"https:\/\/futbolhoy.co\/index.php\/wp-json\/wp\/v2\/media\/72728"}],"wp:attachment":[{"href":"https:\/\/futbolhoy.co\/index.php\/wp-json\/wp\/v2\/media?parent=72727"}],"wp:term":[{"taxonomy":"category","embeddable":true,"href":"https:\/\/futbolhoy.co\/index.php\/wp-json\/wp\/v2\/categories?post=72727"},{"taxonomy":"post_tag","embeddable":true,"href":"https:\/\/futbolhoy.co\/index.php\/wp-json\/wp\/v2\/tags?post=72727"}],"curies":[{"name":"wp","href":"https:\/\/api.w.org\/{rel}","templated":true}]}}