{"id":72801,"date":"2021-11-25T09:56:50","date_gmt":"2021-11-25T14:56:50","guid":{"rendered":"https:\/\/futbolhoy.co\/?p=72801"},"modified":"2021-11-25T19:49:42","modified_gmt":"2021-11-26T00:49:42","slug":"helibelton-y-mojica-sin-tecnico","status":"publish","type":"post","link":"https:\/\/futbolhoy.co\/index.php\/2021\/11\/25\/helibelton-y-mojica-sin-tecnico\/","title":{"rendered":"Helibelton y Mojica siguen sin t\u00e9cnico"},"content":{"rendered":"<p style=\"text-align: justify;\"><span style=\"font-family: helvetica, arial, sans-serif;\">El <strong>Elche<\/strong>, donde juegan los colombianos <strong>Helibelton Palacios<\/strong> y <strong>Johan Mojica<\/strong>, descart\u00f3 la contrataci\u00f3n del entrenador <strong>Pablo Mach\u00edn,<\/strong> y negocia al menos con otros dos t\u00e9cnicos.<\/span><\/p>\n<p style=\"text-align: justify;\"><span style=\"font-family: helvetica, arial, sans-serif;\">Los directivos no descartan el regreso del ex <strong>Atl\u00e9tico Nacional<\/strong>, el argentino <strong>Jorge Almir\u00f3n<\/strong>, quien ya dirigi\u00f3 al plantel espa\u00f1ol en la pasada temporada.<\/span><\/p>\n<p style=\"text-align: justify;\"><span style=\"font-family: helvetica, arial, sans-serif;\">El propietario del club, <strong>Christian Bragarnik<\/strong>, precis\u00f3 que <strong>Almir\u00f3n<\/strong> es uno de los entrenadores extranjeros que mejor conoce <strong>LaLiga<\/strong> y que, pese a cometer errores en la pasada etapa, tambi\u00e9n dej\u00f3 buenas cosas, especialmente en la idea de un modelo de juego.<\/span><\/p>\n<p style=\"text-align: justify;\"><span style=\"font-family: helvetica, arial, sans-serif;\"><strong>Elche<\/strong> est\u00e1 sin t\u00e9cnico, luego de la destituci\u00f3n de <strong>Fran Escrib\u00e1<\/strong> el pasado domingo.<\/span><\/p>\n","protected":false},"excerpt":{"rendered":"<p>El Elche, donde juegan los colombianos Helibelton Palacios y Johan Mojica, descart\u00f3 la contrataci\u00f3n del entrenador Pablo Mach\u00edn, y negocia al menos con otros dos t\u00e9cnicos. Los directivos no descartan el regreso del ex Atl\u00e9tico Nacional, el argentino Jorge Almir\u00f3n, quien ya dirigi\u00f3 al plantel espa\u00f1ol en la pasada temporada. El propietario del club, Christian [&hellip;]<\/p>\n","protected":false},"author":5,"featured_media":72804,"comment_status":"open","ping_status":"closed","sticky":false,"template":"","format":"standard","meta":{"_acf_changed":false,"footnotes":""},"categories":[152],"tags":[],"class_list":{"0":"post-72801","1":"post","2":"type-post","3":"status-publish","4":"format-standard","5":"has-post-thumbnail","7":"category-mundo-futbol"},"acf":[],"_links":{"self":[{"href":"https:\/\/futbolhoy.co\/index.php\/wp-json\/wp\/v2\/posts\/72801","targetHints":{"allow":["GET"]}}],"collection":[{"href":"https:\/\/futbolhoy.co\/index.php\/wp-json\/wp\/v2\/posts"}],"about":[{"href":"https:\/\/futbolhoy.co\/index.php\/wp-json\/wp\/v2\/types\/post"}],"author":[{"embeddable":true,"href":"https:\/\/futbolhoy.co\/index.php\/wp-json\/wp\/v2\/users\/5"}],"replies":[{"embeddable":true,"href":"https:\/\/futbolhoy.co\/index.php\/wp-json\/wp\/v2\/comments?post=72801"}],"version-history":[{"count":1,"href":"https:\/\/futbolhoy.co\/index.php\/wp-json\/wp\/v2\/posts\/72801\/revisions"}],"predecessor-version":[{"id":72803,"href":"https:\/\/futbolhoy.co\/index.php\/wp-json\/wp\/v2\/posts\/72801\/revisions\/72803"}],"wp:featuredmedia":[{"embeddable":true,"href":"https:\/\/futbolhoy.co\/index.php\/wp-json\/wp\/v2\/media\/72804"}],"wp:attachment":[{"href":"https:\/\/futbolhoy.co\/index.php\/wp-json\/wp\/v2\/media?parent=72801"}],"wp:term":[{"taxonomy":"category","embeddable":true,"href":"https:\/\/futbolhoy.co\/index.php\/wp-json\/wp\/v2\/categories?post=72801"},{"taxonomy":"post_tag","embeddable":true,"href":"https:\/\/futbolhoy.co\/index.php\/wp-json\/wp\/v2\/tags?post=72801"}],"curies":[{"name":"wp","href":"https:\/\/api.w.org\/{rel}","templated":true}]}}