{"id":72820,"date":"2021-11-25T19:58:19","date_gmt":"2021-11-26T00:58:19","guid":{"rendered":"https:\/\/futbolhoy.co\/?p=72820"},"modified":"2021-11-26T12:12:56","modified_gmt":"2021-11-26T17:12:56","slug":"cardetti-nuevo-tecnico-de-santa-fe","status":"publish","type":"post","link":"https:\/\/futbolhoy.co\/index.php\/2021\/11\/25\/cardetti-nuevo-tecnico-de-santa-fe\/","title":{"rendered":"Cardetti nuevo t\u00e9cnico de Santa Fe"},"content":{"rendered":"<div>\n<p style=\"text-align: justify;\"><span style=\"font-family: helvetica, arial, sans-serif;\">El t\u00e9cnico argentino <strong>Mart\u00edn Cardetti<\/strong> fue nombrado nuevo entrenador de Santa Fe, en sustituci\u00f3n del bogotano <strong>Grigori M\u00e9ndez,<\/strong> que seguir\u00e1 vinculado al club.<\/span><\/p>\n<p style=\"text-align: justify;\"><span style=\"font-family: helvetica, arial, sans-serif;\"><strong>Cardetti,<\/strong> de 46 a\u00f1os y quien en su \u00e9poca como jugador se desempe\u00f1\u00f3 como delantero, dirigi\u00f3 hasta hace poco al <strong>Bogot\u00e1 F.C<\/strong>. de la segunda divisi\u00f3n.<\/span><\/p>\n<p style=\"text-align: justify;\"><span style=\"font-family: helvetica, arial, sans-serif;\">El argentino, en su corta carrera como entrenador, tambi\u00e9n estuvo al frente de <strong>Boston River<\/strong> (Uruguay), <strong>Uruguay de Coronado <\/strong>y <strong>San Carlos<\/strong> (Costa Rica), <strong>Concepci\u00f3n<\/strong> <strong>FC<\/strong> (Argentina) y \u00a0<strong>Mushuc Runa<\/strong> (Ecuador).<\/span><\/p>\n<p style=\"text-align: justify;\"><span style=\"font-family: helvetica, arial, sans-serif;\">Como jugador actu\u00f3 con <strong>Rosario Central, River Plate<\/strong> y <strong>Gimnasia<\/strong> <strong>de La Plata<\/strong> de su pa\u00eds; <strong>PSG<\/strong> (FRA), <strong>Valladolid<\/strong> (ESP), y <strong>Deportivo Cali,<\/strong> entre otros.<\/span><\/p>\n<p style=\"text-align: justify;\"><span style=\"font-family: helvetica, arial, sans-serif;\">El nuevo t\u00e9cnico ser\u00e1 el argentino n\u00famero 20 en la historia del equipo cardenal. <strong>Patricio &#8216;Pato&#8217; Camps<\/strong> en 2019 fue el m\u00e1s reciente entrenador de ese pa\u00eds que estuvo al frente del plantel.<\/span><\/p>\n<p style=\"text-align: justify;\"><span style=\"font-family: helvetica, arial, sans-serif;\">Los tambi\u00e9n argentinos <strong>Gustavo Costas<\/strong> y Ju<strong>li<\/strong>o <strong>Tocker<\/strong> son los \u00fanicos entrenadores de ese pa\u00eds, que resultaron campeones con el club.<\/span><\/p>\n<p style=\"text-align: justify;\"><span style=\"font-family: helvetica, arial, sans-serif;\"><strong>Cardetti,<\/strong> quien asumir\u00e1 el cargo el pr\u00f3ximo mi\u00e9rcoles, estar\u00e1 \u00a0acompa\u00f1ado por <strong>Diego Stefanetti<\/strong> (AT) y <strong>\u00c1lvaro<\/strong> <strong>Carri\u00f3n<\/strong> (PF).<\/span><\/p>\n<\/div>\n<p><img fetchpriority=\"high\" decoding=\"async\" class=\"alignnone wp-image-72822 size-large\" src=\"https:\/\/futbolhoy.co\/wp-content\/uploads\/2021\/11\/FFE-R8nXIAUnPiV-791x1024.jpg\" alt=\"\" width=\"696\" height=\"901\" srcset=\"https:\/\/futbolhoy.co\/wp-content\/uploads\/2021\/11\/FFE-R8nXIAUnPiV-791x1024.jpg 791w, https:\/\/futbolhoy.co\/wp-content\/uploads\/2021\/11\/FFE-R8nXIAUnPiV-232x300.jpg 232w, https:\/\/futbolhoy.co\/wp-content\/uploads\/2021\/11\/FFE-R8nXIAUnPiV-768x995.jpg 768w, https:\/\/futbolhoy.co\/wp-content\/uploads\/2021\/11\/FFE-R8nXIAUnPiV-696x902.jpg 696w, https:\/\/futbolhoy.co\/wp-content\/uploads\/2021\/11\/FFE-R8nXIAUnPiV-324x420.jpg 324w, https:\/\/futbolhoy.co\/wp-content\/uploads\/2021\/11\/FFE-R8nXIAUnPiV-99x128.jpg 99w, https:\/\/futbolhoy.co\/wp-content\/uploads\/2021\/11\/FFE-R8nXIAUnPiV-25x32.jpg 25w, https:\/\/futbolhoy.co\/wp-content\/uploads\/2021\/11\/FFE-R8nXIAUnPiV.jpg 982w\" sizes=\"(max-width: 696px) 100vw, 696px\" \/><\/p>\n","protected":false},"excerpt":{"rendered":"<p>El t\u00e9cnico argentino Mart\u00edn Cardetti fue nombrado nuevo entrenador de Santa Fe, en sustituci\u00f3n del bogotano Grigori M\u00e9ndez, que seguir\u00e1 vinculado al club. Cardetti, de 46 a\u00f1os y quien en su \u00e9poca como jugador se desempe\u00f1\u00f3 como delantero, dirigi\u00f3 hasta hace poco al Bogot\u00e1 F.C. de la segunda divisi\u00f3n. El argentino, en su corta carrera [&hellip;]<\/p>\n","protected":false},"author":5,"featured_media":72821,"comment_status":"open","ping_status":"closed","sticky":false,"template":"","format":"standard","meta":{"_acf_changed":false,"footnotes":""},"categories":[7],"tags":[],"class_list":{"0":"post-72820","1":"post","2":"type-post","3":"status-publish","4":"format-standard","5":"has-post-thumbnail","7":"category-liga-betplay"},"acf":[],"_links":{"self":[{"href":"https:\/\/futbolhoy.co\/index.php\/wp-json\/wp\/v2\/posts\/72820","targetHints":{"allow":["GET"]}}],"collection":[{"href":"https:\/\/futbolhoy.co\/index.php\/wp-json\/wp\/v2\/posts"}],"about":[{"href":"https:\/\/futbolhoy.co\/index.php\/wp-json\/wp\/v2\/types\/post"}],"author":[{"embeddable":true,"href":"https:\/\/futbolhoy.co\/index.php\/wp-json\/wp\/v2\/users\/5"}],"replies":[{"embeddable":true,"href":"https:\/\/futbolhoy.co\/index.php\/wp-json\/wp\/v2\/comments?post=72820"}],"version-history":[{"count":3,"href":"https:\/\/futbolhoy.co\/index.php\/wp-json\/wp\/v2\/posts\/72820\/revisions"}],"predecessor-version":[{"id":72825,"href":"https:\/\/futbolhoy.co\/index.php\/wp-json\/wp\/v2\/posts\/72820\/revisions\/72825"}],"wp:featuredmedia":[{"embeddable":true,"href":"https:\/\/futbolhoy.co\/index.php\/wp-json\/wp\/v2\/media\/72821"}],"wp:attachment":[{"href":"https:\/\/futbolhoy.co\/index.php\/wp-json\/wp\/v2\/media?parent=72820"}],"wp:term":[{"taxonomy":"category","embeddable":true,"href":"https:\/\/futbolhoy.co\/index.php\/wp-json\/wp\/v2\/categories?post=72820"},{"taxonomy":"post_tag","embeddable":true,"href":"https:\/\/futbolhoy.co\/index.php\/wp-json\/wp\/v2\/tags?post=72820"}],"curies":[{"name":"wp","href":"https:\/\/api.w.org\/{rel}","templated":true}]}}