{"id":7289,"date":"2017-10-09T07:46:24","date_gmt":"2017-10-09T12:46:24","guid":{"rendered":"http:\/\/futbolhoy.co\/?p=7289"},"modified":"2017-10-09T23:11:08","modified_gmt":"2017-10-10T04:11:08","slug":"ayudare-a-james-a-ser-mejor-jugador-jupp-heynckes","status":"publish","type":"post","link":"https:\/\/futbolhoy.co\/index.php\/2017\/10\/09\/ayudare-a-james-a-ser-mejor-jugador-jupp-heynckes\/","title":{"rendered":"\u201cAyudar\u00e9 a James a ser mejor jugador\u201d, Jupp Heynckes."},"content":{"rendered":"<p style=\"text-align: justify;\">El nuevo t\u00e9cnico del Bayern M\u00fanich, el alem\u00e1n Jupp Heynckes, fue presentado en el cargo que desarrollar\u00e1 hasta junio de 2018 y se refiri\u00f3 al colombiano James Rodr\u00edguez, asegurando que puede contar con el porque le gustan los jugadores con oficio y talento.<\/p>\n<p style=\"text-align: justify;\">\u201cNo conozco mucho de James pero lo he seguido en el Real Madrid, a m\u00ed me gustan los jugadores de calidad y \u00e9l tiene mucho talento. Puede contar conmigo, le voy a ayudar a ser mejor jugador, porque el f\u00fatbol en Suram\u00e9rica es muy diferente al que se practica en Alemania\u201d, declar\u00f3 el estratega \u2018b\u00e1varo\u2019.<\/p>\n<p style=\"text-align: justify;\">\u00abJames no habla alem\u00e1n. El f\u00fatbol alem\u00e1n es muy distinto al f\u00fatbol en Sudam\u00e9rica. Es una situaci\u00f3n muy dif\u00edcil para un jugador joven. No obstante, \u00e9l tiene que saber que cuenta con mi apoyo y con mi ayuda porque me gustan los jugadores con oficio y con talento y creo que \u00e9l tiene mucho talento\u00bb, se\u00f1al\u00f3.<\/p>\n<p style=\"text-align: justify;\">\u00abDe James he visto partidos suyos con el Real Madrid pero no lo conozco personalmente. Cuando vuelva de su selecci\u00f3n voy a hablar con \u00e9l y voy a darle consejos\u00bb, recalc\u00f3.<\/p>\n<p style=\"text-align: justify;\">Heynckes, de 72 a\u00f1os, estar\u00e1 a cargo del Bayern, por cuarta vez, hasta el final de la temporada.<\/p>\n","protected":false},"excerpt":{"rendered":"<p>El nuevo t\u00e9cnico del Bayern M\u00fanich, el alem\u00e1n Jupp Heynckes, fue presentado en el cargo que desarrollar\u00e1 hasta junio de 2018 y se refiri\u00f3 al colombiano James Rodr\u00edguez, asegurando que puede contar con el porque le gustan los jugadores con oficio y talento. \u201cNo conozco mucho de James pero lo he seguido en el Real [&hellip;]<\/p>\n","protected":false},"author":5,"featured_media":7290,"comment_status":"open","ping_status":"closed","sticky":false,"template":"","format":"standard","meta":{"_acf_changed":false,"footnotes":""},"categories":[152,153],"tags":[88,140,81,87],"class_list":{"0":"post-7289","1":"post","2":"type-post","3":"status-publish","4":"format-standard","5":"has-post-thumbnail","7":"category-mundo-futbol","8":"category-selecion-colombia","9":"tag-bayern-munich","10":"tag-bundesliga","11":"tag-champions-league","12":"tag-james-rodriguez"},"acf":[],"_links":{"self":[{"href":"https:\/\/futbolhoy.co\/index.php\/wp-json\/wp\/v2\/posts\/7289","targetHints":{"allow":["GET"]}}],"collection":[{"href":"https:\/\/futbolhoy.co\/index.php\/wp-json\/wp\/v2\/posts"}],"about":[{"href":"https:\/\/futbolhoy.co\/index.php\/wp-json\/wp\/v2\/types\/post"}],"author":[{"embeddable":true,"href":"https:\/\/futbolhoy.co\/index.php\/wp-json\/wp\/v2\/users\/5"}],"replies":[{"embeddable":true,"href":"https:\/\/futbolhoy.co\/index.php\/wp-json\/wp\/v2\/comments?post=7289"}],"version-history":[{"count":1,"href":"https:\/\/futbolhoy.co\/index.php\/wp-json\/wp\/v2\/posts\/7289\/revisions"}],"predecessor-version":[{"id":7291,"href":"https:\/\/futbolhoy.co\/index.php\/wp-json\/wp\/v2\/posts\/7289\/revisions\/7291"}],"wp:featuredmedia":[{"embeddable":true,"href":"https:\/\/futbolhoy.co\/index.php\/wp-json\/wp\/v2\/media\/7290"}],"wp:attachment":[{"href":"https:\/\/futbolhoy.co\/index.php\/wp-json\/wp\/v2\/media?parent=7289"}],"wp:term":[{"taxonomy":"category","embeddable":true,"href":"https:\/\/futbolhoy.co\/index.php\/wp-json\/wp\/v2\/categories?post=7289"},{"taxonomy":"post_tag","embeddable":true,"href":"https:\/\/futbolhoy.co\/index.php\/wp-json\/wp\/v2\/tags?post=7289"}],"curies":[{"name":"wp","href":"https:\/\/api.w.org\/{rel}","templated":true}]}}