{"id":7292,"date":"2017-10-09T07:52:45","date_gmt":"2017-10-09T12:52:45","guid":{"rendered":"http:\/\/futbolhoy.co\/?p=7292"},"modified":"2017-10-09T23:11:12","modified_gmt":"2017-10-10T04:11:12","slug":"falcao-espera-cumplir-un-sueno-represado","status":"publish","type":"post","link":"https:\/\/futbolhoy.co\/index.php\/2017\/10\/09\/falcao-espera-cumplir-un-sueno-represado\/","title":{"rendered":"Falcao no puede dejar escapar su sue\u00f1o"},"content":{"rendered":"<p style=\"text-align: justify;\">El delantero colombiano Falcao Garc\u00eda se mostr\u00f3 muy esperanzado en lograr el objetivo de clasificar al Mundial de Rusia durante el partido como visitante de este martes contra Per\u00fa, en la \u00faltima fecha de las eliminatorias suramericanas.<\/p>\n<p style=\"text-align: justify;\">Falcao afirm\u00f3 que el equipo est\u00e1 preparado y con la mente puesta en el martes. \u201cOjal\u00e1 pueda cumplir mi sue\u00f1o, por eso he luchado durante los \u00faltimos tres a\u00f1os. Vamos a dar la vida\u201d, se\u00f1al\u00f3 \u2018El Tigre\u2019 de Santa Marta.<\/p>\n<p style=\"text-align: justify;\">\u00abLo importante es que dependemos de nosotros, que estamos vivos y que tenemos la posibilidad en nuestras manos\u00bb, a\u00f1adi\u00f3 el m\u00e1ximo goleador hist\u00f3rico de Colombia con 28 anotaciones.<\/p>\n<p style=\"text-align: justify;\">Respecto a la recuperaci\u00f3n an\u00edmica del grupo tras la dolorosa derrota como local ante Paraguay (1-2), el capit\u00e1n del seleccionado colombiano destac\u00f3: \u00abest\u00e1 bien, hemos dejado atr\u00e1s lo que sucedi\u00f3. Esta es una selecci\u00f3n que est\u00e1 fuerte mentalmente y los jugadores est\u00e1n capacitados para revertir esta situaci\u00f3n\u00bb.<\/p>\n<p style=\"text-align: justify;\">\u00abPer\u00fa es una selecci\u00f3n que propone y que va a buscar el partido porque el empate no le sirve. Colombia con inteligencia tiene que esperar y buscar la paciencia para buscar los espacios\u00bb, sentenci\u00f3 Falcao.<\/p>\n<p style=\"text-align: justify;\">Por su parte, volante Abel Aguilar indic\u00f3: \u00abNosotros tampoco tenemos temor a jugar y tenemos jugadores que marcan diferencia. Sea cual sea el sistema, la mentalidad debe estar puesta en el trabajo colectivo y es fundamental la solidez defensiva\u00bb.<\/p>\n<p style=\"text-align: justify;\">\u00abLas claves para nosotros en ese partido son la concentraci\u00f3n, la comunicaci\u00f3n y la solidaridad\u00bb, afirm\u00f3 el volante del Deportivo Cali.<\/p>\n<p style=\"text-align: justify;\">Entretanto, Carlos S\u00e1nchez manifest\u00f3 que Colombia tiene todas las armas para ir a Per\u00fa y conseguir el tiquete al Mundial de Rusia.<\/p>\n<p style=\"text-align: justify;\">Respecto a la probable formaci\u00f3n de Colombia en Lima, se especula con dos novedades respecto al equipo que cay\u00f3 contra los paraguayos y ser\u00edan la inclusi\u00f3n del volante Matheus Uribe para hacer l\u00ednea de tres en la zona de recuperaci\u00f3n del medio campo y tambi\u00e9n el ingreso del delantero Yimmi Char\u00e1.<\/p>\n<p style=\"text-align: justify;\">Uribe y Char\u00e1 ingresar\u00edan por Juan Guillermo Cuadrado y Edwin Cardona.<\/p>\n","protected":false},"excerpt":{"rendered":"<p>El delantero colombiano Falcao Garc\u00eda se mostr\u00f3 muy esperanzado en lograr el objetivo de clasificar al Mundial de Rusia durante el partido como visitante de este martes contra Per\u00fa, en la \u00faltima fecha de las eliminatorias suramericanas. Falcao afirm\u00f3 que el equipo est\u00e1 preparado y con la mente puesta en el martes. \u201cOjal\u00e1 pueda cumplir [&hellip;]<\/p>\n","protected":false},"author":5,"featured_media":7293,"comment_status":"open","ping_status":"closed","sticky":false,"template":"","format":"standard","meta":{"_acf_changed":false,"footnotes":""},"categories":[6,153],"tags":[94,141,127],"class_list":{"0":"post-7292","1":"post","2":"type-post","3":"status-publish","4":"format-standard","5":"has-post-thumbnail","7":"category-mundial","8":"category-selecion-colombia","9":"tag-eliminatorias","10":"tag-falcao-garcia","11":"tag-seleccion-colombia"},"acf":[],"_links":{"self":[{"href":"https:\/\/futbolhoy.co\/index.php\/wp-json\/wp\/v2\/posts\/7292","targetHints":{"allow":["GET"]}}],"collection":[{"href":"https:\/\/futbolhoy.co\/index.php\/wp-json\/wp\/v2\/posts"}],"about":[{"href":"https:\/\/futbolhoy.co\/index.php\/wp-json\/wp\/v2\/types\/post"}],"author":[{"embeddable":true,"href":"https:\/\/futbolhoy.co\/index.php\/wp-json\/wp\/v2\/users\/5"}],"replies":[{"embeddable":true,"href":"https:\/\/futbolhoy.co\/index.php\/wp-json\/wp\/v2\/comments?post=7292"}],"version-history":[{"count":2,"href":"https:\/\/futbolhoy.co\/index.php\/wp-json\/wp\/v2\/posts\/7292\/revisions"}],"predecessor-version":[{"id":7295,"href":"https:\/\/futbolhoy.co\/index.php\/wp-json\/wp\/v2\/posts\/7292\/revisions\/7295"}],"wp:featuredmedia":[{"embeddable":true,"href":"https:\/\/futbolhoy.co\/index.php\/wp-json\/wp\/v2\/media\/7293"}],"wp:attachment":[{"href":"https:\/\/futbolhoy.co\/index.php\/wp-json\/wp\/v2\/media?parent=7292"}],"wp:term":[{"taxonomy":"category","embeddable":true,"href":"https:\/\/futbolhoy.co\/index.php\/wp-json\/wp\/v2\/categories?post=7292"},{"taxonomy":"post_tag","embeddable":true,"href":"https:\/\/futbolhoy.co\/index.php\/wp-json\/wp\/v2\/tags?post=7292"}],"curies":[{"name":"wp","href":"https:\/\/api.w.org\/{rel}","templated":true}]}}