{"id":73083,"date":"2021-12-04T17:56:48","date_gmt":"2021-12-04T22:56:48","guid":{"rendered":"https:\/\/futbolhoy.co\/?p=73083"},"modified":"2021-12-05T11:54:28","modified_gmt":"2021-12-05T16:54:28","slug":"union-magdalena-regresa-a-la-a","status":"publish","type":"post","link":"https:\/\/futbolhoy.co\/index.php\/2021\/12\/04\/union-magdalena-regresa-a-la-a\/","title":{"rendered":"Uni\u00f3n Magdalena, ascenso vergonzoso"},"content":{"rendered":"<p style=\"text-align: justify;\"><span style=\"font-family: helvetica, arial, sans-serif;\"><strong>Uni\u00f3n Magdalena<\/strong> logr\u00f3 un ag\u00f3nico retorno a la primera divisi\u00f3n del f\u00fatbol colombiano, despu\u00e9s de vencer 1-2 a <strong>Llaneros<\/strong>, en partido por la \u00faltima fecha de los cuadrangulares del torneo<strong> BetPlay Dimayor.<\/strong><\/span><\/p>\n<p style=\"text-align: justify;\"><span style=\"font-family: helvetica, arial, sans-serif;\">El ascenso lleg\u00f3 a trav\u00e9s de un extra\u00f1o gol en el descuento, cuando el equipo de <strong>Villavicencio<\/strong> se qued\u00f3 literalmente parado viendo atacar a su rival.<\/span><\/p>\n<p style=\"text-align: justify;\"><span style=\"font-family: helvetica, arial, sans-serif;\">Uni\u00f3n que perd\u00eda 1-0 ante <strong>Llaneros<\/strong> con tanto de <strong>Diego Echeverri (85\u2019)<\/strong>, reaccion\u00f3 en el cierre y con anotaciones de <strong>Ethan Gonz\u00e1lez<\/strong> (90+5) y <strong>Jonathan Segura<\/strong> (90+6) logr\u00f3 su regres\u00f3 a la m\u00e1xima categor\u00eda.<\/span><\/p>\n<p style=\"text-align: justify;\"><span style=\"font-family: helvetica, arial, sans-serif;\">El conjunto se mont\u00f3 al primer lugar del <strong>Grupo B <\/strong>con 11 puntos y <strong>Fortaleza,<\/strong> que ten\u00eda la otra opci\u00f3n de clasificar, se qued\u00f3 con 10, tras la derrota 1-2 ante <strong>Bogot\u00e1 F.C.<\/strong><\/span><\/p>\n<p style=\"text-align: justify;\"><span style=\"font-family: helvetica, arial, sans-serif;\">No obstante, ante la pol\u00e9mica presentada en Villavicencio, el cuadro bogotano demandar\u00e1 el juego por su irregular definici\u00f3n.<\/span><\/p>\n<p style=\"text-align: justify;\"><span style=\"font-family: helvetica, arial, sans-serif;\">El equipo samario, que fue fundado en abril de 1953, hab\u00eda descendido en 3 oportunidades en los \u00faltimos 16 a\u00f1os.<\/span><\/p>\n<p style=\"text-align: justify;\"><span style=\"font-family: helvetica, arial, sans-serif;\">El plantel, que hoy dirige <strong>Carlos Silva<\/strong> y estaba en la B desde 2019, tiene un t\u00edtulo en primera divisi\u00f3n que alcanz\u00f3 en 1968.<\/span><\/p>\n<p style=\"text-align: justify;\"><span style=\"font-family: helvetica, arial, sans-serif;\">El segundo clasificado a la primera categor\u00eda de 2022, se conocer\u00e1 este domingo cuando <strong>Cortulu\u00e1<\/strong> visite a <strong>Real Cartagena<\/strong> y <strong>Boyac\u00e1 Chic\u00f3<\/strong> reciba a <strong>Leones.<\/strong><\/span><\/p>\n<p style=\"text-align: justify;\"><span style=\"font-family: helvetica, arial, sans-serif;\">Cortulu\u00e1, con 10 puntos, y Chic\u00f3, con 8, son los \u00fanicos opcionados.<\/span><\/p>\n<p style=\"text-align: justify;\"><span style=\"font-family: helvetica, arial, sans-serif;\">En esta Liga, <strong>Atl\u00e9tico Huila<\/strong> y <strong>Deportes Quind\u00edo<\/strong> perdieron la categor\u00eda.<\/span><\/p>\n","protected":false},"excerpt":{"rendered":"<p>Uni\u00f3n Magdalena logr\u00f3 un ag\u00f3nico retorno a la primera divisi\u00f3n del f\u00fatbol colombiano, despu\u00e9s de vencer 1-2 a Llaneros, en partido por la \u00faltima fecha de los cuadrangulares del torneo BetPlay Dimayor. El ascenso lleg\u00f3 a trav\u00e9s de un extra\u00f1o gol en el descuento, cuando el equipo de Villavicencio se qued\u00f3 literalmente parado viendo atacar [&hellip;]<\/p>\n","protected":false},"author":5,"featured_media":73084,"comment_status":"open","ping_status":"open","sticky":false,"template":"","format":"standard","meta":{"_acf_changed":false,"footnotes":""},"categories":[7],"tags":[1230],"class_list":{"0":"post-73083","1":"post","2":"type-post","3":"status-publish","4":"format-standard","5":"has-post-thumbnail","7":"category-liga-betplay","8":"tag-union-magdalena"},"acf":[],"yoast_head":"<!-- This site is optimized with the Yoast SEO plugin v26.8 - https:\/\/yoast.com\/product\/yoast-seo-wordpress\/ -->\n<title>Uni\u00f3n Magdalena, ascenso vergonzoso -<\/title>\n<meta name=\"robots\" content=\"index, follow, max-snippet:-1, max-image-preview:large, max-video-preview:-1\" \/>\n<link rel=\"canonical\" href=\"https:\/\/futbolhoy.co\/index.php\/2021\/12\/04\/union-magdalena-regresa-a-la-a\/\" \/>\n<meta property=\"og:locale\" content=\"es_ES\" \/>\n<meta property=\"og:type\" content=\"article\" \/>\n<meta property=\"og:title\" content=\"Uni\u00f3n Magdalena, ascenso vergonzoso -\" \/>\n<meta property=\"og:description\" content=\"Uni\u00f3n Magdalena logr\u00f3 un ag\u00f3nico retorno a la primera divisi\u00f3n del f\u00fatbol colombiano, despu\u00e9s de vencer 1-2 a Llaneros, en partido por la \u00faltima fecha de los cuadrangulares del torneo BetPlay Dimayor. El ascenso lleg\u00f3 a trav\u00e9s de un extra\u00f1o gol en el descuento, cuando el equipo de Villavicencio se qued\u00f3 literalmente parado viendo atacar [&hellip;]\" \/>\n<meta property=\"og:url\" content=\"https:\/\/futbolhoy.co\/index.php\/2021\/12\/04\/union-magdalena-regresa-a-la-a\/\" \/>\n<meta property=\"article:publisher\" content=\"https:\/\/www.facebook.com\/FutbolHoyCol\/\" \/>\n<meta property=\"article:published_time\" content=\"2021-12-04T22:56:48+00:00\" \/>\n<meta property=\"article:modified_time\" content=\"2021-12-05T16:54:28+00:00\" \/>\n<meta property=\"og:image\" content=\"https:\/\/futbolhoy.co\/wp-content\/uploads\/2021\/12\/FFy9Um4XIAUUWYg.jpg\" \/>\n\t<meta property=\"og:image:width\" content=\"1024\" \/>\n\t<meta property=\"og:image:height\" content=\"1280\" \/>\n\t<meta property=\"og:image:type\" content=\"image\/jpeg\" \/>\n<meta name=\"author\" content=\"Laura Hern\u00e1ndez\" \/>\n<meta name=\"twitter:card\" content=\"summary_large_image\" \/>\n<meta name=\"twitter:creator\" content=\"@FutbolHoyCol\" \/>\n<meta name=\"twitter:site\" content=\"@FutbolHoyCol\" \/>\n<meta name=\"twitter:label1\" content=\"Escrito por\" \/>\n\t<meta name=\"twitter:data1\" content=\"Laura Hern\u00e1ndez\" \/>\n\t<meta name=\"twitter:label2\" content=\"Tiempo de lectura\" \/>\n\t<meta name=\"twitter:data2\" content=\"2 minutos\" \/>\n<script type=\"application\/ld+json\" class=\"yoast-schema-graph\">{\"@context\":\"https:\/\/schema.org\",\"@graph\":[{\"@type\":\"Article\",\"@id\":\"https:\/\/futbolhoy.co\/index.php\/2021\/12\/04\/union-magdalena-regresa-a-la-a\/#article\",\"isPartOf\":{\"@id\":\"https:\/\/futbolhoy.co\/index.php\/2021\/12\/04\/union-magdalena-regresa-a-la-a\/\"},\"author\":{\"name\":\"Laura Hern\u00e1ndez\",\"@id\":\"https:\/\/futbolhoy.co\/#\/schema\/person\/c4a353a512b127643723a34bb1812f7d\"},\"headline\":\"Uni\u00f3n Magdalena, ascenso vergonzoso\",\"datePublished\":\"2021-12-04T22:56:48+00:00\",\"dateModified\":\"2021-12-05T16:54:28+00:00\",\"mainEntityOfPage\":{\"@id\":\"https:\/\/futbolhoy.co\/index.php\/2021\/12\/04\/union-magdalena-regresa-a-la-a\/\"},\"wordCount\":252,\"commentCount\":0,\"publisher\":{\"@id\":\"https:\/\/futbolhoy.co\/#organization\"},\"image\":{\"@id\":\"https:\/\/futbolhoy.co\/index.php\/2021\/12\/04\/union-magdalena-regresa-a-la-a\/#primaryimage\"},\"thumbnailUrl\":\"https:\/\/futbolhoy.co\/wp-content\/uploads\/2021\/12\/FFy9Um4XIAUUWYg.jpg\",\"keywords\":[\"Uni\u00f3n Magdalena\"],\"articleSection\":[\"Liga BetPlay\"],\"inLanguage\":\"es\",\"potentialAction\":[{\"@type\":\"CommentAction\",\"name\":\"Comment\",\"target\":[\"https:\/\/futbolhoy.co\/index.php\/2021\/12\/04\/union-magdalena-regresa-a-la-a\/#respond\"]}]},{\"@type\":\"WebPage\",\"@id\":\"https:\/\/futbolhoy.co\/index.php\/2021\/12\/04\/union-magdalena-regresa-a-la-a\/\",\"url\":\"https:\/\/futbolhoy.co\/index.php\/2021\/12\/04\/union-magdalena-regresa-a-la-a\/\",\"name\":\"Uni\u00f3n Magdalena, ascenso vergonzoso -\",\"isPartOf\":{\"@id\":\"https:\/\/futbolhoy.co\/#website\"},\"primaryImageOfPage\":{\"@id\":\"https:\/\/futbolhoy.co\/index.php\/2021\/12\/04\/union-magdalena-regresa-a-la-a\/#primaryimage\"},\"image\":{\"@id\":\"https:\/\/futbolhoy.co\/index.php\/2021\/12\/04\/union-magdalena-regresa-a-la-a\/#primaryimage\"},\"thumbnailUrl\":\"https:\/\/futbolhoy.co\/wp-content\/uploads\/2021\/12\/FFy9Um4XIAUUWYg.jpg\",\"datePublished\":\"2021-12-04T22:56:48+00:00\",\"dateModified\":\"2021-12-05T16:54:28+00:00\",\"breadcrumb\":{\"@id\":\"https:\/\/futbolhoy.co\/index.php\/2021\/12\/04\/union-magdalena-regresa-a-la-a\/#breadcrumb\"},\"inLanguage\":\"es\",\"potentialAction\":[{\"@type\":\"ReadAction\",\"target\":[\"https:\/\/futbolhoy.co\/index.php\/2021\/12\/04\/union-magdalena-regresa-a-la-a\/\"]}]},{\"@type\":\"ImageObject\",\"inLanguage\":\"es\",\"@id\":\"https:\/\/futbolhoy.co\/index.php\/2021\/12\/04\/union-magdalena-regresa-a-la-a\/#primaryimage\",\"url\":\"https:\/\/futbolhoy.co\/wp-content\/uploads\/2021\/12\/FFy9Um4XIAUUWYg.jpg\",\"contentUrl\":\"https:\/\/futbolhoy.co\/wp-content\/uploads\/2021\/12\/FFy9Um4XIAUUWYg.jpg\",\"width\":1024,\"height\":1280},{\"@type\":\"BreadcrumbList\",\"@id\":\"https:\/\/futbolhoy.co\/index.php\/2021\/12\/04\/union-magdalena-regresa-a-la-a\/#breadcrumb\",\"itemListElement\":[{\"@type\":\"ListItem\",\"position\":1,\"name\":\"Portada\",\"item\":\"https:\/\/futbolhoy.co\/\"},{\"@type\":\"ListItem\",\"position\":2,\"name\":\"Uni\u00f3n Magdalena, ascenso vergonzoso\"}]},{\"@type\":\"WebSite\",\"@id\":\"https:\/\/futbolhoy.co\/#website\",\"url\":\"https:\/\/futbolhoy.co\/\",\"name\":\"FutbolHoy\",\"description\":\"\",\"publisher\":{\"@id\":\"https:\/\/futbolhoy.co\/#organization\"},\"potentialAction\":[{\"@type\":\"SearchAction\",\"target\":{\"@type\":\"EntryPoint\",\"urlTemplate\":\"https:\/\/futbolhoy.co\/?s={search_term_string}\"},\"query-input\":{\"@type\":\"PropertyValueSpecification\",\"valueRequired\":true,\"valueName\":\"search_term_string\"}}],\"inLanguage\":\"es\"},{\"@type\":\"Organization\",\"@id\":\"https:\/\/futbolhoy.co\/#organization\",\"name\":\"Futbolhoy.co\",\"url\":\"https:\/\/futbolhoy.co\/\",\"logo\":{\"@type\":\"ImageObject\",\"inLanguage\":\"es\",\"@id\":\"https:\/\/futbolhoy.co\/#\/schema\/logo\/image\/\",\"url\":\"https:\/\/futbolhoy.co\/wp-content\/uploads\/2018\/08\/17426380_1906371736249227_6326180412931521141_n.jpg\",\"contentUrl\":\"https:\/\/futbolhoy.co\/wp-content\/uploads\/2018\/08\/17426380_1906371736249227_6326180412931521141_n.jpg\",\"width\":960,\"height\":960,\"caption\":\"Futbolhoy.co\"},\"image\":{\"@id\":\"https:\/\/futbolhoy.co\/#\/schema\/logo\/image\/\"},\"sameAs\":[\"https:\/\/www.facebook.com\/FutbolHoyCol\/\",\"https:\/\/x.com\/FutbolHoyCol\",\"https:\/\/www.instagram.com\/futbolhoycol\/\"]},{\"@type\":\"Person\",\"@id\":\"https:\/\/futbolhoy.co\/#\/schema\/person\/c4a353a512b127643723a34bb1812f7d\",\"name\":\"Laura Hern\u00e1ndez\",\"image\":{\"@type\":\"ImageObject\",\"inLanguage\":\"es\",\"@id\":\"https:\/\/futbolhoy.co\/#\/schema\/person\/image\/\",\"url\":\"https:\/\/secure.gravatar.com\/avatar\/d25959a15b9b293a743f99181c7cfd01?s=96&d=mm&r=g\",\"contentUrl\":\"https:\/\/secure.gravatar.com\/avatar\/d25959a15b9b293a743f99181c7cfd01?s=96&d=mm&r=g\",\"caption\":\"Laura Hern\u00e1ndez\"}}]}<\/script>\n<!-- \/ Yoast SEO plugin. -->","yoast_head_json":{"title":"Uni\u00f3n Magdalena, ascenso vergonzoso -","robots":{"index":"index","follow":"follow","max-snippet":"max-snippet:-1","max-image-preview":"max-image-preview:large","max-video-preview":"max-video-preview:-1"},"canonical":"https:\/\/futbolhoy.co\/index.php\/2021\/12\/04\/union-magdalena-regresa-a-la-a\/","og_locale":"es_ES","og_type":"article","og_title":"Uni\u00f3n Magdalena, ascenso vergonzoso -","og_description":"Uni\u00f3n Magdalena logr\u00f3 un ag\u00f3nico retorno a la primera divisi\u00f3n del f\u00fatbol colombiano, despu\u00e9s de vencer 1-2 a Llaneros, en partido por la \u00faltima fecha de los cuadrangulares del torneo BetPlay Dimayor. El ascenso lleg\u00f3 a trav\u00e9s de un extra\u00f1o gol en el descuento, cuando el equipo de Villavicencio se qued\u00f3 literalmente parado viendo atacar [&hellip;]","og_url":"https:\/\/futbolhoy.co\/index.php\/2021\/12\/04\/union-magdalena-regresa-a-la-a\/","article_publisher":"https:\/\/www.facebook.com\/FutbolHoyCol\/","article_published_time":"2021-12-04T22:56:48+00:00","article_modified_time":"2021-12-05T16:54:28+00:00","og_image":[{"width":1024,"height":1280,"url":"https:\/\/futbolhoy.co\/wp-content\/uploads\/2021\/12\/FFy9Um4XIAUUWYg.jpg","type":"image\/jpeg"}],"author":"Laura Hern\u00e1ndez","twitter_card":"summary_large_image","twitter_creator":"@FutbolHoyCol","twitter_site":"@FutbolHoyCol","twitter_misc":{"Escrito por":"Laura Hern\u00e1ndez","Tiempo de lectura":"2 minutos"},"schema":{"@context":"https:\/\/schema.org","@graph":[{"@type":"Article","@id":"https:\/\/futbolhoy.co\/index.php\/2021\/12\/04\/union-magdalena-regresa-a-la-a\/#article","isPartOf":{"@id":"https:\/\/futbolhoy.co\/index.php\/2021\/12\/04\/union-magdalena-regresa-a-la-a\/"},"author":{"name":"Laura Hern\u00e1ndez","@id":"https:\/\/futbolhoy.co\/#\/schema\/person\/c4a353a512b127643723a34bb1812f7d"},"headline":"Uni\u00f3n Magdalena, ascenso vergonzoso","datePublished":"2021-12-04T22:56:48+00:00","dateModified":"2021-12-05T16:54:28+00:00","mainEntityOfPage":{"@id":"https:\/\/futbolhoy.co\/index.php\/2021\/12\/04\/union-magdalena-regresa-a-la-a\/"},"wordCount":252,"commentCount":0,"publisher":{"@id":"https:\/\/futbolhoy.co\/#organization"},"image":{"@id":"https:\/\/futbolhoy.co\/index.php\/2021\/12\/04\/union-magdalena-regresa-a-la-a\/#primaryimage"},"thumbnailUrl":"https:\/\/futbolhoy.co\/wp-content\/uploads\/2021\/12\/FFy9Um4XIAUUWYg.jpg","keywords":["Uni\u00f3n Magdalena"],"articleSection":["Liga BetPlay"],"inLanguage":"es","potentialAction":[{"@type":"CommentAction","name":"Comment","target":["https:\/\/futbolhoy.co\/index.php\/2021\/12\/04\/union-magdalena-regresa-a-la-a\/#respond"]}]},{"@type":"WebPage","@id":"https:\/\/futbolhoy.co\/index.php\/2021\/12\/04\/union-magdalena-regresa-a-la-a\/","url":"https:\/\/futbolhoy.co\/index.php\/2021\/12\/04\/union-magdalena-regresa-a-la-a\/","name":"Uni\u00f3n Magdalena, ascenso vergonzoso -","isPartOf":{"@id":"https:\/\/futbolhoy.co\/#website"},"primaryImageOfPage":{"@id":"https:\/\/futbolhoy.co\/index.php\/2021\/12\/04\/union-magdalena-regresa-a-la-a\/#primaryimage"},"image":{"@id":"https:\/\/futbolhoy.co\/index.php\/2021\/12\/04\/union-magdalena-regresa-a-la-a\/#primaryimage"},"thumbnailUrl":"https:\/\/futbolhoy.co\/wp-content\/uploads\/2021\/12\/FFy9Um4XIAUUWYg.jpg","datePublished":"2021-12-04T22:56:48+00:00","dateModified":"2021-12-05T16:54:28+00:00","breadcrumb":{"@id":"https:\/\/futbolhoy.co\/index.php\/2021\/12\/04\/union-magdalena-regresa-a-la-a\/#breadcrumb"},"inLanguage":"es","potentialAction":[{"@type":"ReadAction","target":["https:\/\/futbolhoy.co\/index.php\/2021\/12\/04\/union-magdalena-regresa-a-la-a\/"]}]},{"@type":"ImageObject","inLanguage":"es","@id":"https:\/\/futbolhoy.co\/index.php\/2021\/12\/04\/union-magdalena-regresa-a-la-a\/#primaryimage","url":"https:\/\/futbolhoy.co\/wp-content\/uploads\/2021\/12\/FFy9Um4XIAUUWYg.jpg","contentUrl":"https:\/\/futbolhoy.co\/wp-content\/uploads\/2021\/12\/FFy9Um4XIAUUWYg.jpg","width":1024,"height":1280},{"@type":"BreadcrumbList","@id":"https:\/\/futbolhoy.co\/index.php\/2021\/12\/04\/union-magdalena-regresa-a-la-a\/#breadcrumb","itemListElement":[{"@type":"ListItem","position":1,"name":"Portada","item":"https:\/\/futbolhoy.co\/"},{"@type":"ListItem","position":2,"name":"Uni\u00f3n Magdalena, ascenso vergonzoso"}]},{"@type":"WebSite","@id":"https:\/\/futbolhoy.co\/#website","url":"https:\/\/futbolhoy.co\/","name":"FutbolHoy","description":"","publisher":{"@id":"https:\/\/futbolhoy.co\/#organization"},"potentialAction":[{"@type":"SearchAction","target":{"@type":"EntryPoint","urlTemplate":"https:\/\/futbolhoy.co\/?s={search_term_string}"},"query-input":{"@type":"PropertyValueSpecification","valueRequired":true,"valueName":"search_term_string"}}],"inLanguage":"es"},{"@type":"Organization","@id":"https:\/\/futbolhoy.co\/#organization","name":"Futbolhoy.co","url":"https:\/\/futbolhoy.co\/","logo":{"@type":"ImageObject","inLanguage":"es","@id":"https:\/\/futbolhoy.co\/#\/schema\/logo\/image\/","url":"https:\/\/futbolhoy.co\/wp-content\/uploads\/2018\/08\/17426380_1906371736249227_6326180412931521141_n.jpg","contentUrl":"https:\/\/futbolhoy.co\/wp-content\/uploads\/2018\/08\/17426380_1906371736249227_6326180412931521141_n.jpg","width":960,"height":960,"caption":"Futbolhoy.co"},"image":{"@id":"https:\/\/futbolhoy.co\/#\/schema\/logo\/image\/"},"sameAs":["https:\/\/www.facebook.com\/FutbolHoyCol\/","https:\/\/x.com\/FutbolHoyCol","https:\/\/www.instagram.com\/futbolhoycol\/"]},{"@type":"Person","@id":"https:\/\/futbolhoy.co\/#\/schema\/person\/c4a353a512b127643723a34bb1812f7d","name":"Laura Hern\u00e1ndez","image":{"@type":"ImageObject","inLanguage":"es","@id":"https:\/\/futbolhoy.co\/#\/schema\/person\/image\/","url":"https:\/\/secure.gravatar.com\/avatar\/d25959a15b9b293a743f99181c7cfd01?s=96&d=mm&r=g","contentUrl":"https:\/\/secure.gravatar.com\/avatar\/d25959a15b9b293a743f99181c7cfd01?s=96&d=mm&r=g","caption":"Laura Hern\u00e1ndez"}}]}},"publishpress_future_action":{"enabled":false,"date":"2026-05-03 11:14:49","action":"change-status","newStatus":"draft","terms":[],"taxonomy":"category","extraData":[]},"publishpress_future_workflow_manual_trigger":{"enabledWorkflows":[]},"_links":{"self":[{"href":"https:\/\/futbolhoy.co\/index.php\/wp-json\/wp\/v2\/posts\/73083","targetHints":{"allow":["GET"]}}],"collection":[{"href":"https:\/\/futbolhoy.co\/index.php\/wp-json\/wp\/v2\/posts"}],"about":[{"href":"https:\/\/futbolhoy.co\/index.php\/wp-json\/wp\/v2\/types\/post"}],"author":[{"embeddable":true,"href":"https:\/\/futbolhoy.co\/index.php\/wp-json\/wp\/v2\/users\/5"}],"replies":[{"embeddable":true,"href":"https:\/\/futbolhoy.co\/index.php\/wp-json\/wp\/v2\/comments?post=73083"}],"version-history":[{"count":2,"href":"https:\/\/futbolhoy.co\/index.php\/wp-json\/wp\/v2\/posts\/73083\/revisions"}],"predecessor-version":[{"id":73086,"href":"https:\/\/futbolhoy.co\/index.php\/wp-json\/wp\/v2\/posts\/73083\/revisions\/73086"}],"wp:featuredmedia":[{"embeddable":true,"href":"https:\/\/futbolhoy.co\/index.php\/wp-json\/wp\/v2\/media\/73084"}],"wp:attachment":[{"href":"https:\/\/futbolhoy.co\/index.php\/wp-json\/wp\/v2\/media?parent=73083"}],"wp:term":[{"taxonomy":"category","embeddable":true,"href":"https:\/\/futbolhoy.co\/index.php\/wp-json\/wp\/v2\/categories?post=73083"},{"taxonomy":"post_tag","embeddable":true,"href":"https:\/\/futbolhoy.co\/index.php\/wp-json\/wp\/v2\/tags?post=73083"}],"curies":[{"name":"wp","href":"https:\/\/api.w.org\/{rel}","templated":true}]}}