{"id":73101,"date":"2021-12-05T09:35:01","date_gmt":"2021-12-05T14:35:01","guid":{"rendered":"https:\/\/futbolhoy.co\/?p=73101"},"modified":"2021-12-05T22:17:13","modified_gmt":"2021-12-06T03:17:13","slug":"indignacion-en-el-futbol-por-polemico-ascenso-del-union","status":"publish","type":"post","link":"https:\/\/futbolhoy.co\/index.php\/2021\/12\/05\/indignacion-en-el-futbol-por-polemico-ascenso-del-union\/","title":{"rendered":"Indignaci\u00f3n en el f\u00fatbol por pol\u00e9mico ascenso del Uni\u00f3n"},"content":{"rendered":"<p style=\"text-align: justify;\"><span style=\"font-family: helvetica, arial, sans-serif;\">Luego de la pol\u00e9mica generada por el ascenso del<strong> Uni\u00f3n Magdalena,<\/strong> tras un pol\u00e9mico gol en el que los jugadores de <strong>Llaneros<\/strong> renunciaron a disputar la pelota en el \u00faltimo minuto del partido, distintas personalidades del f\u00fatbol nacional e internacional han expresado su indignaci\u00f3n.<\/span><\/p>\n<blockquote class=\"twitter-tweet\">\n<p dir=\"ltr\" lang=\"es\">Que tristeza \ud83d\ude22 nuestro F\u00fatbol una puta verg\u00fcenza \ud83d\ude48<\/p>\n<p>\u2014 RODALLEGA\u26bd\ufe0f#23 (@hugol1120) <a href=\"https:\/\/twitter.com\/hugol1120\/status\/1467260498517364739?ref_src=twsrc%5Etfw\">December 4, 2021<\/a><\/p><\/blockquote>\n<p><script async src=\"https:\/\/platform.twitter.com\/widgets.js\" charset=\"utf-8\"><\/script><\/p>\n<blockquote class=\"twitter-tweet\">\n<p dir=\"ltr\" lang=\"es\">A lo bien a lo bien, que falta de Respeto ese gol del uni\u00f3n<\/p>\n<p>\u2014 Juan Cuadrado (@Cuadrado) <a href=\"https:\/\/twitter.com\/Cuadrado\/status\/1467254796151312386?ref_src=twsrc%5Etfw\">December 4, 2021<\/a><\/p><\/blockquote>\n<p><script async src=\"https:\/\/platform.twitter.com\/widgets.js\" charset=\"utf-8\"><\/script><\/p>\n<blockquote class=\"twitter-tweet\">\n<p dir=\"ltr\" lang=\"es\">Una verg\u00fcenza para el f\u00fatbol colombiano<\/p>\n<p>\u2014 Matheus Uribe (@matheus_uribe8) <a href=\"https:\/\/twitter.com\/matheus_uribe8\/status\/1467274360255881225?ref_src=twsrc%5Etfw\">December 4, 2021<\/a><\/p><\/blockquote>\n<p><script async src=\"https:\/\/platform.twitter.com\/widgets.js\" charset=\"utf-8\"><\/script><\/p>\n<blockquote class=\"twitter-tweet\">\n<p dir=\"ltr\" lang=\"es\">VERG\u00dcENZA ABSOLUTA!!! DESCARO TOTAL!!! \ud83d\ude14\ud83e\udd2e\ud83d\ude41\ud83d\udc4e<\/p>\n<p>\u2014 DANIEL RUIZ (@danielruizr10) <a href=\"https:\/\/twitter.com\/danielruizr10\/status\/1467270214463148032?ref_src=twsrc%5Etfw\">December 4, 2021<\/a><\/p><\/blockquote>\n<p><script async src=\"https:\/\/platform.twitter.com\/widgets.js\" charset=\"utf-8\"><\/script><\/p>\n<blockquote class=\"twitter-tweet\">\n<p dir=\"ltr\" lang=\"es\">Es dif\u00edcil filmar ficci\u00f3n sobre f\u00fatbol y ac\u00e1 lo lograron. Felicitaciones al director. \u00bfQu\u00e9? \u00bfEra un partido en serio?<\/p>\n<p>Uni\u00f3n Magdalena perd\u00eda contra Llaneros, pero meti\u00f3 dos goles a los 90+5 y 90+6 para sellar su ascenso a Primera Divisi\u00f3n de Colombia\ud83c\udde8\ud83c\uddf4<a href=\"https:\/\/t.co\/JIRo5FYabL\">pic.twitter.com\/JIRo5FYabL<\/a><\/p>\n<p>\u2014 VarskySports (@VarskySports) <a href=\"https:\/\/twitter.com\/VarskySports\/status\/1467258461813620747?ref_src=twsrc%5Etfw\">December 4, 2021<\/a><\/p><\/blockquote>\n<p><script async src=\"https:\/\/platform.twitter.com\/widgets.js\" charset=\"utf-8\"><\/script><\/p>\n<blockquote class=\"twitter-tweet\">\n<p dir=\"ltr\" lang=\"es\">Escandaloso el ascenso del Uni\u00f3n Magdalena a la primera divisi\u00f3n. Vergonzosa la actitud de los jugadores de Llaneros que ganaban 1-0 y perdieron a los 90+6 minutos con un gol que no se traga nadie.<br \/>\nClaro, Fortaleza no hizo la tarea.<br \/>\nPero ese gol amerita investigaci\u00f3n<\/p>\n<p>\u2014 Cesar Augusto Londo\u00f1o (@cesaralo) <a href=\"https:\/\/twitter.com\/cesaralo\/status\/1467265064344371210?ref_src=twsrc%5Etfw\">December 4, 2021<\/a><\/p><\/blockquote>\n<p><script async src=\"https:\/\/platform.twitter.com\/widgets.js\" charset=\"utf-8\"><\/script><\/p>\n<blockquote class=\"twitter-tweet\">\n<p dir=\"ltr\" lang=\"es\">Que verg\u00fcenza lo qu\u00e9 pas\u00f3 hoy en el f\u00fatbol de la B, esto lo tienen que investigar, no se puede permitir que destrocen el f\u00fatbol de esta manera, por encima de todo tiene que estar el <a href=\"https:\/\/twitter.com\/hashtag\/FairPlay?src=hash&amp;ref_src=twsrc%5Etfw\">#FairPlay<\/a> <a href=\"https:\/\/twitter.com\/hashtag\/Descaro?src=hash&amp;ref_src=twsrc%5Etfw\">#Descaro<\/a> <a href=\"https:\/\/twitter.com\/hashtag\/Verg%C3%BCenza?src=hash&amp;ref_src=twsrc%5Etfw\">#Verg\u00fcenza<\/a> <a href=\"https:\/\/t.co\/dyArtMO60L\">pic.twitter.com\/dyArtMO60L<\/a><\/p>\n<p>\u2014 Fabian Vargas Rivera (@FabianVargas6) <a href=\"https:\/\/twitter.com\/FabianVargas6\/status\/1467263762340192263?ref_src=twsrc%5Etfw\">December 4, 2021<\/a><\/p><\/blockquote>\n<p><script async src=\"https:\/\/platform.twitter.com\/widgets.js\" charset=\"utf-8\"><\/script><\/p>\n","protected":false},"excerpt":{"rendered":"<p>Luego de la pol\u00e9mica generada por el ascenso del Uni\u00f3n Magdalena, tras un pol\u00e9mico gol en el que los jugadores de Llaneros renunciaron a disputar la pelota en el \u00faltimo minuto del partido, distintas personalidades del f\u00fatbol nacional e internacional han expresado su indignaci\u00f3n. Que tristeza \ud83d\ude22 nuestro F\u00fatbol una puta verg\u00fcenza \ud83d\ude48 \u2014 RODALLEGA\u26bd\ufe0f#23 [&hellip;]<\/p>\n","protected":false},"author":5,"featured_media":73102,"comment_status":"open","ping_status":"open","sticky":false,"template":"","format":"standard","meta":{"_acf_changed":false,"footnotes":""},"categories":[7],"tags":[1230],"class_list":{"0":"post-73101","1":"post","2":"type-post","3":"status-publish","4":"format-standard","5":"has-post-thumbnail","7":"category-liga-betplay","8":"tag-union-magdalena"},"acf":[],"yoast_head":"<!-- This site is optimized with the Yoast SEO plugin v26.8 - https:\/\/yoast.com\/product\/yoast-seo-wordpress\/ -->\n<title>Indignaci\u00f3n en el f\u00fatbol por pol\u00e9mico ascenso del Uni\u00f3n -<\/title>\n<meta name=\"robots\" content=\"index, follow, max-snippet:-1, max-image-preview:large, max-video-preview:-1\" \/>\n<link rel=\"canonical\" href=\"https:\/\/futbolhoy.co\/index.php\/2021\/12\/05\/indignacion-en-el-futbol-por-polemico-ascenso-del-union\/\" \/>\n<meta property=\"og:locale\" content=\"es_ES\" \/>\n<meta property=\"og:type\" content=\"article\" \/>\n<meta property=\"og:title\" content=\"Indignaci\u00f3n en el f\u00fatbol por pol\u00e9mico ascenso del Uni\u00f3n -\" \/>\n<meta property=\"og:description\" content=\"Luego de la pol\u00e9mica generada por el ascenso del Uni\u00f3n Magdalena, tras un pol\u00e9mico gol en el que los jugadores de Llaneros renunciaron a disputar la pelota en el \u00faltimo minuto del partido, distintas personalidades del f\u00fatbol nacional e internacional han expresado su indignaci\u00f3n. Que tristeza \ud83d\ude22 nuestro F\u00fatbol una puta verg\u00fcenza \ud83d\ude48 \u2014 RODALLEGA\u26bd\ufe0f#23 [&hellip;]\" \/>\n<meta property=\"og:url\" content=\"https:\/\/futbolhoy.co\/index.php\/2021\/12\/05\/indignacion-en-el-futbol-por-polemico-ascenso-del-union\/\" \/>\n<meta property=\"article:publisher\" content=\"https:\/\/www.facebook.com\/FutbolHoyCol\/\" \/>\n<meta property=\"article:published_time\" content=\"2021-12-05T14:35:01+00:00\" \/>\n<meta property=\"article:modified_time\" content=\"2021-12-06T03:17:13+00:00\" \/>\n<meta property=\"og:image\" content=\"https:\/\/futbolhoy.co\/wp-content\/uploads\/2021\/12\/FFzKrI0XoAEyD8J.jpg\" \/>\n\t<meta property=\"og:image:width\" content=\"1200\" \/>\n\t<meta property=\"og:image:height\" content=\"837\" \/>\n\t<meta property=\"og:image:type\" content=\"image\/jpeg\" \/>\n<meta name=\"author\" content=\"Laura Hern\u00e1ndez\" \/>\n<meta name=\"twitter:card\" content=\"summary_large_image\" \/>\n<meta name=\"twitter:creator\" content=\"@FutbolHoyCol\" \/>\n<meta name=\"twitter:site\" content=\"@FutbolHoyCol\" \/>\n<meta name=\"twitter:label1\" content=\"Escrito por\" \/>\n\t<meta name=\"twitter:data1\" content=\"Laura Hern\u00e1ndez\" \/>\n\t<meta name=\"twitter:label2\" content=\"Tiempo de lectura\" \/>\n\t<meta name=\"twitter:data2\" content=\"2 minutos\" \/>\n<script type=\"application\/ld+json\" class=\"yoast-schema-graph\">{\"@context\":\"https:\/\/schema.org\",\"@graph\":[{\"@type\":\"Article\",\"@id\":\"https:\/\/futbolhoy.co\/index.php\/2021\/12\/05\/indignacion-en-el-futbol-por-polemico-ascenso-del-union\/#article\",\"isPartOf\":{\"@id\":\"https:\/\/futbolhoy.co\/index.php\/2021\/12\/05\/indignacion-en-el-futbol-por-polemico-ascenso-del-union\/\"},\"author\":{\"name\":\"Laura Hern\u00e1ndez\",\"@id\":\"https:\/\/futbolhoy.co\/#\/schema\/person\/c4a353a512b127643723a34bb1812f7d\"},\"headline\":\"Indignaci\u00f3n en el f\u00fatbol por pol\u00e9mico ascenso del Uni\u00f3n\",\"datePublished\":\"2021-12-05T14:35:01+00:00\",\"dateModified\":\"2021-12-06T03:17:13+00:00\",\"mainEntityOfPage\":{\"@id\":\"https:\/\/futbolhoy.co\/index.php\/2021\/12\/05\/indignacion-en-el-futbol-por-polemico-ascenso-del-union\/\"},\"wordCount\":276,\"commentCount\":0,\"publisher\":{\"@id\":\"https:\/\/futbolhoy.co\/#organization\"},\"image\":{\"@id\":\"https:\/\/futbolhoy.co\/index.php\/2021\/12\/05\/indignacion-en-el-futbol-por-polemico-ascenso-del-union\/#primaryimage\"},\"thumbnailUrl\":\"https:\/\/futbolhoy.co\/wp-content\/uploads\/2021\/12\/FFzKrI0XoAEyD8J.jpg\",\"keywords\":[\"Uni\u00f3n Magdalena\"],\"articleSection\":[\"Liga BetPlay\"],\"inLanguage\":\"es\",\"potentialAction\":[{\"@type\":\"CommentAction\",\"name\":\"Comment\",\"target\":[\"https:\/\/futbolhoy.co\/index.php\/2021\/12\/05\/indignacion-en-el-futbol-por-polemico-ascenso-del-union\/#respond\"]}]},{\"@type\":\"WebPage\",\"@id\":\"https:\/\/futbolhoy.co\/index.php\/2021\/12\/05\/indignacion-en-el-futbol-por-polemico-ascenso-del-union\/\",\"url\":\"https:\/\/futbolhoy.co\/index.php\/2021\/12\/05\/indignacion-en-el-futbol-por-polemico-ascenso-del-union\/\",\"name\":\"Indignaci\u00f3n en el f\u00fatbol por pol\u00e9mico ascenso del Uni\u00f3n -\",\"isPartOf\":{\"@id\":\"https:\/\/futbolhoy.co\/#website\"},\"primaryImageOfPage\":{\"@id\":\"https:\/\/futbolhoy.co\/index.php\/2021\/12\/05\/indignacion-en-el-futbol-por-polemico-ascenso-del-union\/#primaryimage\"},\"image\":{\"@id\":\"https:\/\/futbolhoy.co\/index.php\/2021\/12\/05\/indignacion-en-el-futbol-por-polemico-ascenso-del-union\/#primaryimage\"},\"thumbnailUrl\":\"https:\/\/futbolhoy.co\/wp-content\/uploads\/2021\/12\/FFzKrI0XoAEyD8J.jpg\",\"datePublished\":\"2021-12-05T14:35:01+00:00\",\"dateModified\":\"2021-12-06T03:17:13+00:00\",\"breadcrumb\":{\"@id\":\"https:\/\/futbolhoy.co\/index.php\/2021\/12\/05\/indignacion-en-el-futbol-por-polemico-ascenso-del-union\/#breadcrumb\"},\"inLanguage\":\"es\",\"potentialAction\":[{\"@type\":\"ReadAction\",\"target\":[\"https:\/\/futbolhoy.co\/index.php\/2021\/12\/05\/indignacion-en-el-futbol-por-polemico-ascenso-del-union\/\"]}]},{\"@type\":\"ImageObject\",\"inLanguage\":\"es\",\"@id\":\"https:\/\/futbolhoy.co\/index.php\/2021\/12\/05\/indignacion-en-el-futbol-por-polemico-ascenso-del-union\/#primaryimage\",\"url\":\"https:\/\/futbolhoy.co\/wp-content\/uploads\/2021\/12\/FFzKrI0XoAEyD8J.jpg\",\"contentUrl\":\"https:\/\/futbolhoy.co\/wp-content\/uploads\/2021\/12\/FFzKrI0XoAEyD8J.jpg\",\"width\":1200,\"height\":837},{\"@type\":\"BreadcrumbList\",\"@id\":\"https:\/\/futbolhoy.co\/index.php\/2021\/12\/05\/indignacion-en-el-futbol-por-polemico-ascenso-del-union\/#breadcrumb\",\"itemListElement\":[{\"@type\":\"ListItem\",\"position\":1,\"name\":\"Portada\",\"item\":\"https:\/\/futbolhoy.co\/\"},{\"@type\":\"ListItem\",\"position\":2,\"name\":\"Indignaci\u00f3n en el f\u00fatbol por pol\u00e9mico ascenso del Uni\u00f3n\"}]},{\"@type\":\"WebSite\",\"@id\":\"https:\/\/futbolhoy.co\/#website\",\"url\":\"https:\/\/futbolhoy.co\/\",\"name\":\"FutbolHoy\",\"description\":\"\",\"publisher\":{\"@id\":\"https:\/\/futbolhoy.co\/#organization\"},\"potentialAction\":[{\"@type\":\"SearchAction\",\"target\":{\"@type\":\"EntryPoint\",\"urlTemplate\":\"https:\/\/futbolhoy.co\/?s={search_term_string}\"},\"query-input\":{\"@type\":\"PropertyValueSpecification\",\"valueRequired\":true,\"valueName\":\"search_term_string\"}}],\"inLanguage\":\"es\"},{\"@type\":\"Organization\",\"@id\":\"https:\/\/futbolhoy.co\/#organization\",\"name\":\"Futbolhoy.co\",\"url\":\"https:\/\/futbolhoy.co\/\",\"logo\":{\"@type\":\"ImageObject\",\"inLanguage\":\"es\",\"@id\":\"https:\/\/futbolhoy.co\/#\/schema\/logo\/image\/\",\"url\":\"https:\/\/futbolhoy.co\/wp-content\/uploads\/2018\/08\/17426380_1906371736249227_6326180412931521141_n.jpg\",\"contentUrl\":\"https:\/\/futbolhoy.co\/wp-content\/uploads\/2018\/08\/17426380_1906371736249227_6326180412931521141_n.jpg\",\"width\":960,\"height\":960,\"caption\":\"Futbolhoy.co\"},\"image\":{\"@id\":\"https:\/\/futbolhoy.co\/#\/schema\/logo\/image\/\"},\"sameAs\":[\"https:\/\/www.facebook.com\/FutbolHoyCol\/\",\"https:\/\/x.com\/FutbolHoyCol\",\"https:\/\/www.instagram.com\/futbolhoycol\/\"]},{\"@type\":\"Person\",\"@id\":\"https:\/\/futbolhoy.co\/#\/schema\/person\/c4a353a512b127643723a34bb1812f7d\",\"name\":\"Laura Hern\u00e1ndez\",\"image\":{\"@type\":\"ImageObject\",\"inLanguage\":\"es\",\"@id\":\"https:\/\/futbolhoy.co\/#\/schema\/person\/image\/\",\"url\":\"https:\/\/secure.gravatar.com\/avatar\/d25959a15b9b293a743f99181c7cfd01?s=96&d=mm&r=g\",\"contentUrl\":\"https:\/\/secure.gravatar.com\/avatar\/d25959a15b9b293a743f99181c7cfd01?s=96&d=mm&r=g\",\"caption\":\"Laura Hern\u00e1ndez\"}}]}<\/script>\n<!-- \/ Yoast SEO plugin. -->","yoast_head_json":{"title":"Indignaci\u00f3n en el f\u00fatbol por pol\u00e9mico ascenso del Uni\u00f3n -","robots":{"index":"index","follow":"follow","max-snippet":"max-snippet:-1","max-image-preview":"max-image-preview:large","max-video-preview":"max-video-preview:-1"},"canonical":"https:\/\/futbolhoy.co\/index.php\/2021\/12\/05\/indignacion-en-el-futbol-por-polemico-ascenso-del-union\/","og_locale":"es_ES","og_type":"article","og_title":"Indignaci\u00f3n en el f\u00fatbol por pol\u00e9mico ascenso del Uni\u00f3n -","og_description":"Luego de la pol\u00e9mica generada por el ascenso del Uni\u00f3n Magdalena, tras un pol\u00e9mico gol en el que los jugadores de Llaneros renunciaron a disputar la pelota en el \u00faltimo minuto del partido, distintas personalidades del f\u00fatbol nacional e internacional han expresado su indignaci\u00f3n. Que tristeza \ud83d\ude22 nuestro F\u00fatbol una puta verg\u00fcenza \ud83d\ude48 \u2014 RODALLEGA\u26bd\ufe0f#23 [&hellip;]","og_url":"https:\/\/futbolhoy.co\/index.php\/2021\/12\/05\/indignacion-en-el-futbol-por-polemico-ascenso-del-union\/","article_publisher":"https:\/\/www.facebook.com\/FutbolHoyCol\/","article_published_time":"2021-12-05T14:35:01+00:00","article_modified_time":"2021-12-06T03:17:13+00:00","og_image":[{"width":1200,"height":837,"url":"https:\/\/futbolhoy.co\/wp-content\/uploads\/2021\/12\/FFzKrI0XoAEyD8J.jpg","type":"image\/jpeg"}],"author":"Laura Hern\u00e1ndez","twitter_card":"summary_large_image","twitter_creator":"@FutbolHoyCol","twitter_site":"@FutbolHoyCol","twitter_misc":{"Escrito por":"Laura Hern\u00e1ndez","Tiempo de lectura":"2 minutos"},"schema":{"@context":"https:\/\/schema.org","@graph":[{"@type":"Article","@id":"https:\/\/futbolhoy.co\/index.php\/2021\/12\/05\/indignacion-en-el-futbol-por-polemico-ascenso-del-union\/#article","isPartOf":{"@id":"https:\/\/futbolhoy.co\/index.php\/2021\/12\/05\/indignacion-en-el-futbol-por-polemico-ascenso-del-union\/"},"author":{"name":"Laura Hern\u00e1ndez","@id":"https:\/\/futbolhoy.co\/#\/schema\/person\/c4a353a512b127643723a34bb1812f7d"},"headline":"Indignaci\u00f3n en el f\u00fatbol por pol\u00e9mico ascenso del Uni\u00f3n","datePublished":"2021-12-05T14:35:01+00:00","dateModified":"2021-12-06T03:17:13+00:00","mainEntityOfPage":{"@id":"https:\/\/futbolhoy.co\/index.php\/2021\/12\/05\/indignacion-en-el-futbol-por-polemico-ascenso-del-union\/"},"wordCount":276,"commentCount":0,"publisher":{"@id":"https:\/\/futbolhoy.co\/#organization"},"image":{"@id":"https:\/\/futbolhoy.co\/index.php\/2021\/12\/05\/indignacion-en-el-futbol-por-polemico-ascenso-del-union\/#primaryimage"},"thumbnailUrl":"https:\/\/futbolhoy.co\/wp-content\/uploads\/2021\/12\/FFzKrI0XoAEyD8J.jpg","keywords":["Uni\u00f3n Magdalena"],"articleSection":["Liga BetPlay"],"inLanguage":"es","potentialAction":[{"@type":"CommentAction","name":"Comment","target":["https:\/\/futbolhoy.co\/index.php\/2021\/12\/05\/indignacion-en-el-futbol-por-polemico-ascenso-del-union\/#respond"]}]},{"@type":"WebPage","@id":"https:\/\/futbolhoy.co\/index.php\/2021\/12\/05\/indignacion-en-el-futbol-por-polemico-ascenso-del-union\/","url":"https:\/\/futbolhoy.co\/index.php\/2021\/12\/05\/indignacion-en-el-futbol-por-polemico-ascenso-del-union\/","name":"Indignaci\u00f3n en el f\u00fatbol por pol\u00e9mico ascenso del Uni\u00f3n -","isPartOf":{"@id":"https:\/\/futbolhoy.co\/#website"},"primaryImageOfPage":{"@id":"https:\/\/futbolhoy.co\/index.php\/2021\/12\/05\/indignacion-en-el-futbol-por-polemico-ascenso-del-union\/#primaryimage"},"image":{"@id":"https:\/\/futbolhoy.co\/index.php\/2021\/12\/05\/indignacion-en-el-futbol-por-polemico-ascenso-del-union\/#primaryimage"},"thumbnailUrl":"https:\/\/futbolhoy.co\/wp-content\/uploads\/2021\/12\/FFzKrI0XoAEyD8J.jpg","datePublished":"2021-12-05T14:35:01+00:00","dateModified":"2021-12-06T03:17:13+00:00","breadcrumb":{"@id":"https:\/\/futbolhoy.co\/index.php\/2021\/12\/05\/indignacion-en-el-futbol-por-polemico-ascenso-del-union\/#breadcrumb"},"inLanguage":"es","potentialAction":[{"@type":"ReadAction","target":["https:\/\/futbolhoy.co\/index.php\/2021\/12\/05\/indignacion-en-el-futbol-por-polemico-ascenso-del-union\/"]}]},{"@type":"ImageObject","inLanguage":"es","@id":"https:\/\/futbolhoy.co\/index.php\/2021\/12\/05\/indignacion-en-el-futbol-por-polemico-ascenso-del-union\/#primaryimage","url":"https:\/\/futbolhoy.co\/wp-content\/uploads\/2021\/12\/FFzKrI0XoAEyD8J.jpg","contentUrl":"https:\/\/futbolhoy.co\/wp-content\/uploads\/2021\/12\/FFzKrI0XoAEyD8J.jpg","width":1200,"height":837},{"@type":"BreadcrumbList","@id":"https:\/\/futbolhoy.co\/index.php\/2021\/12\/05\/indignacion-en-el-futbol-por-polemico-ascenso-del-union\/#breadcrumb","itemListElement":[{"@type":"ListItem","position":1,"name":"Portada","item":"https:\/\/futbolhoy.co\/"},{"@type":"ListItem","position":2,"name":"Indignaci\u00f3n en el f\u00fatbol por pol\u00e9mico ascenso del Uni\u00f3n"}]},{"@type":"WebSite","@id":"https:\/\/futbolhoy.co\/#website","url":"https:\/\/futbolhoy.co\/","name":"FutbolHoy","description":"","publisher":{"@id":"https:\/\/futbolhoy.co\/#organization"},"potentialAction":[{"@type":"SearchAction","target":{"@type":"EntryPoint","urlTemplate":"https:\/\/futbolhoy.co\/?s={search_term_string}"},"query-input":{"@type":"PropertyValueSpecification","valueRequired":true,"valueName":"search_term_string"}}],"inLanguage":"es"},{"@type":"Organization","@id":"https:\/\/futbolhoy.co\/#organization","name":"Futbolhoy.co","url":"https:\/\/futbolhoy.co\/","logo":{"@type":"ImageObject","inLanguage":"es","@id":"https:\/\/futbolhoy.co\/#\/schema\/logo\/image\/","url":"https:\/\/futbolhoy.co\/wp-content\/uploads\/2018\/08\/17426380_1906371736249227_6326180412931521141_n.jpg","contentUrl":"https:\/\/futbolhoy.co\/wp-content\/uploads\/2018\/08\/17426380_1906371736249227_6326180412931521141_n.jpg","width":960,"height":960,"caption":"Futbolhoy.co"},"image":{"@id":"https:\/\/futbolhoy.co\/#\/schema\/logo\/image\/"},"sameAs":["https:\/\/www.facebook.com\/FutbolHoyCol\/","https:\/\/x.com\/FutbolHoyCol","https:\/\/www.instagram.com\/futbolhoycol\/"]},{"@type":"Person","@id":"https:\/\/futbolhoy.co\/#\/schema\/person\/c4a353a512b127643723a34bb1812f7d","name":"Laura Hern\u00e1ndez","image":{"@type":"ImageObject","inLanguage":"es","@id":"https:\/\/futbolhoy.co\/#\/schema\/person\/image\/","url":"https:\/\/secure.gravatar.com\/avatar\/d25959a15b9b293a743f99181c7cfd01?s=96&d=mm&r=g","contentUrl":"https:\/\/secure.gravatar.com\/avatar\/d25959a15b9b293a743f99181c7cfd01?s=96&d=mm&r=g","caption":"Laura Hern\u00e1ndez"}}]}},"publishpress_future_action":{"enabled":false,"date":"2026-05-03 11:06:36","action":"change-status","newStatus":"draft","terms":[],"taxonomy":"category","extraData":[]},"publishpress_future_workflow_manual_trigger":{"enabledWorkflows":[]},"_links":{"self":[{"href":"https:\/\/futbolhoy.co\/index.php\/wp-json\/wp\/v2\/posts\/73101","targetHints":{"allow":["GET"]}}],"collection":[{"href":"https:\/\/futbolhoy.co\/index.php\/wp-json\/wp\/v2\/posts"}],"about":[{"href":"https:\/\/futbolhoy.co\/index.php\/wp-json\/wp\/v2\/types\/post"}],"author":[{"embeddable":true,"href":"https:\/\/futbolhoy.co\/index.php\/wp-json\/wp\/v2\/users\/5"}],"replies":[{"embeddable":true,"href":"https:\/\/futbolhoy.co\/index.php\/wp-json\/wp\/v2\/comments?post=73101"}],"version-history":[{"count":2,"href":"https:\/\/futbolhoy.co\/index.php\/wp-json\/wp\/v2\/posts\/73101\/revisions"}],"predecessor-version":[{"id":73122,"href":"https:\/\/futbolhoy.co\/index.php\/wp-json\/wp\/v2\/posts\/73101\/revisions\/73122"}],"wp:featuredmedia":[{"embeddable":true,"href":"https:\/\/futbolhoy.co\/index.php\/wp-json\/wp\/v2\/media\/73102"}],"wp:attachment":[{"href":"https:\/\/futbolhoy.co\/index.php\/wp-json\/wp\/v2\/media?parent=73101"}],"wp:term":[{"taxonomy":"category","embeddable":true,"href":"https:\/\/futbolhoy.co\/index.php\/wp-json\/wp\/v2\/categories?post=73101"},{"taxonomy":"post_tag","embeddable":true,"href":"https:\/\/futbolhoy.co\/index.php\/wp-json\/wp\/v2\/tags?post=73101"}],"curies":[{"name":"wp","href":"https:\/\/api.w.org\/{rel}","templated":true}]}}