{"id":73159,"date":"2021-12-06T16:19:19","date_gmt":"2021-12-06T21:19:19","guid":{"rendered":"https:\/\/futbolhoy.co\/?p=73159"},"modified":"2021-12-07T17:03:41","modified_gmt":"2021-12-07T22:03:41","slug":"mina-se-volvio-a-lesionar-2","status":"publish","type":"post","link":"https:\/\/futbolhoy.co\/index.php\/2021\/12\/06\/mina-se-volvio-a-lesionar-2\/","title":{"rendered":"Mina se volvi\u00f3 a lesionar"},"content":{"rendered":"<p style=\"text-align: justify;\"><span style=\"font-family: helvetica, arial, sans-serif;\">El central caucano <strong>Yerry Mina<\/strong>, quien llevaba m\u00e1s de dos meses fuera de las canchas, regres\u00f3 este lunes a la formaci\u00f3n del <strong>Everton<\/strong> por la fecha 15 de la <strong>Premier<\/strong> y se volvi\u00f3 a lesionar.<\/span><\/p>\n<p style=\"text-align: justify;\"><span style=\"font-family: helvetica, arial, sans-serif;\"><strong>Mina,<\/strong> quien hab\u00eda disputado su \u00faltimo partido en Liga el pasado 2 de octubre ante <strong>Manchester United,<\/strong> se resinti\u00f3 antes de finalizar el primer tiempo del juego donde su equipo se enfrent\u00f3 a Liverpool.<\/span><\/p>\n<p style=\"text-align: justify;\"><span style=\"font-family: helvetica, arial, sans-serif;\">Mina abandon\u00f3 el campo del <strong>Goodison Park<\/strong> a los 30 minutos, luego de ser atendido por el m\u00e9dico del club. El local <strong>Mason Holgate<\/strong> ingres\u00f3 por el colombiano.<\/span><\/p>\n<p style=\"text-align: justify;\"><span style=\"font-family: helvetica, arial, sans-serif;\">El defensa regres\u00f3 a Inglaterra con una lesi\u00f3n en el tend\u00f3n de la corva, tras el encuentro de la selecci\u00f3n frente a <strong>Ecuador<\/strong> en Barranquilla (octubre 10).<\/span><\/p>\n<p style=\"text-align: justify;\"><span style=\"font-family: helvetica, arial, sans-serif;\"><strong>Yerry<\/strong> solo ha participado en siete partidos en la <strong>Premier,<\/strong> en lo que va de la temporada.<\/span><\/p>\n","protected":false},"excerpt":{"rendered":"<p>El central caucano Yerry Mina, quien llevaba m\u00e1s de dos meses fuera de las canchas, regres\u00f3 este lunes a la formaci\u00f3n del Everton por la fecha 15 de la Premier y se volvi\u00f3 a lesionar. Mina, quien hab\u00eda disputado su \u00faltimo partido en Liga el pasado 2 de octubre ante Manchester United, se resinti\u00f3 antes [&hellip;]<\/p>\n","protected":false},"author":5,"featured_media":73160,"comment_status":"open","ping_status":"closed","sticky":false,"template":"","format":"standard","meta":{"_acf_changed":false,"footnotes":""},"categories":[418],"tags":[],"class_list":{"0":"post-73159","1":"post","2":"type-post","3":"status-publish","4":"format-standard","5":"has-post-thumbnail","7":"category-colombia"},"acf":[],"_links":{"self":[{"href":"https:\/\/futbolhoy.co\/index.php\/wp-json\/wp\/v2\/posts\/73159","targetHints":{"allow":["GET"]}}],"collection":[{"href":"https:\/\/futbolhoy.co\/index.php\/wp-json\/wp\/v2\/posts"}],"about":[{"href":"https:\/\/futbolhoy.co\/index.php\/wp-json\/wp\/v2\/types\/post"}],"author":[{"embeddable":true,"href":"https:\/\/futbolhoy.co\/index.php\/wp-json\/wp\/v2\/users\/5"}],"replies":[{"embeddable":true,"href":"https:\/\/futbolhoy.co\/index.php\/wp-json\/wp\/v2\/comments?post=73159"}],"version-history":[{"count":1,"href":"https:\/\/futbolhoy.co\/index.php\/wp-json\/wp\/v2\/posts\/73159\/revisions"}],"predecessor-version":[{"id":73161,"href":"https:\/\/futbolhoy.co\/index.php\/wp-json\/wp\/v2\/posts\/73159\/revisions\/73161"}],"wp:featuredmedia":[{"embeddable":true,"href":"https:\/\/futbolhoy.co\/index.php\/wp-json\/wp\/v2\/media\/73160"}],"wp:attachment":[{"href":"https:\/\/futbolhoy.co\/index.php\/wp-json\/wp\/v2\/media?parent=73159"}],"wp:term":[{"taxonomy":"category","embeddable":true,"href":"https:\/\/futbolhoy.co\/index.php\/wp-json\/wp\/v2\/categories?post=73159"},{"taxonomy":"post_tag","embeddable":true,"href":"https:\/\/futbolhoy.co\/index.php\/wp-json\/wp\/v2\/tags?post=73159"}],"curies":[{"name":"wp","href":"https:\/\/api.w.org\/{rel}","templated":true}]}}