{"id":73327,"date":"2021-12-10T18:00:47","date_gmt":"2021-12-10T23:00:47","guid":{"rendered":"https:\/\/futbolhoy.co\/?p=73327"},"modified":"2021-12-11T12:12:45","modified_gmt":"2021-12-11T17:12:45","slug":"meza-dejara-tigres","status":"publish","type":"post","link":"https:\/\/futbolhoy.co\/index.php\/2021\/12\/10\/meza-dejara-tigres\/","title":{"rendered":"Meza dejar\u00e1 Tigres"},"content":{"rendered":"<p style=\"text-align: justify;\"><span style=\"font-family: helvetica, arial, sans-serif;\">El defensa colombiano\u00a0<b>Francisco Meza<\/b>\u00a0abandonar\u00e1 a\u00a0<b>Tigres<\/b>\u00a0en la\u00a0<b>Liga MX de M\u00e9xico<\/b>\u00a0despu\u00e9s de seis a\u00f1os, inform\u00f3 el presidente del club\u00a0<b>Mauricio Culebro<\/b>.<\/span><\/p>\n<p style=\"text-align: justify;\"><span style=\"font-family: helvetica, arial, sans-serif;\">\"En el caso de Meza su contrato termin\u00f3, creo que \u00e9l tambi\u00e9n tiene la idea de salir\", explic\u00f3 el dirigente en rueda de prensa.<\/span><\/p>\n<p style=\"text-align: justify;\"><span style=\"font-family: helvetica, arial, sans-serif;\">Meza, barranquillero de 30 a\u00f1os, sufri\u00f3 ruptura del ligamento cruzado anterior de la rodilla derecha que le hizo perder el\u00a0<b>torneo Apertura<\/b>, en el que no fue registrado.<\/span><\/p>\n<p style=\"text-align: justify;\"><span style=\"font-family: helvetica, arial, sans-serif;\">En su paso por Tigres, al que lleg\u00f3 en el\u00a0\u00a0<b>Torneo Apertura 2016<\/b>, jug\u00f3 91 partidos, marc\u00f3 4 goles e hizo 2 asistencias, ganando tres t\u00edtulos de Liga, una\u00a0<b>Liga de Campeones de la Concacaf<\/b>\u00a0y un subcampeonato en el\u00a0<b>Mundial de Clubes<\/b>.<\/span><\/p>\n<p style=\"text-align: justify;\"><span style=\"font-family: helvetica, arial, sans-serif;\">Meza podr\u00eda regresar a la\u00a0<b>Liga BetPlay Dimayor 2022<\/b>\u00a0para actuar en el\u00a0<b>Junior<\/b>, que ha mostrado inter\u00e9s en sus servicios.<\/span><\/p>\n","protected":false},"excerpt":{"rendered":"<p>El defensa colombiano\u00a0Francisco Meza\u00a0abandonar\u00e1 a\u00a0Tigres\u00a0en la\u00a0Liga MX de M\u00e9xico\u00a0despu\u00e9s de seis a\u00f1os, inform\u00f3 el presidente del club\u00a0Mauricio Culebro. \"En el caso de Meza su contrato termin\u00f3, creo que \u00e9l tambi\u00e9n tiene la idea de salir\", explic\u00f3 el dirigente en rueda de prensa. Meza, barranquillero de 30 a\u00f1os, sufri\u00f3 ruptura del ligamento cruzado anterior de la [&hellip;]<\/p>\n","protected":false},"author":5,"featured_media":73328,"comment_status":"open","ping_status":"open","sticky":false,"template":"","format":"standard","meta":{"_acf_changed":false,"footnotes":""},"categories":[152],"tags":[],"class_list":{"0":"post-73327","1":"post","2":"type-post","3":"status-publish","4":"format-standard","5":"has-post-thumbnail","7":"category-mundo-futbol"},"acf":[],"yoast_head":"<!-- This site is optimized with the Yoast SEO plugin v26.8 - https:\/\/yoast.com\/product\/yoast-seo-wordpress\/ -->\n<title>Meza dejar\u00e1 Tigres -<\/title>\n<meta name=\"robots\" content=\"index, follow, max-snippet:-1, max-image-preview:large, max-video-preview:-1\" \/>\n<link rel=\"canonical\" href=\"https:\/\/futbolhoy.co\/index.php\/2021\/12\/10\/meza-dejara-tigres\/\" \/>\n<meta property=\"og:locale\" content=\"es_ES\" \/>\n<meta property=\"og:type\" content=\"article\" \/>\n<meta property=\"og:title\" content=\"Meza dejar\u00e1 Tigres -\" \/>\n<meta property=\"og:description\" content=\"El defensa colombiano\u00a0Francisco Meza\u00a0abandonar\u00e1 a\u00a0Tigres\u00a0en la\u00a0Liga MX de M\u00e9xico\u00a0despu\u00e9s de seis a\u00f1os, inform\u00f3 el presidente del club\u00a0Mauricio Culebro. &quot;En el caso de Meza su contrato termin\u00f3, creo que \u00e9l tambi\u00e9n tiene la idea de salir&quot;, explic\u00f3 el dirigente en rueda de prensa. Meza, barranquillero de 30 a\u00f1os, sufri\u00f3 ruptura del ligamento cruzado anterior de la [&hellip;]\" \/>\n<meta property=\"og:url\" content=\"https:\/\/futbolhoy.co\/index.php\/2021\/12\/10\/meza-dejara-tigres\/\" \/>\n<meta property=\"article:publisher\" content=\"https:\/\/www.facebook.com\/FutbolHoyCol\/\" \/>\n<meta property=\"article:published_time\" content=\"2021-12-10T23:00:47+00:00\" \/>\n<meta property=\"article:modified_time\" content=\"2021-12-11T17:12:45+00:00\" \/>\n<meta property=\"og:image\" content=\"https:\/\/futbolhoy.co\/wp-content\/uploads\/2021\/12\/FGQ6_eKXIAQzkD6.jpg\" \/>\n\t<meta property=\"og:image:width\" content=\"680\" \/>\n\t<meta property=\"og:image:height\" content=\"393\" \/>\n\t<meta property=\"og:image:type\" content=\"image\/jpeg\" \/>\n<meta name=\"author\" content=\"Laura Hern\u00e1ndez\" \/>\n<meta name=\"twitter:card\" content=\"summary_large_image\" \/>\n<meta name=\"twitter:creator\" content=\"@FutbolHoyCol\" \/>\n<meta name=\"twitter:site\" content=\"@FutbolHoyCol\" \/>\n<meta name=\"twitter:label1\" content=\"Escrito por\" \/>\n\t<meta name=\"twitter:data1\" content=\"Laura Hern\u00e1ndez\" \/>\n\t<meta name=\"twitter:label2\" content=\"Tiempo de lectura\" \/>\n\t<meta name=\"twitter:data2\" content=\"1 minuto\" \/>\n<script type=\"application\/ld+json\" class=\"yoast-schema-graph\">{\"@context\":\"https:\/\/schema.org\",\"@graph\":[{\"@type\":\"Article\",\"@id\":\"https:\/\/futbolhoy.co\/index.php\/2021\/12\/10\/meza-dejara-tigres\/#article\",\"isPartOf\":{\"@id\":\"https:\/\/futbolhoy.co\/index.php\/2021\/12\/10\/meza-dejara-tigres\/\"},\"author\":{\"name\":\"Laura Hern\u00e1ndez\",\"@id\":\"https:\/\/futbolhoy.co\/#\/schema\/person\/c4a353a512b127643723a34bb1812f7d\"},\"headline\":\"Meza dejar\u00e1 Tigres\",\"datePublished\":\"2021-12-10T23:00:47+00:00\",\"dateModified\":\"2021-12-11T17:12:45+00:00\",\"mainEntityOfPage\":{\"@id\":\"https:\/\/futbolhoy.co\/index.php\/2021\/12\/10\/meza-dejara-tigres\/\"},\"wordCount\":146,\"commentCount\":0,\"publisher\":{\"@id\":\"https:\/\/futbolhoy.co\/#organization\"},\"image\":{\"@id\":\"https:\/\/futbolhoy.co\/index.php\/2021\/12\/10\/meza-dejara-tigres\/#primaryimage\"},\"thumbnailUrl\":\"https:\/\/futbolhoy.co\/wp-content\/uploads\/2021\/12\/FGQ6_eKXIAQzkD6.jpg\",\"articleSection\":[\"Mundo Futbol\"],\"inLanguage\":\"es\",\"potentialAction\":[{\"@type\":\"CommentAction\",\"name\":\"Comment\",\"target\":[\"https:\/\/futbolhoy.co\/index.php\/2021\/12\/10\/meza-dejara-tigres\/#respond\"]}]},{\"@type\":\"WebPage\",\"@id\":\"https:\/\/futbolhoy.co\/index.php\/2021\/12\/10\/meza-dejara-tigres\/\",\"url\":\"https:\/\/futbolhoy.co\/index.php\/2021\/12\/10\/meza-dejara-tigres\/\",\"name\":\"Meza dejar\u00e1 Tigres -\",\"isPartOf\":{\"@id\":\"https:\/\/futbolhoy.co\/#website\"},\"primaryImageOfPage\":{\"@id\":\"https:\/\/futbolhoy.co\/index.php\/2021\/12\/10\/meza-dejara-tigres\/#primaryimage\"},\"image\":{\"@id\":\"https:\/\/futbolhoy.co\/index.php\/2021\/12\/10\/meza-dejara-tigres\/#primaryimage\"},\"thumbnailUrl\":\"https:\/\/futbolhoy.co\/wp-content\/uploads\/2021\/12\/FGQ6_eKXIAQzkD6.jpg\",\"datePublished\":\"2021-12-10T23:00:47+00:00\",\"dateModified\":\"2021-12-11T17:12:45+00:00\",\"breadcrumb\":{\"@id\":\"https:\/\/futbolhoy.co\/index.php\/2021\/12\/10\/meza-dejara-tigres\/#breadcrumb\"},\"inLanguage\":\"es\",\"potentialAction\":[{\"@type\":\"ReadAction\",\"target\":[\"https:\/\/futbolhoy.co\/index.php\/2021\/12\/10\/meza-dejara-tigres\/\"]}]},{\"@type\":\"ImageObject\",\"inLanguage\":\"es\",\"@id\":\"https:\/\/futbolhoy.co\/index.php\/2021\/12\/10\/meza-dejara-tigres\/#primaryimage\",\"url\":\"https:\/\/futbolhoy.co\/wp-content\/uploads\/2021\/12\/FGQ6_eKXIAQzkD6.jpg\",\"contentUrl\":\"https:\/\/futbolhoy.co\/wp-content\/uploads\/2021\/12\/FGQ6_eKXIAQzkD6.jpg\",\"width\":680,\"height\":393},{\"@type\":\"BreadcrumbList\",\"@id\":\"https:\/\/futbolhoy.co\/index.php\/2021\/12\/10\/meza-dejara-tigres\/#breadcrumb\",\"itemListElement\":[{\"@type\":\"ListItem\",\"position\":1,\"name\":\"Portada\",\"item\":\"https:\/\/futbolhoy.co\/\"},{\"@type\":\"ListItem\",\"position\":2,\"name\":\"Meza dejar\u00e1 Tigres\"}]},{\"@type\":\"WebSite\",\"@id\":\"https:\/\/futbolhoy.co\/#website\",\"url\":\"https:\/\/futbolhoy.co\/\",\"name\":\"FutbolHoy\",\"description\":\"\",\"publisher\":{\"@id\":\"https:\/\/futbolhoy.co\/#organization\"},\"potentialAction\":[{\"@type\":\"SearchAction\",\"target\":{\"@type\":\"EntryPoint\",\"urlTemplate\":\"https:\/\/futbolhoy.co\/?s={search_term_string}\"},\"query-input\":{\"@type\":\"PropertyValueSpecification\",\"valueRequired\":true,\"valueName\":\"search_term_string\"}}],\"inLanguage\":\"es\"},{\"@type\":\"Organization\",\"@id\":\"https:\/\/futbolhoy.co\/#organization\",\"name\":\"Futbolhoy.co\",\"url\":\"https:\/\/futbolhoy.co\/\",\"logo\":{\"@type\":\"ImageObject\",\"inLanguage\":\"es\",\"@id\":\"https:\/\/futbolhoy.co\/#\/schema\/logo\/image\/\",\"url\":\"https:\/\/futbolhoy.co\/wp-content\/uploads\/2018\/08\/17426380_1906371736249227_6326180412931521141_n.jpg\",\"contentUrl\":\"https:\/\/futbolhoy.co\/wp-content\/uploads\/2018\/08\/17426380_1906371736249227_6326180412931521141_n.jpg\",\"width\":960,\"height\":960,\"caption\":\"Futbolhoy.co\"},\"image\":{\"@id\":\"https:\/\/futbolhoy.co\/#\/schema\/logo\/image\/\"},\"sameAs\":[\"https:\/\/www.facebook.com\/FutbolHoyCol\/\",\"https:\/\/x.com\/FutbolHoyCol\",\"https:\/\/www.instagram.com\/futbolhoycol\/\"]},{\"@type\":\"Person\",\"@id\":\"https:\/\/futbolhoy.co\/#\/schema\/person\/c4a353a512b127643723a34bb1812f7d\",\"name\":\"Laura Hern\u00e1ndez\",\"image\":{\"@type\":\"ImageObject\",\"inLanguage\":\"es\",\"@id\":\"https:\/\/futbolhoy.co\/#\/schema\/person\/image\/\",\"url\":\"https:\/\/secure.gravatar.com\/avatar\/d25959a15b9b293a743f99181c7cfd01?s=96&d=mm&r=g\",\"contentUrl\":\"https:\/\/secure.gravatar.com\/avatar\/d25959a15b9b293a743f99181c7cfd01?s=96&d=mm&r=g\",\"caption\":\"Laura Hern\u00e1ndez\"}}]}<\/script>\n<!-- \/ Yoast SEO plugin. -->","yoast_head_json":{"title":"Meza dejar\u00e1 Tigres -","robots":{"index":"index","follow":"follow","max-snippet":"max-snippet:-1","max-image-preview":"max-image-preview:large","max-video-preview":"max-video-preview:-1"},"canonical":"https:\/\/futbolhoy.co\/index.php\/2021\/12\/10\/meza-dejara-tigres\/","og_locale":"es_ES","og_type":"article","og_title":"Meza dejar\u00e1 Tigres -","og_description":"El defensa colombiano\u00a0Francisco Meza\u00a0abandonar\u00e1 a\u00a0Tigres\u00a0en la\u00a0Liga MX de M\u00e9xico\u00a0despu\u00e9s de seis a\u00f1os, inform\u00f3 el presidente del club\u00a0Mauricio Culebro. \"En el caso de Meza su contrato termin\u00f3, creo que \u00e9l tambi\u00e9n tiene la idea de salir\", explic\u00f3 el dirigente en rueda de prensa. Meza, barranquillero de 30 a\u00f1os, sufri\u00f3 ruptura del ligamento cruzado anterior de la [&hellip;]","og_url":"https:\/\/futbolhoy.co\/index.php\/2021\/12\/10\/meza-dejara-tigres\/","article_publisher":"https:\/\/www.facebook.com\/FutbolHoyCol\/","article_published_time":"2021-12-10T23:00:47+00:00","article_modified_time":"2021-12-11T17:12:45+00:00","og_image":[{"width":680,"height":393,"url":"https:\/\/futbolhoy.co\/wp-content\/uploads\/2021\/12\/FGQ6_eKXIAQzkD6.jpg","type":"image\/jpeg"}],"author":"Laura Hern\u00e1ndez","twitter_card":"summary_large_image","twitter_creator":"@FutbolHoyCol","twitter_site":"@FutbolHoyCol","twitter_misc":{"Escrito por":"Laura Hern\u00e1ndez","Tiempo de lectura":"1 minuto"},"schema":{"@context":"https:\/\/schema.org","@graph":[{"@type":"Article","@id":"https:\/\/futbolhoy.co\/index.php\/2021\/12\/10\/meza-dejara-tigres\/#article","isPartOf":{"@id":"https:\/\/futbolhoy.co\/index.php\/2021\/12\/10\/meza-dejara-tigres\/"},"author":{"name":"Laura Hern\u00e1ndez","@id":"https:\/\/futbolhoy.co\/#\/schema\/person\/c4a353a512b127643723a34bb1812f7d"},"headline":"Meza dejar\u00e1 Tigres","datePublished":"2021-12-10T23:00:47+00:00","dateModified":"2021-12-11T17:12:45+00:00","mainEntityOfPage":{"@id":"https:\/\/futbolhoy.co\/index.php\/2021\/12\/10\/meza-dejara-tigres\/"},"wordCount":146,"commentCount":0,"publisher":{"@id":"https:\/\/futbolhoy.co\/#organization"},"image":{"@id":"https:\/\/futbolhoy.co\/index.php\/2021\/12\/10\/meza-dejara-tigres\/#primaryimage"},"thumbnailUrl":"https:\/\/futbolhoy.co\/wp-content\/uploads\/2021\/12\/FGQ6_eKXIAQzkD6.jpg","articleSection":["Mundo Futbol"],"inLanguage":"es","potentialAction":[{"@type":"CommentAction","name":"Comment","target":["https:\/\/futbolhoy.co\/index.php\/2021\/12\/10\/meza-dejara-tigres\/#respond"]}]},{"@type":"WebPage","@id":"https:\/\/futbolhoy.co\/index.php\/2021\/12\/10\/meza-dejara-tigres\/","url":"https:\/\/futbolhoy.co\/index.php\/2021\/12\/10\/meza-dejara-tigres\/","name":"Meza dejar\u00e1 Tigres -","isPartOf":{"@id":"https:\/\/futbolhoy.co\/#website"},"primaryImageOfPage":{"@id":"https:\/\/futbolhoy.co\/index.php\/2021\/12\/10\/meza-dejara-tigres\/#primaryimage"},"image":{"@id":"https:\/\/futbolhoy.co\/index.php\/2021\/12\/10\/meza-dejara-tigres\/#primaryimage"},"thumbnailUrl":"https:\/\/futbolhoy.co\/wp-content\/uploads\/2021\/12\/FGQ6_eKXIAQzkD6.jpg","datePublished":"2021-12-10T23:00:47+00:00","dateModified":"2021-12-11T17:12:45+00:00","breadcrumb":{"@id":"https:\/\/futbolhoy.co\/index.php\/2021\/12\/10\/meza-dejara-tigres\/#breadcrumb"},"inLanguage":"es","potentialAction":[{"@type":"ReadAction","target":["https:\/\/futbolhoy.co\/index.php\/2021\/12\/10\/meza-dejara-tigres\/"]}]},{"@type":"ImageObject","inLanguage":"es","@id":"https:\/\/futbolhoy.co\/index.php\/2021\/12\/10\/meza-dejara-tigres\/#primaryimage","url":"https:\/\/futbolhoy.co\/wp-content\/uploads\/2021\/12\/FGQ6_eKXIAQzkD6.jpg","contentUrl":"https:\/\/futbolhoy.co\/wp-content\/uploads\/2021\/12\/FGQ6_eKXIAQzkD6.jpg","width":680,"height":393},{"@type":"BreadcrumbList","@id":"https:\/\/futbolhoy.co\/index.php\/2021\/12\/10\/meza-dejara-tigres\/#breadcrumb","itemListElement":[{"@type":"ListItem","position":1,"name":"Portada","item":"https:\/\/futbolhoy.co\/"},{"@type":"ListItem","position":2,"name":"Meza dejar\u00e1 Tigres"}]},{"@type":"WebSite","@id":"https:\/\/futbolhoy.co\/#website","url":"https:\/\/futbolhoy.co\/","name":"FutbolHoy","description":"","publisher":{"@id":"https:\/\/futbolhoy.co\/#organization"},"potentialAction":[{"@type":"SearchAction","target":{"@type":"EntryPoint","urlTemplate":"https:\/\/futbolhoy.co\/?s={search_term_string}"},"query-input":{"@type":"PropertyValueSpecification","valueRequired":true,"valueName":"search_term_string"}}],"inLanguage":"es"},{"@type":"Organization","@id":"https:\/\/futbolhoy.co\/#organization","name":"Futbolhoy.co","url":"https:\/\/futbolhoy.co\/","logo":{"@type":"ImageObject","inLanguage":"es","@id":"https:\/\/futbolhoy.co\/#\/schema\/logo\/image\/","url":"https:\/\/futbolhoy.co\/wp-content\/uploads\/2018\/08\/17426380_1906371736249227_6326180412931521141_n.jpg","contentUrl":"https:\/\/futbolhoy.co\/wp-content\/uploads\/2018\/08\/17426380_1906371736249227_6326180412931521141_n.jpg","width":960,"height":960,"caption":"Futbolhoy.co"},"image":{"@id":"https:\/\/futbolhoy.co\/#\/schema\/logo\/image\/"},"sameAs":["https:\/\/www.facebook.com\/FutbolHoyCol\/","https:\/\/x.com\/FutbolHoyCol","https:\/\/www.instagram.com\/futbolhoycol\/"]},{"@type":"Person","@id":"https:\/\/futbolhoy.co\/#\/schema\/person\/c4a353a512b127643723a34bb1812f7d","name":"Laura Hern\u00e1ndez","image":{"@type":"ImageObject","inLanguage":"es","@id":"https:\/\/futbolhoy.co\/#\/schema\/person\/image\/","url":"https:\/\/secure.gravatar.com\/avatar\/d25959a15b9b293a743f99181c7cfd01?s=96&d=mm&r=g","contentUrl":"https:\/\/secure.gravatar.com\/avatar\/d25959a15b9b293a743f99181c7cfd01?s=96&d=mm&r=g","caption":"Laura Hern\u00e1ndez"}}]}},"publishpress_future_action":{"enabled":false,"date":"2026-05-03 07:13:49","action":"change-status","newStatus":"draft","terms":[],"taxonomy":"category","extraData":[]},"publishpress_future_workflow_manual_trigger":{"enabledWorkflows":[]},"_links":{"self":[{"href":"https:\/\/futbolhoy.co\/index.php\/wp-json\/wp\/v2\/posts\/73327","targetHints":{"allow":["GET"]}}],"collection":[{"href":"https:\/\/futbolhoy.co\/index.php\/wp-json\/wp\/v2\/posts"}],"about":[{"href":"https:\/\/futbolhoy.co\/index.php\/wp-json\/wp\/v2\/types\/post"}],"author":[{"embeddable":true,"href":"https:\/\/futbolhoy.co\/index.php\/wp-json\/wp\/v2\/users\/5"}],"replies":[{"embeddable":true,"href":"https:\/\/futbolhoy.co\/index.php\/wp-json\/wp\/v2\/comments?post=73327"}],"version-history":[{"count":1,"href":"https:\/\/futbolhoy.co\/index.php\/wp-json\/wp\/v2\/posts\/73327\/revisions"}],"predecessor-version":[{"id":73329,"href":"https:\/\/futbolhoy.co\/index.php\/wp-json\/wp\/v2\/posts\/73327\/revisions\/73329"}],"wp:featuredmedia":[{"embeddable":true,"href":"https:\/\/futbolhoy.co\/index.php\/wp-json\/wp\/v2\/media\/73328"}],"wp:attachment":[{"href":"https:\/\/futbolhoy.co\/index.php\/wp-json\/wp\/v2\/media?parent=73327"}],"wp:term":[{"taxonomy":"category","embeddable":true,"href":"https:\/\/futbolhoy.co\/index.php\/wp-json\/wp\/v2\/categories?post=73327"},{"taxonomy":"post_tag","embeddable":true,"href":"https:\/\/futbolhoy.co\/index.php\/wp-json\/wp\/v2\/tags?post=73327"}],"curies":[{"name":"wp","href":"https:\/\/api.w.org\/{rel}","templated":true}]}}