{"id":73333,"date":"2021-12-11T08:49:45","date_gmt":"2021-12-11T13:49:45","guid":{"rendered":"https:\/\/futbolhoy.co\/?p=73333"},"modified":"2021-12-11T22:02:42","modified_gmt":"2021-12-12T03:02:42","slug":"cardona-se-equivoco-tevez","status":"publish","type":"post","link":"https:\/\/futbolhoy.co\/index.php\/2021\/12\/11\/cardona-se-equivoco-tevez\/","title":{"rendered":"Cardona se equivoc\u00f3: T\u00e9vez"},"content":{"rendered":"<!--[if lt IE 9]><script>document.createElement('audio');<\/script><![endif]-->\n<audio class=\"wp-audio-shortcode\" id=\"audio-73333-1\" preload=\"none\" style=\"width: 100%;\" controls=\"controls\"><source type=\"audio\/mpeg\" src=\"https:\/\/futbolhoy.co\/wp-content\/uploads\/2021\/12\/FH-TEVEZ2021-12-11.mp3?_=1\" \/><a href=\"https:\/\/futbolhoy.co\/wp-content\/uploads\/2021\/12\/FH-TEVEZ2021-12-11.mp3\">https:\/\/futbolhoy.co\/wp-content\/uploads\/2021\/12\/FH-TEVEZ2021-12-11.mp3<\/a><\/audio>\n<p><strong><span style=\"font-family: helvetica, arial, sans-serif; font-size: 10pt;\"><em>Carlos T\u00e9vez, ex jugador - Cortes\u00eda\u00a0 TyC Sports\u00a0<\/em><\/span><\/strong><\/p>\n<p style=\"text-align: justify;\"><span style=\"font-family: helvetica, arial, sans-serif;\">El exfutbolista <strong>Carlos T\u00e9vez<\/strong>, uno de los \u00eddolos en la historia de <strong>Boca Juniors<\/strong> y quien se retir\u00f3 de las canchas en junio, critic\u00f3 al volante antique\u00f1o <strong>Edwin Cardona<\/strong> por la falta de profesionalismo en su segundo paso por el equipo.<\/span><\/p>\n<p style=\"text-align: justify;\"><span style=\"font-family: helvetica, arial, sans-serif;\">\u201cTengo una amistad muy con el gordo, entonces es muy dif\u00edcil ponerme del lado del hincha y del lado de un amigo. Creo que \u00e9l se equivoc\u00f3 en un momento delicado, muy delicado, porque Boca iba a jugar los octavos de final de Libertadores y todos saben que el hincha est\u00e1 esperando ganar la Libertadores, y \u00e9l se equivoca en ese momento donde no se ten\u00eda que equivocar, y ya despu\u00e9s lo que haga me parec\u00eda tarde\u201d, dijo T\u00e9vez en TyC Sports.<\/span><\/p>\n<p style=\"text-align: justify;\"><span style=\"font-family: helvetica, arial, sans-serif;\">\u201cObvio que, como jugador, todos sabemos lo que es el gordo, es indiscutible, pero creo que hay momentos y momentos para equivocarse, y m\u00e1s \u00e9l que no ten\u00eda contrato en Boca ten\u00eda que hacer todo a la perfecci\u00f3n y no lo hizo. Es muy dif\u00edcil que el club haga una oferta por \u00e9l. Es lo que yo siento\u201d, agreg\u00f3 sobre el colombiano.<\/span><\/p>\n<p style=\"text-align: justify;\"><span style=\"font-family: helvetica, arial, sans-serif;\">En plena fase decisiva de octavos de final de <strong>Copa Libertadores<\/strong>, <strong>Cardona<\/strong> no regres\u00f3 a tiempo para el compromiso frente al <strong>Atl\u00e9tico Mineiro<\/strong>, y prefiri\u00f3 marcharse a Medell\u00edn a tomar vacaciones.<\/span><\/p>\n<p style=\"text-align: justify;\"><span style=\"font-family: helvetica, arial, sans-serif;\">Esta situaci\u00f3n gener\u00f3 malestar en el equipo y su futuro para la pr\u00f3xima temporada pudo quedar sentenciado desde ese incidente.<\/span><\/p>\n<p style=\"text-align: justify;\"><span style=\"font-family: helvetica, arial, sans-serif;\"><strong>Cardona<\/strong> deber\u00e1 retornar a los Xolos de Tijuana, equipo mexicano que pretend\u00eda 5 millones de d\u00f3lares por sus derechos deportivos.<\/span><\/p>\n","protected":false},"excerpt":{"rendered":"<p>Carlos T\u00e9vez, ex jugador - Cortes\u00eda\u00a0 TyC Sports\u00a0 El exfutbolista Carlos T\u00e9vez, uno de los \u00eddolos en la historia de Boca Juniors y quien se retir\u00f3 de las canchas en junio, critic\u00f3 al volante antique\u00f1o Edwin Cardona por la falta de profesionalismo en su segundo paso por el equipo. \u201cTengo una amistad muy con el [&hellip;]<\/p>\n","protected":false},"author":5,"featured_media":73335,"comment_status":"open","ping_status":"open","sticky":false,"template":"","format":"video","meta":{"_acf_changed":false,"footnotes":""},"categories":[152],"tags":[],"class_list":{"0":"post-73333","1":"post","2":"type-post","3":"status-publish","4":"format-video","5":"has-post-thumbnail","7":"category-mundo-futbol","8":"post_format-post-format-video"},"acf":[],"yoast_head":"<!-- This site is optimized with the Yoast SEO plugin v26.8 - https:\/\/yoast.com\/product\/yoast-seo-wordpress\/ -->\n<title>Cardona se equivoc\u00f3: T\u00e9vez -<\/title>\n<meta name=\"robots\" content=\"index, follow, max-snippet:-1, max-image-preview:large, max-video-preview:-1\" \/>\n<link rel=\"canonical\" href=\"https:\/\/futbolhoy.co\/index.php\/2021\/12\/11\/cardona-se-equivoco-tevez\/\" \/>\n<meta property=\"og:locale\" content=\"es_ES\" \/>\n<meta property=\"og:type\" content=\"article\" \/>\n<meta property=\"og:title\" content=\"Cardona se equivoc\u00f3: T\u00e9vez -\" \/>\n<meta property=\"og:description\" content=\"Carlos T\u00e9vez, ex jugador - Cortes\u00eda\u00a0 TyC Sports\u00a0 El exfutbolista Carlos T\u00e9vez, uno de los \u00eddolos en la historia de Boca Juniors y quien se retir\u00f3 de las canchas en junio, critic\u00f3 al volante antique\u00f1o Edwin Cardona por la falta de profesionalismo en su segundo paso por el equipo. \u201cTengo una amistad muy con el [&hellip;]\" \/>\n<meta property=\"og:url\" content=\"https:\/\/futbolhoy.co\/index.php\/2021\/12\/11\/cardona-se-equivoco-tevez\/\" \/>\n<meta property=\"article:publisher\" content=\"https:\/\/www.facebook.com\/FutbolHoyCol\/\" \/>\n<meta property=\"article:published_time\" content=\"2021-12-11T13:49:45+00:00\" \/>\n<meta property=\"article:modified_time\" content=\"2021-12-12T03:02:42+00:00\" \/>\n<meta property=\"og:image\" content=\"https:\/\/futbolhoy.co\/wp-content\/uploads\/2021\/12\/20211211_084849.jpg\" \/>\n\t<meta property=\"og:image:width\" content=\"1260\" \/>\n\t<meta property=\"og:image:height\" content=\"740\" \/>\n\t<meta property=\"og:image:type\" content=\"image\/jpeg\" \/>\n<meta name=\"author\" content=\"Laura Hern\u00e1ndez\" \/>\n<meta name=\"twitter:card\" content=\"summary_large_image\" \/>\n<meta name=\"twitter:creator\" content=\"@FutbolHoyCol\" \/>\n<meta name=\"twitter:site\" content=\"@FutbolHoyCol\" \/>\n<meta name=\"twitter:label1\" content=\"Escrito por\" \/>\n\t<meta name=\"twitter:data1\" content=\"Laura Hern\u00e1ndez\" \/>\n\t<meta name=\"twitter:label2\" content=\"Tiempo de lectura\" \/>\n\t<meta name=\"twitter:data2\" content=\"2 minutos\" \/>\n<script type=\"application\/ld+json\" class=\"yoast-schema-graph\">{\"@context\":\"https:\/\/schema.org\",\"@graph\":[{\"@type\":\"Article\",\"@id\":\"https:\/\/futbolhoy.co\/index.php\/2021\/12\/11\/cardona-se-equivoco-tevez\/#article\",\"isPartOf\":{\"@id\":\"https:\/\/futbolhoy.co\/index.php\/2021\/12\/11\/cardona-se-equivoco-tevez\/\"},\"author\":{\"name\":\"Laura Hern\u00e1ndez\",\"@id\":\"https:\/\/futbolhoy.co\/#\/schema\/person\/c4a353a512b127643723a34bb1812f7d\"},\"headline\":\"Cardona se equivoc\u00f3: T\u00e9vez\",\"datePublished\":\"2021-12-11T13:49:45+00:00\",\"dateModified\":\"2021-12-12T03:02:42+00:00\",\"mainEntityOfPage\":{\"@id\":\"https:\/\/futbolhoy.co\/index.php\/2021\/12\/11\/cardona-se-equivoco-tevez\/\"},\"wordCount\":300,\"commentCount\":0,\"publisher\":{\"@id\":\"https:\/\/futbolhoy.co\/#organization\"},\"image\":{\"@id\":\"https:\/\/futbolhoy.co\/index.php\/2021\/12\/11\/cardona-se-equivoco-tevez\/#primaryimage\"},\"thumbnailUrl\":\"https:\/\/futbolhoy.co\/wp-content\/uploads\/2021\/12\/20211211_084849.jpg\",\"articleSection\":[\"Mundo Futbol\"],\"inLanguage\":\"es\",\"potentialAction\":[{\"@type\":\"CommentAction\",\"name\":\"Comment\",\"target\":[\"https:\/\/futbolhoy.co\/index.php\/2021\/12\/11\/cardona-se-equivoco-tevez\/#respond\"]}]},{\"@type\":\"WebPage\",\"@id\":\"https:\/\/futbolhoy.co\/index.php\/2021\/12\/11\/cardona-se-equivoco-tevez\/\",\"url\":\"https:\/\/futbolhoy.co\/index.php\/2021\/12\/11\/cardona-se-equivoco-tevez\/\",\"name\":\"Cardona se equivoc\u00f3: T\u00e9vez -\",\"isPartOf\":{\"@id\":\"https:\/\/futbolhoy.co\/#website\"},\"primaryImageOfPage\":{\"@id\":\"https:\/\/futbolhoy.co\/index.php\/2021\/12\/11\/cardona-se-equivoco-tevez\/#primaryimage\"},\"image\":{\"@id\":\"https:\/\/futbolhoy.co\/index.php\/2021\/12\/11\/cardona-se-equivoco-tevez\/#primaryimage\"},\"thumbnailUrl\":\"https:\/\/futbolhoy.co\/wp-content\/uploads\/2021\/12\/20211211_084849.jpg\",\"datePublished\":\"2021-12-11T13:49:45+00:00\",\"dateModified\":\"2021-12-12T03:02:42+00:00\",\"breadcrumb\":{\"@id\":\"https:\/\/futbolhoy.co\/index.php\/2021\/12\/11\/cardona-se-equivoco-tevez\/#breadcrumb\"},\"inLanguage\":\"es\",\"potentialAction\":[{\"@type\":\"ReadAction\",\"target\":[\"https:\/\/futbolhoy.co\/index.php\/2021\/12\/11\/cardona-se-equivoco-tevez\/\"]}]},{\"@type\":\"ImageObject\",\"inLanguage\":\"es\",\"@id\":\"https:\/\/futbolhoy.co\/index.php\/2021\/12\/11\/cardona-se-equivoco-tevez\/#primaryimage\",\"url\":\"https:\/\/futbolhoy.co\/wp-content\/uploads\/2021\/12\/20211211_084849.jpg\",\"contentUrl\":\"https:\/\/futbolhoy.co\/wp-content\/uploads\/2021\/12\/20211211_084849.jpg\",\"width\":1260,\"height\":740},{\"@type\":\"BreadcrumbList\",\"@id\":\"https:\/\/futbolhoy.co\/index.php\/2021\/12\/11\/cardona-se-equivoco-tevez\/#breadcrumb\",\"itemListElement\":[{\"@type\":\"ListItem\",\"position\":1,\"name\":\"Portada\",\"item\":\"https:\/\/futbolhoy.co\/\"},{\"@type\":\"ListItem\",\"position\":2,\"name\":\"Cardona se equivoc\u00f3: T\u00e9vez\"}]},{\"@type\":\"WebSite\",\"@id\":\"https:\/\/futbolhoy.co\/#website\",\"url\":\"https:\/\/futbolhoy.co\/\",\"name\":\"FutbolHoy\",\"description\":\"\",\"publisher\":{\"@id\":\"https:\/\/futbolhoy.co\/#organization\"},\"potentialAction\":[{\"@type\":\"SearchAction\",\"target\":{\"@type\":\"EntryPoint\",\"urlTemplate\":\"https:\/\/futbolhoy.co\/?s={search_term_string}\"},\"query-input\":{\"@type\":\"PropertyValueSpecification\",\"valueRequired\":true,\"valueName\":\"search_term_string\"}}],\"inLanguage\":\"es\"},{\"@type\":\"Organization\",\"@id\":\"https:\/\/futbolhoy.co\/#organization\",\"name\":\"Futbolhoy.co\",\"url\":\"https:\/\/futbolhoy.co\/\",\"logo\":{\"@type\":\"ImageObject\",\"inLanguage\":\"es\",\"@id\":\"https:\/\/futbolhoy.co\/#\/schema\/logo\/image\/\",\"url\":\"https:\/\/futbolhoy.co\/wp-content\/uploads\/2018\/08\/17426380_1906371736249227_6326180412931521141_n.jpg\",\"contentUrl\":\"https:\/\/futbolhoy.co\/wp-content\/uploads\/2018\/08\/17426380_1906371736249227_6326180412931521141_n.jpg\",\"width\":960,\"height\":960,\"caption\":\"Futbolhoy.co\"},\"image\":{\"@id\":\"https:\/\/futbolhoy.co\/#\/schema\/logo\/image\/\"},\"sameAs\":[\"https:\/\/www.facebook.com\/FutbolHoyCol\/\",\"https:\/\/x.com\/FutbolHoyCol\",\"https:\/\/www.instagram.com\/futbolhoycol\/\"]},{\"@type\":\"Person\",\"@id\":\"https:\/\/futbolhoy.co\/#\/schema\/person\/c4a353a512b127643723a34bb1812f7d\",\"name\":\"Laura Hern\u00e1ndez\",\"image\":{\"@type\":\"ImageObject\",\"inLanguage\":\"es\",\"@id\":\"https:\/\/futbolhoy.co\/#\/schema\/person\/image\/\",\"url\":\"https:\/\/secure.gravatar.com\/avatar\/d25959a15b9b293a743f99181c7cfd01?s=96&d=mm&r=g\",\"contentUrl\":\"https:\/\/secure.gravatar.com\/avatar\/d25959a15b9b293a743f99181c7cfd01?s=96&d=mm&r=g\",\"caption\":\"Laura Hern\u00e1ndez\"}}]}<\/script>\n<!-- \/ Yoast SEO plugin. -->","yoast_head_json":{"title":"Cardona se equivoc\u00f3: T\u00e9vez -","robots":{"index":"index","follow":"follow","max-snippet":"max-snippet:-1","max-image-preview":"max-image-preview:large","max-video-preview":"max-video-preview:-1"},"canonical":"https:\/\/futbolhoy.co\/index.php\/2021\/12\/11\/cardona-se-equivoco-tevez\/","og_locale":"es_ES","og_type":"article","og_title":"Cardona se equivoc\u00f3: T\u00e9vez -","og_description":"Carlos T\u00e9vez, ex jugador - Cortes\u00eda\u00a0 TyC Sports\u00a0 El exfutbolista Carlos T\u00e9vez, uno de los \u00eddolos en la historia de Boca Juniors y quien se retir\u00f3 de las canchas en junio, critic\u00f3 al volante antique\u00f1o Edwin Cardona por la falta de profesionalismo en su segundo paso por el equipo. \u201cTengo una amistad muy con el [&hellip;]","og_url":"https:\/\/futbolhoy.co\/index.php\/2021\/12\/11\/cardona-se-equivoco-tevez\/","article_publisher":"https:\/\/www.facebook.com\/FutbolHoyCol\/","article_published_time":"2021-12-11T13:49:45+00:00","article_modified_time":"2021-12-12T03:02:42+00:00","og_image":[{"width":1260,"height":740,"url":"https:\/\/futbolhoy.co\/wp-content\/uploads\/2021\/12\/20211211_084849.jpg","type":"image\/jpeg"}],"author":"Laura Hern\u00e1ndez","twitter_card":"summary_large_image","twitter_creator":"@FutbolHoyCol","twitter_site":"@FutbolHoyCol","twitter_misc":{"Escrito por":"Laura Hern\u00e1ndez","Tiempo de lectura":"2 minutos"},"schema":{"@context":"https:\/\/schema.org","@graph":[{"@type":"Article","@id":"https:\/\/futbolhoy.co\/index.php\/2021\/12\/11\/cardona-se-equivoco-tevez\/#article","isPartOf":{"@id":"https:\/\/futbolhoy.co\/index.php\/2021\/12\/11\/cardona-se-equivoco-tevez\/"},"author":{"name":"Laura Hern\u00e1ndez","@id":"https:\/\/futbolhoy.co\/#\/schema\/person\/c4a353a512b127643723a34bb1812f7d"},"headline":"Cardona se equivoc\u00f3: T\u00e9vez","datePublished":"2021-12-11T13:49:45+00:00","dateModified":"2021-12-12T03:02:42+00:00","mainEntityOfPage":{"@id":"https:\/\/futbolhoy.co\/index.php\/2021\/12\/11\/cardona-se-equivoco-tevez\/"},"wordCount":300,"commentCount":0,"publisher":{"@id":"https:\/\/futbolhoy.co\/#organization"},"image":{"@id":"https:\/\/futbolhoy.co\/index.php\/2021\/12\/11\/cardona-se-equivoco-tevez\/#primaryimage"},"thumbnailUrl":"https:\/\/futbolhoy.co\/wp-content\/uploads\/2021\/12\/20211211_084849.jpg","articleSection":["Mundo Futbol"],"inLanguage":"es","potentialAction":[{"@type":"CommentAction","name":"Comment","target":["https:\/\/futbolhoy.co\/index.php\/2021\/12\/11\/cardona-se-equivoco-tevez\/#respond"]}]},{"@type":"WebPage","@id":"https:\/\/futbolhoy.co\/index.php\/2021\/12\/11\/cardona-se-equivoco-tevez\/","url":"https:\/\/futbolhoy.co\/index.php\/2021\/12\/11\/cardona-se-equivoco-tevez\/","name":"Cardona se equivoc\u00f3: T\u00e9vez -","isPartOf":{"@id":"https:\/\/futbolhoy.co\/#website"},"primaryImageOfPage":{"@id":"https:\/\/futbolhoy.co\/index.php\/2021\/12\/11\/cardona-se-equivoco-tevez\/#primaryimage"},"image":{"@id":"https:\/\/futbolhoy.co\/index.php\/2021\/12\/11\/cardona-se-equivoco-tevez\/#primaryimage"},"thumbnailUrl":"https:\/\/futbolhoy.co\/wp-content\/uploads\/2021\/12\/20211211_084849.jpg","datePublished":"2021-12-11T13:49:45+00:00","dateModified":"2021-12-12T03:02:42+00:00","breadcrumb":{"@id":"https:\/\/futbolhoy.co\/index.php\/2021\/12\/11\/cardona-se-equivoco-tevez\/#breadcrumb"},"inLanguage":"es","potentialAction":[{"@type":"ReadAction","target":["https:\/\/futbolhoy.co\/index.php\/2021\/12\/11\/cardona-se-equivoco-tevez\/"]}]},{"@type":"ImageObject","inLanguage":"es","@id":"https:\/\/futbolhoy.co\/index.php\/2021\/12\/11\/cardona-se-equivoco-tevez\/#primaryimage","url":"https:\/\/futbolhoy.co\/wp-content\/uploads\/2021\/12\/20211211_084849.jpg","contentUrl":"https:\/\/futbolhoy.co\/wp-content\/uploads\/2021\/12\/20211211_084849.jpg","width":1260,"height":740},{"@type":"BreadcrumbList","@id":"https:\/\/futbolhoy.co\/index.php\/2021\/12\/11\/cardona-se-equivoco-tevez\/#breadcrumb","itemListElement":[{"@type":"ListItem","position":1,"name":"Portada","item":"https:\/\/futbolhoy.co\/"},{"@type":"ListItem","position":2,"name":"Cardona se equivoc\u00f3: T\u00e9vez"}]},{"@type":"WebSite","@id":"https:\/\/futbolhoy.co\/#website","url":"https:\/\/futbolhoy.co\/","name":"FutbolHoy","description":"","publisher":{"@id":"https:\/\/futbolhoy.co\/#organization"},"potentialAction":[{"@type":"SearchAction","target":{"@type":"EntryPoint","urlTemplate":"https:\/\/futbolhoy.co\/?s={search_term_string}"},"query-input":{"@type":"PropertyValueSpecification","valueRequired":true,"valueName":"search_term_string"}}],"inLanguage":"es"},{"@type":"Organization","@id":"https:\/\/futbolhoy.co\/#organization","name":"Futbolhoy.co","url":"https:\/\/futbolhoy.co\/","logo":{"@type":"ImageObject","inLanguage":"es","@id":"https:\/\/futbolhoy.co\/#\/schema\/logo\/image\/","url":"https:\/\/futbolhoy.co\/wp-content\/uploads\/2018\/08\/17426380_1906371736249227_6326180412931521141_n.jpg","contentUrl":"https:\/\/futbolhoy.co\/wp-content\/uploads\/2018\/08\/17426380_1906371736249227_6326180412931521141_n.jpg","width":960,"height":960,"caption":"Futbolhoy.co"},"image":{"@id":"https:\/\/futbolhoy.co\/#\/schema\/logo\/image\/"},"sameAs":["https:\/\/www.facebook.com\/FutbolHoyCol\/","https:\/\/x.com\/FutbolHoyCol","https:\/\/www.instagram.com\/futbolhoycol\/"]},{"@type":"Person","@id":"https:\/\/futbolhoy.co\/#\/schema\/person\/c4a353a512b127643723a34bb1812f7d","name":"Laura Hern\u00e1ndez","image":{"@type":"ImageObject","inLanguage":"es","@id":"https:\/\/futbolhoy.co\/#\/schema\/person\/image\/","url":"https:\/\/secure.gravatar.com\/avatar\/d25959a15b9b293a743f99181c7cfd01?s=96&d=mm&r=g","contentUrl":"https:\/\/secure.gravatar.com\/avatar\/d25959a15b9b293a743f99181c7cfd01?s=96&d=mm&r=g","caption":"Laura Hern\u00e1ndez"}}]}},"publishpress_future_action":{"enabled":false,"date":"2026-05-03 01:37:26","action":"change-status","newStatus":"draft","terms":[],"taxonomy":"category","extraData":[]},"publishpress_future_workflow_manual_trigger":{"enabledWorkflows":[]},"_links":{"self":[{"href":"https:\/\/futbolhoy.co\/index.php\/wp-json\/wp\/v2\/posts\/73333","targetHints":{"allow":["GET"]}}],"collection":[{"href":"https:\/\/futbolhoy.co\/index.php\/wp-json\/wp\/v2\/posts"}],"about":[{"href":"https:\/\/futbolhoy.co\/index.php\/wp-json\/wp\/v2\/types\/post"}],"author":[{"embeddable":true,"href":"https:\/\/futbolhoy.co\/index.php\/wp-json\/wp\/v2\/users\/5"}],"replies":[{"embeddable":true,"href":"https:\/\/futbolhoy.co\/index.php\/wp-json\/wp\/v2\/comments?post=73333"}],"version-history":[{"count":1,"href":"https:\/\/futbolhoy.co\/index.php\/wp-json\/wp\/v2\/posts\/73333\/revisions"}],"predecessor-version":[{"id":73336,"href":"https:\/\/futbolhoy.co\/index.php\/wp-json\/wp\/v2\/posts\/73333\/revisions\/73336"}],"wp:featuredmedia":[{"embeddable":true,"href":"https:\/\/futbolhoy.co\/index.php\/wp-json\/wp\/v2\/media\/73335"}],"wp:attachment":[{"href":"https:\/\/futbolhoy.co\/index.php\/wp-json\/wp\/v2\/media?parent=73333"}],"wp:term":[{"taxonomy":"category","embeddable":true,"href":"https:\/\/futbolhoy.co\/index.php\/wp-json\/wp\/v2\/categories?post=73333"},{"taxonomy":"post_tag","embeddable":true,"href":"https:\/\/futbolhoy.co\/index.php\/wp-json\/wp\/v2\/tags?post=73333"}],"curies":[{"name":"wp","href":"https:\/\/api.w.org\/{rel}","templated":true}]}}