{"id":73346,"date":"2021-12-11T12:06:14","date_gmt":"2021-12-11T17:06:14","guid":{"rendered":"https:\/\/futbolhoy.co\/?p=73346"},"modified":"2021-12-12T09:07:05","modified_gmt":"2021-12-12T14:07:05","slug":"luis-enrique-recibio-el-premio-vittorio-pozzo","status":"publish","type":"post","link":"https:\/\/futbolhoy.co\/index.php\/2021\/12\/11\/luis-enrique-recibio-el-premio-vittorio-pozzo\/","title":{"rendered":"Luis Enrique recibi\u00f3 el premio Vittorio Pozzo"},"content":{"rendered":"<p style=\"text-align: justify;\"><span lang=\"ES-MX\" style=\"font-family: helvetica, arial, sans-serif;\">El entrenador de la\u00a0<b>selecci\u00f3n de Espa\u00f1a<\/b>,\u00a0<b>Luis Enrique Mart\u00ednez<\/b>, fue elegido como ganador del premio\u00a0<b>\"Vittorio Pozzo\"<\/b>, otorgado por el diario italiano\u00a0<i>\"Tuttosport\",<\/i>\u00a0por sus logros al mando del equipo nacional esta temporada.<\/span><\/p>\n<p style=\"text-align: justify;\"><span lang=\"ES-MX\" style=\"font-family: helvetica, arial, sans-serif;\">Al frente de \u2018La Roja\u2019, Luis Enrique alcanz\u00f3 las semifinales de la\u00a0<b>Eurocopa<\/b>\u00a0y la final de la\u00a0<b>Liga de Naciones<\/b>.<\/span><\/p>\n<p style=\"text-align: justify;\"><span style=\"font-family: helvetica, arial, sans-serif;\"><i><span lang=\"ES-MX\">\"Tuttosport\",<\/span><\/i><span lang=\"ES-MX\">\u00a0que tambi\u00e9n entregar\u00e1 este lunes el\u00a0<b>Golden Boy<\/b>\u00a0al espa\u00f1ol\u00a0<b>Pedri<\/b>, eligi\u00f3 a Luis Enrique para recibir un galard\u00f3n dedicado a la memoria de Pozzo, el \u00fanico seleccionador capaz de conquistar dos\u00a0<b>Copas del Mundo (1934 y 1938).<\/b><\/span><\/span><\/p>\n<p style=\"text-align: justify;\"><span lang=\"ES-MX\" style=\"font-family: helvetica, arial, sans-serif;\">El diario turin\u00e9s destac\u00f3 el rendimiento de Espa\u00f1a y tambi\u00e9n la deportividad con la que Luis Enrique no aliment\u00f3 las pol\u00e9micas.\u00a0\u00a0<\/span><\/p>\n","protected":false},"excerpt":{"rendered":"<p>El entrenador de la\u00a0selecci\u00f3n de Espa\u00f1a,\u00a0Luis Enrique Mart\u00ednez, fue elegido como ganador del premio\u00a0\"Vittorio Pozzo\", otorgado por el diario italiano\u00a0\"Tuttosport\",\u00a0por sus logros al mando del equipo nacional esta temporada. Al frente de \u2018La Roja\u2019, Luis Enrique alcanz\u00f3 las semifinales de la\u00a0Eurocopa\u00a0y la final de la\u00a0Liga de Naciones. \"Tuttosport\",\u00a0que tambi\u00e9n entregar\u00e1 este lunes el\u00a0Golden Boy\u00a0al espa\u00f1ol\u00a0Pedri, [&hellip;]<\/p>\n","protected":false},"author":5,"featured_media":73348,"comment_status":"open","ping_status":"open","sticky":false,"template":"","format":"standard","meta":{"_acf_changed":false,"footnotes":""},"categories":[152],"tags":[],"class_list":{"0":"post-73346","1":"post","2":"type-post","3":"status-publish","4":"format-standard","5":"has-post-thumbnail","7":"category-mundo-futbol"},"acf":[],"yoast_head":"<!-- This site is optimized with the Yoast SEO plugin v26.8 - https:\/\/yoast.com\/product\/yoast-seo-wordpress\/ -->\n<title>Luis Enrique recibi\u00f3 el premio Vittorio Pozzo -<\/title>\n<meta name=\"robots\" content=\"index, follow, max-snippet:-1, max-image-preview:large, max-video-preview:-1\" \/>\n<link rel=\"canonical\" href=\"https:\/\/futbolhoy.co\/index.php\/2021\/12\/11\/luis-enrique-recibio-el-premio-vittorio-pozzo\/\" \/>\n<meta property=\"og:locale\" content=\"es_ES\" \/>\n<meta property=\"og:type\" content=\"article\" \/>\n<meta property=\"og:title\" content=\"Luis Enrique recibi\u00f3 el premio Vittorio Pozzo -\" \/>\n<meta property=\"og:description\" content=\"El entrenador de la\u00a0selecci\u00f3n de Espa\u00f1a,\u00a0Luis Enrique Mart\u00ednez, fue elegido como ganador del premio\u00a0&quot;Vittorio Pozzo&quot;, otorgado por el diario italiano\u00a0&quot;Tuttosport&quot;,\u00a0por sus logros al mando del equipo nacional esta temporada. Al frente de \u2018La Roja\u2019, Luis Enrique alcanz\u00f3 las semifinales de la\u00a0Eurocopa\u00a0y la final de la\u00a0Liga de Naciones. &quot;Tuttosport&quot;,\u00a0que tambi\u00e9n entregar\u00e1 este lunes el\u00a0Golden Boy\u00a0al espa\u00f1ol\u00a0Pedri, [&hellip;]\" \/>\n<meta property=\"og:url\" content=\"https:\/\/futbolhoy.co\/index.php\/2021\/12\/11\/luis-enrique-recibio-el-premio-vittorio-pozzo\/\" \/>\n<meta property=\"article:publisher\" content=\"https:\/\/www.facebook.com\/FutbolHoyCol\/\" \/>\n<meta property=\"article:published_time\" content=\"2021-12-11T17:06:14+00:00\" \/>\n<meta property=\"article:modified_time\" content=\"2021-12-12T14:07:05+00:00\" \/>\n<meta property=\"og:image\" content=\"https:\/\/futbolhoy.co\/wp-content\/uploads\/2021\/12\/FGPpFohXEAQgVhs.jpg\" \/>\n\t<meta property=\"og:image:width\" content=\"680\" \/>\n\t<meta property=\"og:image:height\" content=\"453\" \/>\n\t<meta property=\"og:image:type\" content=\"image\/jpeg\" \/>\n<meta name=\"author\" content=\"Laura Hern\u00e1ndez\" \/>\n<meta name=\"twitter:card\" content=\"summary_large_image\" \/>\n<meta name=\"twitter:creator\" content=\"@FutbolHoyCol\" \/>\n<meta name=\"twitter:site\" content=\"@FutbolHoyCol\" \/>\n<meta name=\"twitter:label1\" content=\"Escrito por\" \/>\n\t<meta name=\"twitter:data1\" content=\"Laura Hern\u00e1ndez\" \/>\n\t<meta name=\"twitter:label2\" content=\"Tiempo de lectura\" \/>\n\t<meta name=\"twitter:data2\" content=\"1 minuto\" \/>\n<script type=\"application\/ld+json\" class=\"yoast-schema-graph\">{\"@context\":\"https:\/\/schema.org\",\"@graph\":[{\"@type\":\"Article\",\"@id\":\"https:\/\/futbolhoy.co\/index.php\/2021\/12\/11\/luis-enrique-recibio-el-premio-vittorio-pozzo\/#article\",\"isPartOf\":{\"@id\":\"https:\/\/futbolhoy.co\/index.php\/2021\/12\/11\/luis-enrique-recibio-el-premio-vittorio-pozzo\/\"},\"author\":{\"name\":\"Laura Hern\u00e1ndez\",\"@id\":\"https:\/\/futbolhoy.co\/#\/schema\/person\/c4a353a512b127643723a34bb1812f7d\"},\"headline\":\"Luis Enrique recibi\u00f3 el premio Vittorio Pozzo\",\"datePublished\":\"2021-12-11T17:06:14+00:00\",\"dateModified\":\"2021-12-12T14:07:05+00:00\",\"mainEntityOfPage\":{\"@id\":\"https:\/\/futbolhoy.co\/index.php\/2021\/12\/11\/luis-enrique-recibio-el-premio-vittorio-pozzo\/\"},\"wordCount\":130,\"commentCount\":0,\"publisher\":{\"@id\":\"https:\/\/futbolhoy.co\/#organization\"},\"image\":{\"@id\":\"https:\/\/futbolhoy.co\/index.php\/2021\/12\/11\/luis-enrique-recibio-el-premio-vittorio-pozzo\/#primaryimage\"},\"thumbnailUrl\":\"https:\/\/futbolhoy.co\/wp-content\/uploads\/2021\/12\/FGPpFohXEAQgVhs.jpg\",\"articleSection\":[\"Mundo Futbol\"],\"inLanguage\":\"es\",\"potentialAction\":[{\"@type\":\"CommentAction\",\"name\":\"Comment\",\"target\":[\"https:\/\/futbolhoy.co\/index.php\/2021\/12\/11\/luis-enrique-recibio-el-premio-vittorio-pozzo\/#respond\"]}]},{\"@type\":\"WebPage\",\"@id\":\"https:\/\/futbolhoy.co\/index.php\/2021\/12\/11\/luis-enrique-recibio-el-premio-vittorio-pozzo\/\",\"url\":\"https:\/\/futbolhoy.co\/index.php\/2021\/12\/11\/luis-enrique-recibio-el-premio-vittorio-pozzo\/\",\"name\":\"Luis Enrique recibi\u00f3 el premio Vittorio Pozzo -\",\"isPartOf\":{\"@id\":\"https:\/\/futbolhoy.co\/#website\"},\"primaryImageOfPage\":{\"@id\":\"https:\/\/futbolhoy.co\/index.php\/2021\/12\/11\/luis-enrique-recibio-el-premio-vittorio-pozzo\/#primaryimage\"},\"image\":{\"@id\":\"https:\/\/futbolhoy.co\/index.php\/2021\/12\/11\/luis-enrique-recibio-el-premio-vittorio-pozzo\/#primaryimage\"},\"thumbnailUrl\":\"https:\/\/futbolhoy.co\/wp-content\/uploads\/2021\/12\/FGPpFohXEAQgVhs.jpg\",\"datePublished\":\"2021-12-11T17:06:14+00:00\",\"dateModified\":\"2021-12-12T14:07:05+00:00\",\"breadcrumb\":{\"@id\":\"https:\/\/futbolhoy.co\/index.php\/2021\/12\/11\/luis-enrique-recibio-el-premio-vittorio-pozzo\/#breadcrumb\"},\"inLanguage\":\"es\",\"potentialAction\":[{\"@type\":\"ReadAction\",\"target\":[\"https:\/\/futbolhoy.co\/index.php\/2021\/12\/11\/luis-enrique-recibio-el-premio-vittorio-pozzo\/\"]}]},{\"@type\":\"ImageObject\",\"inLanguage\":\"es\",\"@id\":\"https:\/\/futbolhoy.co\/index.php\/2021\/12\/11\/luis-enrique-recibio-el-premio-vittorio-pozzo\/#primaryimage\",\"url\":\"https:\/\/futbolhoy.co\/wp-content\/uploads\/2021\/12\/FGPpFohXEAQgVhs.jpg\",\"contentUrl\":\"https:\/\/futbolhoy.co\/wp-content\/uploads\/2021\/12\/FGPpFohXEAQgVhs.jpg\",\"width\":680,\"height\":453},{\"@type\":\"BreadcrumbList\",\"@id\":\"https:\/\/futbolhoy.co\/index.php\/2021\/12\/11\/luis-enrique-recibio-el-premio-vittorio-pozzo\/#breadcrumb\",\"itemListElement\":[{\"@type\":\"ListItem\",\"position\":1,\"name\":\"Portada\",\"item\":\"https:\/\/futbolhoy.co\/\"},{\"@type\":\"ListItem\",\"position\":2,\"name\":\"Luis Enrique recibi\u00f3 el premio Vittorio Pozzo\"}]},{\"@type\":\"WebSite\",\"@id\":\"https:\/\/futbolhoy.co\/#website\",\"url\":\"https:\/\/futbolhoy.co\/\",\"name\":\"FutbolHoy\",\"description\":\"\",\"publisher\":{\"@id\":\"https:\/\/futbolhoy.co\/#organization\"},\"potentialAction\":[{\"@type\":\"SearchAction\",\"target\":{\"@type\":\"EntryPoint\",\"urlTemplate\":\"https:\/\/futbolhoy.co\/?s={search_term_string}\"},\"query-input\":{\"@type\":\"PropertyValueSpecification\",\"valueRequired\":true,\"valueName\":\"search_term_string\"}}],\"inLanguage\":\"es\"},{\"@type\":\"Organization\",\"@id\":\"https:\/\/futbolhoy.co\/#organization\",\"name\":\"Futbolhoy.co\",\"url\":\"https:\/\/futbolhoy.co\/\",\"logo\":{\"@type\":\"ImageObject\",\"inLanguage\":\"es\",\"@id\":\"https:\/\/futbolhoy.co\/#\/schema\/logo\/image\/\",\"url\":\"https:\/\/futbolhoy.co\/wp-content\/uploads\/2018\/08\/17426380_1906371736249227_6326180412931521141_n.jpg\",\"contentUrl\":\"https:\/\/futbolhoy.co\/wp-content\/uploads\/2018\/08\/17426380_1906371736249227_6326180412931521141_n.jpg\",\"width\":960,\"height\":960,\"caption\":\"Futbolhoy.co\"},\"image\":{\"@id\":\"https:\/\/futbolhoy.co\/#\/schema\/logo\/image\/\"},\"sameAs\":[\"https:\/\/www.facebook.com\/FutbolHoyCol\/\",\"https:\/\/x.com\/FutbolHoyCol\",\"https:\/\/www.instagram.com\/futbolhoycol\/\"]},{\"@type\":\"Person\",\"@id\":\"https:\/\/futbolhoy.co\/#\/schema\/person\/c4a353a512b127643723a34bb1812f7d\",\"name\":\"Laura Hern\u00e1ndez\",\"image\":{\"@type\":\"ImageObject\",\"inLanguage\":\"es\",\"@id\":\"https:\/\/futbolhoy.co\/#\/schema\/person\/image\/\",\"url\":\"https:\/\/secure.gravatar.com\/avatar\/d25959a15b9b293a743f99181c7cfd01?s=96&d=mm&r=g\",\"contentUrl\":\"https:\/\/secure.gravatar.com\/avatar\/d25959a15b9b293a743f99181c7cfd01?s=96&d=mm&r=g\",\"caption\":\"Laura Hern\u00e1ndez\"}}]}<\/script>\n<!-- \/ Yoast SEO plugin. -->","yoast_head_json":{"title":"Luis Enrique recibi\u00f3 el premio Vittorio Pozzo -","robots":{"index":"index","follow":"follow","max-snippet":"max-snippet:-1","max-image-preview":"max-image-preview:large","max-video-preview":"max-video-preview:-1"},"canonical":"https:\/\/futbolhoy.co\/index.php\/2021\/12\/11\/luis-enrique-recibio-el-premio-vittorio-pozzo\/","og_locale":"es_ES","og_type":"article","og_title":"Luis Enrique recibi\u00f3 el premio Vittorio Pozzo -","og_description":"El entrenador de la\u00a0selecci\u00f3n de Espa\u00f1a,\u00a0Luis Enrique Mart\u00ednez, fue elegido como ganador del premio\u00a0\"Vittorio Pozzo\", otorgado por el diario italiano\u00a0\"Tuttosport\",\u00a0por sus logros al mando del equipo nacional esta temporada. Al frente de \u2018La Roja\u2019, Luis Enrique alcanz\u00f3 las semifinales de la\u00a0Eurocopa\u00a0y la final de la\u00a0Liga de Naciones. \"Tuttosport\",\u00a0que tambi\u00e9n entregar\u00e1 este lunes el\u00a0Golden Boy\u00a0al espa\u00f1ol\u00a0Pedri, [&hellip;]","og_url":"https:\/\/futbolhoy.co\/index.php\/2021\/12\/11\/luis-enrique-recibio-el-premio-vittorio-pozzo\/","article_publisher":"https:\/\/www.facebook.com\/FutbolHoyCol\/","article_published_time":"2021-12-11T17:06:14+00:00","article_modified_time":"2021-12-12T14:07:05+00:00","og_image":[{"width":680,"height":453,"url":"https:\/\/futbolhoy.co\/wp-content\/uploads\/2021\/12\/FGPpFohXEAQgVhs.jpg","type":"image\/jpeg"}],"author":"Laura Hern\u00e1ndez","twitter_card":"summary_large_image","twitter_creator":"@FutbolHoyCol","twitter_site":"@FutbolHoyCol","twitter_misc":{"Escrito por":"Laura Hern\u00e1ndez","Tiempo de lectura":"1 minuto"},"schema":{"@context":"https:\/\/schema.org","@graph":[{"@type":"Article","@id":"https:\/\/futbolhoy.co\/index.php\/2021\/12\/11\/luis-enrique-recibio-el-premio-vittorio-pozzo\/#article","isPartOf":{"@id":"https:\/\/futbolhoy.co\/index.php\/2021\/12\/11\/luis-enrique-recibio-el-premio-vittorio-pozzo\/"},"author":{"name":"Laura Hern\u00e1ndez","@id":"https:\/\/futbolhoy.co\/#\/schema\/person\/c4a353a512b127643723a34bb1812f7d"},"headline":"Luis Enrique recibi\u00f3 el premio Vittorio Pozzo","datePublished":"2021-12-11T17:06:14+00:00","dateModified":"2021-12-12T14:07:05+00:00","mainEntityOfPage":{"@id":"https:\/\/futbolhoy.co\/index.php\/2021\/12\/11\/luis-enrique-recibio-el-premio-vittorio-pozzo\/"},"wordCount":130,"commentCount":0,"publisher":{"@id":"https:\/\/futbolhoy.co\/#organization"},"image":{"@id":"https:\/\/futbolhoy.co\/index.php\/2021\/12\/11\/luis-enrique-recibio-el-premio-vittorio-pozzo\/#primaryimage"},"thumbnailUrl":"https:\/\/futbolhoy.co\/wp-content\/uploads\/2021\/12\/FGPpFohXEAQgVhs.jpg","articleSection":["Mundo Futbol"],"inLanguage":"es","potentialAction":[{"@type":"CommentAction","name":"Comment","target":["https:\/\/futbolhoy.co\/index.php\/2021\/12\/11\/luis-enrique-recibio-el-premio-vittorio-pozzo\/#respond"]}]},{"@type":"WebPage","@id":"https:\/\/futbolhoy.co\/index.php\/2021\/12\/11\/luis-enrique-recibio-el-premio-vittorio-pozzo\/","url":"https:\/\/futbolhoy.co\/index.php\/2021\/12\/11\/luis-enrique-recibio-el-premio-vittorio-pozzo\/","name":"Luis Enrique recibi\u00f3 el premio Vittorio Pozzo -","isPartOf":{"@id":"https:\/\/futbolhoy.co\/#website"},"primaryImageOfPage":{"@id":"https:\/\/futbolhoy.co\/index.php\/2021\/12\/11\/luis-enrique-recibio-el-premio-vittorio-pozzo\/#primaryimage"},"image":{"@id":"https:\/\/futbolhoy.co\/index.php\/2021\/12\/11\/luis-enrique-recibio-el-premio-vittorio-pozzo\/#primaryimage"},"thumbnailUrl":"https:\/\/futbolhoy.co\/wp-content\/uploads\/2021\/12\/FGPpFohXEAQgVhs.jpg","datePublished":"2021-12-11T17:06:14+00:00","dateModified":"2021-12-12T14:07:05+00:00","breadcrumb":{"@id":"https:\/\/futbolhoy.co\/index.php\/2021\/12\/11\/luis-enrique-recibio-el-premio-vittorio-pozzo\/#breadcrumb"},"inLanguage":"es","potentialAction":[{"@type":"ReadAction","target":["https:\/\/futbolhoy.co\/index.php\/2021\/12\/11\/luis-enrique-recibio-el-premio-vittorio-pozzo\/"]}]},{"@type":"ImageObject","inLanguage":"es","@id":"https:\/\/futbolhoy.co\/index.php\/2021\/12\/11\/luis-enrique-recibio-el-premio-vittorio-pozzo\/#primaryimage","url":"https:\/\/futbolhoy.co\/wp-content\/uploads\/2021\/12\/FGPpFohXEAQgVhs.jpg","contentUrl":"https:\/\/futbolhoy.co\/wp-content\/uploads\/2021\/12\/FGPpFohXEAQgVhs.jpg","width":680,"height":453},{"@type":"BreadcrumbList","@id":"https:\/\/futbolhoy.co\/index.php\/2021\/12\/11\/luis-enrique-recibio-el-premio-vittorio-pozzo\/#breadcrumb","itemListElement":[{"@type":"ListItem","position":1,"name":"Portada","item":"https:\/\/futbolhoy.co\/"},{"@type":"ListItem","position":2,"name":"Luis Enrique recibi\u00f3 el premio Vittorio Pozzo"}]},{"@type":"WebSite","@id":"https:\/\/futbolhoy.co\/#website","url":"https:\/\/futbolhoy.co\/","name":"FutbolHoy","description":"","publisher":{"@id":"https:\/\/futbolhoy.co\/#organization"},"potentialAction":[{"@type":"SearchAction","target":{"@type":"EntryPoint","urlTemplate":"https:\/\/futbolhoy.co\/?s={search_term_string}"},"query-input":{"@type":"PropertyValueSpecification","valueRequired":true,"valueName":"search_term_string"}}],"inLanguage":"es"},{"@type":"Organization","@id":"https:\/\/futbolhoy.co\/#organization","name":"Futbolhoy.co","url":"https:\/\/futbolhoy.co\/","logo":{"@type":"ImageObject","inLanguage":"es","@id":"https:\/\/futbolhoy.co\/#\/schema\/logo\/image\/","url":"https:\/\/futbolhoy.co\/wp-content\/uploads\/2018\/08\/17426380_1906371736249227_6326180412931521141_n.jpg","contentUrl":"https:\/\/futbolhoy.co\/wp-content\/uploads\/2018\/08\/17426380_1906371736249227_6326180412931521141_n.jpg","width":960,"height":960,"caption":"Futbolhoy.co"},"image":{"@id":"https:\/\/futbolhoy.co\/#\/schema\/logo\/image\/"},"sameAs":["https:\/\/www.facebook.com\/FutbolHoyCol\/","https:\/\/x.com\/FutbolHoyCol","https:\/\/www.instagram.com\/futbolhoycol\/"]},{"@type":"Person","@id":"https:\/\/futbolhoy.co\/#\/schema\/person\/c4a353a512b127643723a34bb1812f7d","name":"Laura Hern\u00e1ndez","image":{"@type":"ImageObject","inLanguage":"es","@id":"https:\/\/futbolhoy.co\/#\/schema\/person\/image\/","url":"https:\/\/secure.gravatar.com\/avatar\/d25959a15b9b293a743f99181c7cfd01?s=96&d=mm&r=g","contentUrl":"https:\/\/secure.gravatar.com\/avatar\/d25959a15b9b293a743f99181c7cfd01?s=96&d=mm&r=g","caption":"Laura Hern\u00e1ndez"}}]}},"publishpress_future_action":{"enabled":false,"date":"2026-05-03 07:21:33","action":"change-status","newStatus":"draft","terms":[],"taxonomy":"category","extraData":[]},"publishpress_future_workflow_manual_trigger":{"enabledWorkflows":[]},"_links":{"self":[{"href":"https:\/\/futbolhoy.co\/index.php\/wp-json\/wp\/v2\/posts\/73346","targetHints":{"allow":["GET"]}}],"collection":[{"href":"https:\/\/futbolhoy.co\/index.php\/wp-json\/wp\/v2\/posts"}],"about":[{"href":"https:\/\/futbolhoy.co\/index.php\/wp-json\/wp\/v2\/types\/post"}],"author":[{"embeddable":true,"href":"https:\/\/futbolhoy.co\/index.php\/wp-json\/wp\/v2\/users\/5"}],"replies":[{"embeddable":true,"href":"https:\/\/futbolhoy.co\/index.php\/wp-json\/wp\/v2\/comments?post=73346"}],"version-history":[{"count":1,"href":"https:\/\/futbolhoy.co\/index.php\/wp-json\/wp\/v2\/posts\/73346\/revisions"}],"predecessor-version":[{"id":73351,"href":"https:\/\/futbolhoy.co\/index.php\/wp-json\/wp\/v2\/posts\/73346\/revisions\/73351"}],"wp:featuredmedia":[{"embeddable":true,"href":"https:\/\/futbolhoy.co\/index.php\/wp-json\/wp\/v2\/media\/73348"}],"wp:attachment":[{"href":"https:\/\/futbolhoy.co\/index.php\/wp-json\/wp\/v2\/media?parent=73346"}],"wp:term":[{"taxonomy":"category","embeddable":true,"href":"https:\/\/futbolhoy.co\/index.php\/wp-json\/wp\/v2\/categories?post=73346"},{"taxonomy":"post_tag","embeddable":true,"href":"https:\/\/futbolhoy.co\/index.php\/wp-json\/wp\/v2\/tags?post=73346"}],"curies":[{"name":"wp","href":"https:\/\/api.w.org\/{rel}","templated":true}]}}