{"id":73347,"date":"2021-12-11T12:35:28","date_gmt":"2021-12-11T17:35:28","guid":{"rendered":"https:\/\/futbolhoy.co\/?p=73347"},"modified":"2021-12-12T18:17:54","modified_gmt":"2021-12-12T23:17:54","slug":"etoo-nuevo-presidente-de-la-federacion-de-camerun","status":"publish","type":"post","link":"https:\/\/futbolhoy.co\/index.php\/2021\/12\/11\/etoo-nuevo-presidente-de-la-federacion-de-camerun\/","title":{"rendered":"Eto\u2019o, nuevo presidente de la Federaci\u00f3n de Camer\u00fan"},"content":{"rendered":"<p style=\"text-align: justify;\"><span lang=\"ES-MX\" style=\"font-family: helvetica, arial, sans-serif;\">El ex delantero\u00a0<b>Samuel Eto'o<\/b>\u00a0fue elegido presidente de la\u00a0<b>Federaci\u00f3n Camerunesa de F\u00fatbol<\/b>, seg\u00fan anunci\u00f3 la propia entidad, luego de superar en la votaci\u00f3n al hasta hoy primer mandatario\u00a0<b>Seidou Mbombo Njoya<\/b>.<\/span><\/p>\n<p style=\"text-align: justify;\"><span lang=\"ES-MX\" style=\"font-family: helvetica, arial, sans-serif;\">La elecci\u00f3n del anterior presidente fue anulada dos a\u00f1os despu\u00e9s, en enero de este a\u00f1o por decisi\u00f3n del\u00a0<b>Tribunal Arbitral del Deporte<\/b>\u00a0(<b>TAS<\/b>).<\/span><\/p>\n<p style=\"text-align: justify;\"><span lang=\"ES-MX\" style=\"font-family: helvetica, arial, sans-serif;\">Eto\u2019o recibi\u00f3 43 votos, contra 31 de Mbombo Njova, llegando al m\u00e1ximo cargo \"a pesar de las trampas\", como el propio ex jugador hab\u00eda manifestado.<\/span><\/p>\n<p style=\"text-align: justify;\"><span lang=\"ES-MX\" style=\"font-family: helvetica, arial, sans-serif;\">En 2018, Eto'o hab\u00eda apoyado la candidatura de Mbombo Njoya, valorando sus propuestas, pero hoy mostr\u00f3 su decepci\u00f3n.<\/span><\/p>\n<p style=\"text-align: justify;\"><span lang=\"ES-MX\" style=\"font-family: helvetica, arial, sans-serif;\">Camer\u00fan albergar\u00e1 del 9 de enero al 7 de febrero de 2022 la fase final de la\u00a0<b>Copa de \u00c1frica de Naciones<\/b>.<\/span><\/p>\n","protected":false},"excerpt":{"rendered":"<p>El ex delantero\u00a0Samuel Eto'o\u00a0fue elegido presidente de la\u00a0Federaci\u00f3n Camerunesa de F\u00fatbol, seg\u00fan anunci\u00f3 la propia entidad, luego de superar en la votaci\u00f3n al hasta hoy primer mandatario\u00a0Seidou Mbombo Njoya. La elecci\u00f3n del anterior presidente fue anulada dos a\u00f1os despu\u00e9s, en enero de este a\u00f1o por decisi\u00f3n del\u00a0Tribunal Arbitral del Deporte\u00a0(TAS). Eto\u2019o recibi\u00f3 43 votos, contra [&hellip;]<\/p>\n","protected":false},"author":5,"featured_media":73350,"comment_status":"open","ping_status":"open","sticky":false,"template":"","format":"standard","meta":{"_acf_changed":false,"footnotes":""},"categories":[152],"tags":[],"class_list":{"0":"post-73347","1":"post","2":"type-post","3":"status-publish","4":"format-standard","5":"has-post-thumbnail","7":"category-mundo-futbol"},"acf":[],"yoast_head":"<!-- This site is optimized with the Yoast SEO plugin v26.8 - https:\/\/yoast.com\/product\/yoast-seo-wordpress\/ -->\n<title>Eto\u2019o, nuevo presidente de la Federaci\u00f3n de Camer\u00fan -<\/title>\n<meta name=\"robots\" content=\"index, follow, max-snippet:-1, max-image-preview:large, max-video-preview:-1\" \/>\n<link rel=\"canonical\" href=\"https:\/\/futbolhoy.co\/index.php\/2021\/12\/11\/etoo-nuevo-presidente-de-la-federacion-de-camerun\/\" \/>\n<meta property=\"og:locale\" content=\"es_ES\" \/>\n<meta property=\"og:type\" content=\"article\" \/>\n<meta property=\"og:title\" content=\"Eto\u2019o, nuevo presidente de la Federaci\u00f3n de Camer\u00fan -\" \/>\n<meta property=\"og:description\" content=\"El ex delantero\u00a0Samuel Eto&#039;o\u00a0fue elegido presidente de la\u00a0Federaci\u00f3n Camerunesa de F\u00fatbol, seg\u00fan anunci\u00f3 la propia entidad, luego de superar en la votaci\u00f3n al hasta hoy primer mandatario\u00a0Seidou Mbombo Njoya. La elecci\u00f3n del anterior presidente fue anulada dos a\u00f1os despu\u00e9s, en enero de este a\u00f1o por decisi\u00f3n del\u00a0Tribunal Arbitral del Deporte\u00a0(TAS). Eto\u2019o recibi\u00f3 43 votos, contra [&hellip;]\" \/>\n<meta property=\"og:url\" content=\"https:\/\/futbolhoy.co\/index.php\/2021\/12\/11\/etoo-nuevo-presidente-de-la-federacion-de-camerun\/\" \/>\n<meta property=\"article:publisher\" content=\"https:\/\/www.facebook.com\/FutbolHoyCol\/\" \/>\n<meta property=\"article:published_time\" content=\"2021-12-11T17:35:28+00:00\" \/>\n<meta property=\"article:modified_time\" content=\"2021-12-12T23:17:54+00:00\" \/>\n<meta property=\"og:image\" content=\"https:\/\/futbolhoy.co\/wp-content\/uploads\/2021\/12\/FGVRyTWXwAUt4qU.jpg\" \/>\n\t<meta property=\"og:image:width\" content=\"1024\" \/>\n\t<meta property=\"og:image:height\" content=\"768\" \/>\n\t<meta property=\"og:image:type\" content=\"image\/jpeg\" \/>\n<meta name=\"author\" content=\"Laura Hern\u00e1ndez\" \/>\n<meta name=\"twitter:card\" content=\"summary_large_image\" \/>\n<meta name=\"twitter:creator\" content=\"@FutbolHoyCol\" \/>\n<meta name=\"twitter:site\" content=\"@FutbolHoyCol\" \/>\n<meta name=\"twitter:label1\" content=\"Escrito por\" \/>\n\t<meta name=\"twitter:data1\" content=\"Laura Hern\u00e1ndez\" \/>\n\t<meta name=\"twitter:label2\" content=\"Tiempo de lectura\" \/>\n\t<meta name=\"twitter:data2\" content=\"1 minuto\" \/>\n<script type=\"application\/ld+json\" class=\"yoast-schema-graph\">{\"@context\":\"https:\/\/schema.org\",\"@graph\":[{\"@type\":\"Article\",\"@id\":\"https:\/\/futbolhoy.co\/index.php\/2021\/12\/11\/etoo-nuevo-presidente-de-la-federacion-de-camerun\/#article\",\"isPartOf\":{\"@id\":\"https:\/\/futbolhoy.co\/index.php\/2021\/12\/11\/etoo-nuevo-presidente-de-la-federacion-de-camerun\/\"},\"author\":{\"name\":\"Laura Hern\u00e1ndez\",\"@id\":\"https:\/\/futbolhoy.co\/#\/schema\/person\/c4a353a512b127643723a34bb1812f7d\"},\"headline\":\"Eto\u2019o, nuevo presidente de la Federaci\u00f3n de Camer\u00fan\",\"datePublished\":\"2021-12-11T17:35:28+00:00\",\"dateModified\":\"2021-12-12T23:17:54+00:00\",\"mainEntityOfPage\":{\"@id\":\"https:\/\/futbolhoy.co\/index.php\/2021\/12\/11\/etoo-nuevo-presidente-de-la-federacion-de-camerun\/\"},\"wordCount\":141,\"commentCount\":0,\"publisher\":{\"@id\":\"https:\/\/futbolhoy.co\/#organization\"},\"image\":{\"@id\":\"https:\/\/futbolhoy.co\/index.php\/2021\/12\/11\/etoo-nuevo-presidente-de-la-federacion-de-camerun\/#primaryimage\"},\"thumbnailUrl\":\"https:\/\/futbolhoy.co\/wp-content\/uploads\/2021\/12\/FGVRyTWXwAUt4qU.jpg\",\"articleSection\":[\"Mundo Futbol\"],\"inLanguage\":\"es\",\"potentialAction\":[{\"@type\":\"CommentAction\",\"name\":\"Comment\",\"target\":[\"https:\/\/futbolhoy.co\/index.php\/2021\/12\/11\/etoo-nuevo-presidente-de-la-federacion-de-camerun\/#respond\"]}]},{\"@type\":\"WebPage\",\"@id\":\"https:\/\/futbolhoy.co\/index.php\/2021\/12\/11\/etoo-nuevo-presidente-de-la-federacion-de-camerun\/\",\"url\":\"https:\/\/futbolhoy.co\/index.php\/2021\/12\/11\/etoo-nuevo-presidente-de-la-federacion-de-camerun\/\",\"name\":\"Eto\u2019o, nuevo presidente de la Federaci\u00f3n de Camer\u00fan -\",\"isPartOf\":{\"@id\":\"https:\/\/futbolhoy.co\/#website\"},\"primaryImageOfPage\":{\"@id\":\"https:\/\/futbolhoy.co\/index.php\/2021\/12\/11\/etoo-nuevo-presidente-de-la-federacion-de-camerun\/#primaryimage\"},\"image\":{\"@id\":\"https:\/\/futbolhoy.co\/index.php\/2021\/12\/11\/etoo-nuevo-presidente-de-la-federacion-de-camerun\/#primaryimage\"},\"thumbnailUrl\":\"https:\/\/futbolhoy.co\/wp-content\/uploads\/2021\/12\/FGVRyTWXwAUt4qU.jpg\",\"datePublished\":\"2021-12-11T17:35:28+00:00\",\"dateModified\":\"2021-12-12T23:17:54+00:00\",\"breadcrumb\":{\"@id\":\"https:\/\/futbolhoy.co\/index.php\/2021\/12\/11\/etoo-nuevo-presidente-de-la-federacion-de-camerun\/#breadcrumb\"},\"inLanguage\":\"es\",\"potentialAction\":[{\"@type\":\"ReadAction\",\"target\":[\"https:\/\/futbolhoy.co\/index.php\/2021\/12\/11\/etoo-nuevo-presidente-de-la-federacion-de-camerun\/\"]}]},{\"@type\":\"ImageObject\",\"inLanguage\":\"es\",\"@id\":\"https:\/\/futbolhoy.co\/index.php\/2021\/12\/11\/etoo-nuevo-presidente-de-la-federacion-de-camerun\/#primaryimage\",\"url\":\"https:\/\/futbolhoy.co\/wp-content\/uploads\/2021\/12\/FGVRyTWXwAUt4qU.jpg\",\"contentUrl\":\"https:\/\/futbolhoy.co\/wp-content\/uploads\/2021\/12\/FGVRyTWXwAUt4qU.jpg\",\"width\":1024,\"height\":768},{\"@type\":\"BreadcrumbList\",\"@id\":\"https:\/\/futbolhoy.co\/index.php\/2021\/12\/11\/etoo-nuevo-presidente-de-la-federacion-de-camerun\/#breadcrumb\",\"itemListElement\":[{\"@type\":\"ListItem\",\"position\":1,\"name\":\"Portada\",\"item\":\"https:\/\/futbolhoy.co\/\"},{\"@type\":\"ListItem\",\"position\":2,\"name\":\"Eto\u2019o, nuevo presidente de la Federaci\u00f3n de Camer\u00fan\"}]},{\"@type\":\"WebSite\",\"@id\":\"https:\/\/futbolhoy.co\/#website\",\"url\":\"https:\/\/futbolhoy.co\/\",\"name\":\"FutbolHoy\",\"description\":\"\",\"publisher\":{\"@id\":\"https:\/\/futbolhoy.co\/#organization\"},\"potentialAction\":[{\"@type\":\"SearchAction\",\"target\":{\"@type\":\"EntryPoint\",\"urlTemplate\":\"https:\/\/futbolhoy.co\/?s={search_term_string}\"},\"query-input\":{\"@type\":\"PropertyValueSpecification\",\"valueRequired\":true,\"valueName\":\"search_term_string\"}}],\"inLanguage\":\"es\"},{\"@type\":\"Organization\",\"@id\":\"https:\/\/futbolhoy.co\/#organization\",\"name\":\"Futbolhoy.co\",\"url\":\"https:\/\/futbolhoy.co\/\",\"logo\":{\"@type\":\"ImageObject\",\"inLanguage\":\"es\",\"@id\":\"https:\/\/futbolhoy.co\/#\/schema\/logo\/image\/\",\"url\":\"https:\/\/futbolhoy.co\/wp-content\/uploads\/2018\/08\/17426380_1906371736249227_6326180412931521141_n.jpg\",\"contentUrl\":\"https:\/\/futbolhoy.co\/wp-content\/uploads\/2018\/08\/17426380_1906371736249227_6326180412931521141_n.jpg\",\"width\":960,\"height\":960,\"caption\":\"Futbolhoy.co\"},\"image\":{\"@id\":\"https:\/\/futbolhoy.co\/#\/schema\/logo\/image\/\"},\"sameAs\":[\"https:\/\/www.facebook.com\/FutbolHoyCol\/\",\"https:\/\/x.com\/FutbolHoyCol\",\"https:\/\/www.instagram.com\/futbolhoycol\/\"]},{\"@type\":\"Person\",\"@id\":\"https:\/\/futbolhoy.co\/#\/schema\/person\/c4a353a512b127643723a34bb1812f7d\",\"name\":\"Laura Hern\u00e1ndez\",\"image\":{\"@type\":\"ImageObject\",\"inLanguage\":\"es\",\"@id\":\"https:\/\/futbolhoy.co\/#\/schema\/person\/image\/\",\"url\":\"https:\/\/secure.gravatar.com\/avatar\/d25959a15b9b293a743f99181c7cfd01?s=96&d=mm&r=g\",\"contentUrl\":\"https:\/\/secure.gravatar.com\/avatar\/d25959a15b9b293a743f99181c7cfd01?s=96&d=mm&r=g\",\"caption\":\"Laura Hern\u00e1ndez\"}}]}<\/script>\n<!-- \/ Yoast SEO plugin. -->","yoast_head_json":{"title":"Eto\u2019o, nuevo presidente de la Federaci\u00f3n de Camer\u00fan -","robots":{"index":"index","follow":"follow","max-snippet":"max-snippet:-1","max-image-preview":"max-image-preview:large","max-video-preview":"max-video-preview:-1"},"canonical":"https:\/\/futbolhoy.co\/index.php\/2021\/12\/11\/etoo-nuevo-presidente-de-la-federacion-de-camerun\/","og_locale":"es_ES","og_type":"article","og_title":"Eto\u2019o, nuevo presidente de la Federaci\u00f3n de Camer\u00fan -","og_description":"El ex delantero\u00a0Samuel Eto'o\u00a0fue elegido presidente de la\u00a0Federaci\u00f3n Camerunesa de F\u00fatbol, seg\u00fan anunci\u00f3 la propia entidad, luego de superar en la votaci\u00f3n al hasta hoy primer mandatario\u00a0Seidou Mbombo Njoya. La elecci\u00f3n del anterior presidente fue anulada dos a\u00f1os despu\u00e9s, en enero de este a\u00f1o por decisi\u00f3n del\u00a0Tribunal Arbitral del Deporte\u00a0(TAS). Eto\u2019o recibi\u00f3 43 votos, contra [&hellip;]","og_url":"https:\/\/futbolhoy.co\/index.php\/2021\/12\/11\/etoo-nuevo-presidente-de-la-federacion-de-camerun\/","article_publisher":"https:\/\/www.facebook.com\/FutbolHoyCol\/","article_published_time":"2021-12-11T17:35:28+00:00","article_modified_time":"2021-12-12T23:17:54+00:00","og_image":[{"width":1024,"height":768,"url":"https:\/\/futbolhoy.co\/wp-content\/uploads\/2021\/12\/FGVRyTWXwAUt4qU.jpg","type":"image\/jpeg"}],"author":"Laura Hern\u00e1ndez","twitter_card":"summary_large_image","twitter_creator":"@FutbolHoyCol","twitter_site":"@FutbolHoyCol","twitter_misc":{"Escrito por":"Laura Hern\u00e1ndez","Tiempo de lectura":"1 minuto"},"schema":{"@context":"https:\/\/schema.org","@graph":[{"@type":"Article","@id":"https:\/\/futbolhoy.co\/index.php\/2021\/12\/11\/etoo-nuevo-presidente-de-la-federacion-de-camerun\/#article","isPartOf":{"@id":"https:\/\/futbolhoy.co\/index.php\/2021\/12\/11\/etoo-nuevo-presidente-de-la-federacion-de-camerun\/"},"author":{"name":"Laura Hern\u00e1ndez","@id":"https:\/\/futbolhoy.co\/#\/schema\/person\/c4a353a512b127643723a34bb1812f7d"},"headline":"Eto\u2019o, nuevo presidente de la Federaci\u00f3n de Camer\u00fan","datePublished":"2021-12-11T17:35:28+00:00","dateModified":"2021-12-12T23:17:54+00:00","mainEntityOfPage":{"@id":"https:\/\/futbolhoy.co\/index.php\/2021\/12\/11\/etoo-nuevo-presidente-de-la-federacion-de-camerun\/"},"wordCount":141,"commentCount":0,"publisher":{"@id":"https:\/\/futbolhoy.co\/#organization"},"image":{"@id":"https:\/\/futbolhoy.co\/index.php\/2021\/12\/11\/etoo-nuevo-presidente-de-la-federacion-de-camerun\/#primaryimage"},"thumbnailUrl":"https:\/\/futbolhoy.co\/wp-content\/uploads\/2021\/12\/FGVRyTWXwAUt4qU.jpg","articleSection":["Mundo Futbol"],"inLanguage":"es","potentialAction":[{"@type":"CommentAction","name":"Comment","target":["https:\/\/futbolhoy.co\/index.php\/2021\/12\/11\/etoo-nuevo-presidente-de-la-federacion-de-camerun\/#respond"]}]},{"@type":"WebPage","@id":"https:\/\/futbolhoy.co\/index.php\/2021\/12\/11\/etoo-nuevo-presidente-de-la-federacion-de-camerun\/","url":"https:\/\/futbolhoy.co\/index.php\/2021\/12\/11\/etoo-nuevo-presidente-de-la-federacion-de-camerun\/","name":"Eto\u2019o, nuevo presidente de la Federaci\u00f3n de Camer\u00fan -","isPartOf":{"@id":"https:\/\/futbolhoy.co\/#website"},"primaryImageOfPage":{"@id":"https:\/\/futbolhoy.co\/index.php\/2021\/12\/11\/etoo-nuevo-presidente-de-la-federacion-de-camerun\/#primaryimage"},"image":{"@id":"https:\/\/futbolhoy.co\/index.php\/2021\/12\/11\/etoo-nuevo-presidente-de-la-federacion-de-camerun\/#primaryimage"},"thumbnailUrl":"https:\/\/futbolhoy.co\/wp-content\/uploads\/2021\/12\/FGVRyTWXwAUt4qU.jpg","datePublished":"2021-12-11T17:35:28+00:00","dateModified":"2021-12-12T23:17:54+00:00","breadcrumb":{"@id":"https:\/\/futbolhoy.co\/index.php\/2021\/12\/11\/etoo-nuevo-presidente-de-la-federacion-de-camerun\/#breadcrumb"},"inLanguage":"es","potentialAction":[{"@type":"ReadAction","target":["https:\/\/futbolhoy.co\/index.php\/2021\/12\/11\/etoo-nuevo-presidente-de-la-federacion-de-camerun\/"]}]},{"@type":"ImageObject","inLanguage":"es","@id":"https:\/\/futbolhoy.co\/index.php\/2021\/12\/11\/etoo-nuevo-presidente-de-la-federacion-de-camerun\/#primaryimage","url":"https:\/\/futbolhoy.co\/wp-content\/uploads\/2021\/12\/FGVRyTWXwAUt4qU.jpg","contentUrl":"https:\/\/futbolhoy.co\/wp-content\/uploads\/2021\/12\/FGVRyTWXwAUt4qU.jpg","width":1024,"height":768},{"@type":"BreadcrumbList","@id":"https:\/\/futbolhoy.co\/index.php\/2021\/12\/11\/etoo-nuevo-presidente-de-la-federacion-de-camerun\/#breadcrumb","itemListElement":[{"@type":"ListItem","position":1,"name":"Portada","item":"https:\/\/futbolhoy.co\/"},{"@type":"ListItem","position":2,"name":"Eto\u2019o, nuevo presidente de la Federaci\u00f3n de Camer\u00fan"}]},{"@type":"WebSite","@id":"https:\/\/futbolhoy.co\/#website","url":"https:\/\/futbolhoy.co\/","name":"FutbolHoy","description":"","publisher":{"@id":"https:\/\/futbolhoy.co\/#organization"},"potentialAction":[{"@type":"SearchAction","target":{"@type":"EntryPoint","urlTemplate":"https:\/\/futbolhoy.co\/?s={search_term_string}"},"query-input":{"@type":"PropertyValueSpecification","valueRequired":true,"valueName":"search_term_string"}}],"inLanguage":"es"},{"@type":"Organization","@id":"https:\/\/futbolhoy.co\/#organization","name":"Futbolhoy.co","url":"https:\/\/futbolhoy.co\/","logo":{"@type":"ImageObject","inLanguage":"es","@id":"https:\/\/futbolhoy.co\/#\/schema\/logo\/image\/","url":"https:\/\/futbolhoy.co\/wp-content\/uploads\/2018\/08\/17426380_1906371736249227_6326180412931521141_n.jpg","contentUrl":"https:\/\/futbolhoy.co\/wp-content\/uploads\/2018\/08\/17426380_1906371736249227_6326180412931521141_n.jpg","width":960,"height":960,"caption":"Futbolhoy.co"},"image":{"@id":"https:\/\/futbolhoy.co\/#\/schema\/logo\/image\/"},"sameAs":["https:\/\/www.facebook.com\/FutbolHoyCol\/","https:\/\/x.com\/FutbolHoyCol","https:\/\/www.instagram.com\/futbolhoycol\/"]},{"@type":"Person","@id":"https:\/\/futbolhoy.co\/#\/schema\/person\/c4a353a512b127643723a34bb1812f7d","name":"Laura Hern\u00e1ndez","image":{"@type":"ImageObject","inLanguage":"es","@id":"https:\/\/futbolhoy.co\/#\/schema\/person\/image\/","url":"https:\/\/secure.gravatar.com\/avatar\/d25959a15b9b293a743f99181c7cfd01?s=96&d=mm&r=g","contentUrl":"https:\/\/secure.gravatar.com\/avatar\/d25959a15b9b293a743f99181c7cfd01?s=96&d=mm&r=g","caption":"Laura Hern\u00e1ndez"}}]}},"publishpress_future_action":{"enabled":false,"date":"2026-05-03 09:04:32","action":"change-status","newStatus":"draft","terms":[],"taxonomy":"category","extraData":[]},"publishpress_future_workflow_manual_trigger":{"enabledWorkflows":[]},"_links":{"self":[{"href":"https:\/\/futbolhoy.co\/index.php\/wp-json\/wp\/v2\/posts\/73347","targetHints":{"allow":["GET"]}}],"collection":[{"href":"https:\/\/futbolhoy.co\/index.php\/wp-json\/wp\/v2\/posts"}],"about":[{"href":"https:\/\/futbolhoy.co\/index.php\/wp-json\/wp\/v2\/types\/post"}],"author":[{"embeddable":true,"href":"https:\/\/futbolhoy.co\/index.php\/wp-json\/wp\/v2\/users\/5"}],"replies":[{"embeddable":true,"href":"https:\/\/futbolhoy.co\/index.php\/wp-json\/wp\/v2\/comments?post=73347"}],"version-history":[{"count":1,"href":"https:\/\/futbolhoy.co\/index.php\/wp-json\/wp\/v2\/posts\/73347\/revisions"}],"predecessor-version":[{"id":73352,"href":"https:\/\/futbolhoy.co\/index.php\/wp-json\/wp\/v2\/posts\/73347\/revisions\/73352"}],"wp:featuredmedia":[{"embeddable":true,"href":"https:\/\/futbolhoy.co\/index.php\/wp-json\/wp\/v2\/media\/73350"}],"wp:attachment":[{"href":"https:\/\/futbolhoy.co\/index.php\/wp-json\/wp\/v2\/media?parent=73347"}],"wp:term":[{"taxonomy":"category","embeddable":true,"href":"https:\/\/futbolhoy.co\/index.php\/wp-json\/wp\/v2\/categories?post=73347"},{"taxonomy":"post_tag","embeddable":true,"href":"https:\/\/futbolhoy.co\/index.php\/wp-json\/wp\/v2\/tags?post=73347"}],"curies":[{"name":"wp","href":"https:\/\/api.w.org\/{rel}","templated":true}]}}