{"id":73390,"date":"2021-12-13T07:04:51","date_gmt":"2021-12-13T12:04:51","guid":{"rendered":"https:\/\/futbolhoy.co\/?p=73390"},"modified":"2021-12-13T16:06:06","modified_gmt":"2021-12-13T21:06:06","slug":"diaz-morelos-y-villa-goles-en-el-exterior","status":"publish","type":"post","link":"https:\/\/futbolhoy.co\/index.php\/2021\/12\/13\/diaz-morelos-y-villa-goles-en-el-exterior\/","title":{"rendered":"D\u00edaz, Morelos y Villa, goles en el exterior"},"content":{"rendered":"<p class=\"x_ydp83092067MsoNormal\" style=\"text-align: justify;\"><span lang=\"ES-MX\" style=\"font-family: helvetica, arial, sans-serif;\">El extremo guajiro <b>Luis D\u00edaz<\/b> marc\u00f3 el primer gol del <strong>Porto<\/strong> en el triunfo 1-0 sobre el <b>Sporting Braga<\/b> en la <b>Liga de Portugal<\/b>, donde complet\u00f3 11 anotaciones en la temporada, compartiendo el primer lugar en la tabla de artilleros con el uruguayo <b>Darwin Nu\u00f1ez del Benfica<\/b>. <\/span><\/p>\n<p class=\"x_ydp83092067MsoNormal\" style=\"text-align: justify;\"><span lang=\"ES-MX\" style=\"font-family: helvetica, arial, sans-serif;\">Por su parte, <b>\u00d3scar Estupi\u00f1\u00e1n<\/b> anot\u00f3 un gol, de penalti, con <b>Vitoria Guimaraes<\/b>, que se impuso 5-2 sobe <b>Tondela<\/b>, su quinto gol del semestre.<\/span><\/p>\n<p class=\"x_ydp83092067MsoNormal\" style=\"text-align: justify;\"><span style=\"font-family: helvetica, arial, sans-serif;\"><b><span lang=\"ES-MX\">Alfredo Morelos<\/span><\/b><span lang=\"ES-MX\"> hizo un gol con <b>Rangers<\/b>, que derrot\u00f3 0-2 a <b>Hearts en Escocia<\/b>, el sexto tanto en Liga y el d\u00e9cimo en la temporada para el <b>\u2018B\u00fafalo\u2019<\/b>.<\/span><\/span><\/p>\n<p class=\"x_ydp83092067MsoNormal\" style=\"text-align: justify;\"><span style=\"font-family: helvetica, arial, sans-serif;\"><b><span lang=\"ES-MX\">Sebasti\u00e1n Villa<\/span><\/b><span lang=\"ES-MX\"> logr\u00f3 la \u00faltima anotaci\u00f3n de <b>Boca Juniors<\/b>, que aplast\u00f3 8-1 a <b>Central C\u00f3rdoba en Argentina<\/b>, el sexto en el a\u00f1o en Liga, donde no marcaba desde el 11 de noviembre.<\/span><\/span><\/p>\n<p class=\"x_ydp83092067MsoNormal\" style=\"text-align: justify;\"><span style=\"font-family: helvetica, arial, sans-serif;\"><b><span lang=\"ES-MX\">Juan Jos\u00e9 Perea<\/span><\/b><span lang=\"ES-MX\"> hizo un gol con <b>PAS Gianina<\/b> que se derrot\u00f3 3-2 a <b>Volos<\/b> en <b>Grecia<\/b>, llegando a tres tantos en la temporada.<\/span><\/span><\/p>\n<p class=\"x_ydp83092067MsoNormal\" style=\"text-align: justify;\"><span style=\"font-family: helvetica, arial, sans-serif;\"><b><span lang=\"ES-MX\">Yoreli Rinc\u00f3n<\/span><\/b><span lang=\"ES-MX\"> logr\u00f3 un gol con la <b>Sampdoria<\/b>, que super\u00f3 1-2 a <b>Verona en la Liga Femenina de Italia<\/b>. Tercer gol en la temporada.<\/span><\/span><\/p>\n","protected":false},"excerpt":{"rendered":"<p>El extremo guajiro Luis D\u00edaz marc\u00f3 el primer gol del Porto en el triunfo 1-0 sobre el Sporting Braga en la Liga de Portugal, donde complet\u00f3 11 anotaciones en la temporada, compartiendo el primer lugar en la tabla de artilleros con el uruguayo Darwin Nu\u00f1ez del Benfica. Por su parte, \u00d3scar Estupi\u00f1\u00e1n anot\u00f3 un gol, [&hellip;]<\/p>\n","protected":false},"author":5,"featured_media":73391,"comment_status":"open","ping_status":"closed","sticky":false,"template":"","format":"standard","meta":{"_acf_changed":false,"footnotes":""},"categories":[418],"tags":[],"class_list":{"0":"post-73390","1":"post","2":"type-post","3":"status-publish","4":"format-standard","5":"has-post-thumbnail","7":"category-colombia"},"acf":[],"_links":{"self":[{"href":"https:\/\/futbolhoy.co\/index.php\/wp-json\/wp\/v2\/posts\/73390","targetHints":{"allow":["GET"]}}],"collection":[{"href":"https:\/\/futbolhoy.co\/index.php\/wp-json\/wp\/v2\/posts"}],"about":[{"href":"https:\/\/futbolhoy.co\/index.php\/wp-json\/wp\/v2\/types\/post"}],"author":[{"embeddable":true,"href":"https:\/\/futbolhoy.co\/index.php\/wp-json\/wp\/v2\/users\/5"}],"replies":[{"embeddable":true,"href":"https:\/\/futbolhoy.co\/index.php\/wp-json\/wp\/v2\/comments?post=73390"}],"version-history":[{"count":2,"href":"https:\/\/futbolhoy.co\/index.php\/wp-json\/wp\/v2\/posts\/73390\/revisions"}],"predecessor-version":[{"id":73393,"href":"https:\/\/futbolhoy.co\/index.php\/wp-json\/wp\/v2\/posts\/73390\/revisions\/73393"}],"wp:featuredmedia":[{"embeddable":true,"href":"https:\/\/futbolhoy.co\/index.php\/wp-json\/wp\/v2\/media\/73391"}],"wp:attachment":[{"href":"https:\/\/futbolhoy.co\/index.php\/wp-json\/wp\/v2\/media?parent=73390"}],"wp:term":[{"taxonomy":"category","embeddable":true,"href":"https:\/\/futbolhoy.co\/index.php\/wp-json\/wp\/v2\/categories?post=73390"},{"taxonomy":"post_tag","embeddable":true,"href":"https:\/\/futbolhoy.co\/index.php\/wp-json\/wp\/v2\/tags?post=73390"}],"curies":[{"name":"wp","href":"https:\/\/api.w.org\/{rel}","templated":true}]}}