{"id":73398,"date":"2021-12-13T07:32:49","date_gmt":"2021-12-13T12:32:49","guid":{"rendered":"https:\/\/futbolhoy.co\/?p=73398"},"modified":"2021-12-13T07:38:21","modified_gmt":"2021-12-13T12:38:21","slug":"vargas-figura-del-campeon-atlas","status":"publish","type":"post","link":"https:\/\/futbolhoy.co\/index.php\/2021\/12\/13\/vargas-figura-del-campeon-atlas\/","title":{"rendered":"Vargas, figura del campe\u00f3n Atlas"},"content":{"rendered":"<audio class=\"wp-audio-shortcode\" id=\"audio-73398-1\" preload=\"none\" style=\"width: 100%;\" controls=\"controls\"><source type=\"audio\/mpeg\" src=\"https:\/\/futbolhoy.co\/wp-content\/uploads\/2021\/12\/Camilo-Vargas-portero-del-Atlas-de-Mexico..mp3?_=1\" \/><a href=\"https:\/\/futbolhoy.co\/wp-content\/uploads\/2021\/12\/Camilo-Vargas-portero-del-Atlas-de-Mexico..mp3\">https:\/\/futbolhoy.co\/wp-content\/uploads\/2021\/12\/Camilo-Vargas-portero-del-Atlas-de-Mexico..mp3<\/a><\/audio>\n<p style=\"text-align: justify;\"><span lang=\"ES-MX\">(Camilo Vargas, portero colombiano de Atlas)<br \/>\n<span style=\"font-family: helvetica, arial, sans-serif;\">El portero colombiano <b>Camilo Vargas<\/b> (32) se convirti\u00f3 en la gran figura del <b>Atlas de Guadalajara<\/b>, flamante nuevo campe\u00f3n de la <b>Liga MX en M\u00e9xico<\/b>, luego de atajar dos cobros en la definici\u00f3n desde el punto penalti ante el <b>Le\u00f3n<\/b>.<\/span><\/span><\/p>\n<p style=\"text-align: justify;\"><span lang=\"ES-MX\" style=\"font-family: helvetica, arial, sans-serif;\">Vargas, criticado por su actuaci\u00f3n en el partido de ida de la final, pr\u00e1cticamente le dio el t\u00edtulo a Atlas en la vuelta, donde detuvo las ejecuciones de <b>Fernando Navarro y Luis Montes<\/b>, para lograr un triunfo 4-3; luego de la victoria 1-0 en el tiempo reglamentario, con gol del argentino <b>Julio Furch<\/b> (55\u2019), que empat\u00f3 la serie 3-3 y forz\u00f3 a la definici\u00f3n.<\/span><\/p>\n<p style=\"text-align: justify;\"><span lang=\"ES-MX\" style=\"font-family: helvetica, arial, sans-serif;\">Atlas, dirigido por el argentino <b>Diego Cocca<\/b> logr\u00f3 su segundo campeonato mexicano despu\u00e9s de 70 a\u00f1os.<\/span><\/p>\n<p style=\"text-align: justify;\"><span lang=\"ES-MX\" style=\"font-family: helvetica, arial, sans-serif;\">El nuevo campe\u00f3n dej\u00f3 escapar durante el tr\u00e1mite del partido varias oportunidades, por la mala punter\u00eda al momento de definir del colombiano <b>Juli\u00e1n Qui\u00f1ones<\/b>.<\/span><\/p>\n<p style=\"text-align: justify;\"><span lang=\"ES-MX\" style=\"font-family: helvetica, arial, sans-serif;\">Le\u00f3n sufri\u00f3 las expulsiones de <b>Jean Meneses<\/b> (90\u2019+1\u2019) y <b>Emanuel Gigliotti<\/b> (90\u2019+4\u2019).<\/span><\/p>\n<p style=\"text-align: justify;\"><span lang=\"ES-MX\" style=\"font-family: helvetica, arial, sans-serif;\">En los penaltis convirti\u00f3 su cobro el defensa colombiano <b>William Tesillo<\/b> para el visitante, que durante el partido cont\u00f3 adem\u00e1s con la presencia de <b>Jaine Barreiro<\/b> todo el partido.<\/span><\/p>\n","protected":false},"excerpt":{"rendered":"<p>(Camilo Vargas, portero colombiano de Atlas) El portero colombiano Camilo Vargas (32) se convirti\u00f3 en la gran figura del Atlas de Guadalajara, flamante nuevo campe\u00f3n de la Liga MX en M\u00e9xico, luego de atajar dos cobros en la definici\u00f3n desde el punto penalti ante el Le\u00f3n. Vargas, criticado por su actuaci\u00f3n en el partido de [&hellip;]<\/p>\n","protected":false},"author":5,"featured_media":73399,"comment_status":"open","ping_status":"closed","sticky":false,"template":"","format":"video","meta":{"_acf_changed":false,"footnotes":""},"categories":[5],"tags":[],"class_list":{"0":"post-73398","1":"post","2":"type-post","3":"status-publish","4":"format-video","5":"has-post-thumbnail","7":"category-destacados","8":"post_format-post-format-video"},"acf":[],"_links":{"self":[{"href":"https:\/\/futbolhoy.co\/index.php\/wp-json\/wp\/v2\/posts\/73398","targetHints":{"allow":["GET"]}}],"collection":[{"href":"https:\/\/futbolhoy.co\/index.php\/wp-json\/wp\/v2\/posts"}],"about":[{"href":"https:\/\/futbolhoy.co\/index.php\/wp-json\/wp\/v2\/types\/post"}],"author":[{"embeddable":true,"href":"https:\/\/futbolhoy.co\/index.php\/wp-json\/wp\/v2\/users\/5"}],"replies":[{"embeddable":true,"href":"https:\/\/futbolhoy.co\/index.php\/wp-json\/wp\/v2\/comments?post=73398"}],"version-history":[{"count":3,"href":"https:\/\/futbolhoy.co\/index.php\/wp-json\/wp\/v2\/posts\/73398\/revisions"}],"predecessor-version":[{"id":73403,"href":"https:\/\/futbolhoy.co\/index.php\/wp-json\/wp\/v2\/posts\/73398\/revisions\/73403"}],"wp:featuredmedia":[{"embeddable":true,"href":"https:\/\/futbolhoy.co\/index.php\/wp-json\/wp\/v2\/media\/73399"}],"wp:attachment":[{"href":"https:\/\/futbolhoy.co\/index.php\/wp-json\/wp\/v2\/media?parent=73398"}],"wp:term":[{"taxonomy":"category","embeddable":true,"href":"https:\/\/futbolhoy.co\/index.php\/wp-json\/wp\/v2\/categories?post=73398"},{"taxonomy":"post_tag","embeddable":true,"href":"https:\/\/futbolhoy.co\/index.php\/wp-json\/wp\/v2\/tags?post=73398"}],"curies":[{"name":"wp","href":"https:\/\/api.w.org\/{rel}","templated":true}]}}