{"id":73442,"date":"2021-12-14T06:29:41","date_gmt":"2021-12-14T11:29:41","guid":{"rendered":"https:\/\/futbolhoy.co\/?p=73442"},"modified":"2021-12-14T18:41:05","modified_gmt":"2021-12-14T23:41:05","slug":"aguero-hablara-de-su-futuro","status":"publish","type":"post","link":"https:\/\/futbolhoy.co\/index.php\/2021\/12\/14\/aguero-hablara-de-su-futuro\/","title":{"rendered":"Ag\u00fcero hablar\u00e1 de su futuro"},"content":{"rendered":"<p class=\"x_ydp96aacc37MsoNormal\" style=\"text-align: justify;\"><span lang=\"ES-MX\" style=\"font-family: helvetica, arial, sans-serif;\">El delantero argentino\u00a0<b>Sergio \u2018Kun\u2019 Ag\u00fcero<\/b>\u00a0anunciar\u00e1 su futuro este mi\u00e9rcoles a las 6AM, tras la arritmia card\u00edaca sufrida en octubre en un partido de su actual club,\u00a0<b>Barcelona<\/b>, ante el\u00a0<b>Alav\u00e9s<\/b>, lo que podr\u00eda suponer el retiro de la actividad.<\/span><\/p>\n<p class=\"x_ydp96aacc37MsoNormal\" style=\"text-align: justify;\"><span lang=\"ES-MX\" style=\"font-family: helvetica, arial, sans-serif;\">Ag\u00fcero, de 33 a\u00f1os, estar\u00e1 acompa\u00f1ado en la comparecencia por el presidente del club catal\u00e1n,\u00a0<b>Joan Laporta<\/b>.<\/span><\/p>\n<p class=\"x_ydp96aacc37MsoNormal\" style=\"text-align: justify;\"><span lang=\"ES-MX\" style=\"font-family: helvetica, arial, sans-serif;\">El \u2018Kun\u2019 inform\u00f3 en noviembre que ser\u00eda baja durante tres meses, en los que se evaluar\u00eda la efectividad del tratamiento para determinar su proceso de recuperaci\u00f3n.<\/span><\/p>\n<p class=\"x_ydp96aacc37MsoNormal\" style=\"text-align: justify;\"><span lang=\"ES-MX\" style=\"font-family: helvetica, arial, sans-serif;\">El argentino ha militado\u00a0<b>en Independiente de Avellaneda, Atl\u00e9tico de Madrid y Manchester City<\/b>, adem\u00e1s del\u00a0<b>\u2018blaugrana\u2019<\/b>\u00a0por el cu\u00e1l fich\u00f3 el pasado verano, pudiendo solo disputar 165 minutos en 5 partidos y marcar un gol al\u00a0<b>Real Madrid<\/b>\u00a0en el\u00a0<b>Camp Nou<\/b>.<\/span><\/p>\n","protected":false},"excerpt":{"rendered":"<p>El delantero argentino\u00a0Sergio \u2018Kun\u2019 Ag\u00fcero\u00a0anunciar\u00e1 su futuro este mi\u00e9rcoles a las 6AM, tras la arritmia card\u00edaca sufrida en octubre en un partido de su actual club,\u00a0Barcelona, ante el\u00a0Alav\u00e9s, lo que podr\u00eda suponer el retiro de la actividad. Ag\u00fcero, de 33 a\u00f1os, estar\u00e1 acompa\u00f1ado en la comparecencia por el presidente del club catal\u00e1n,\u00a0Joan Laporta. El \u2018Kun\u2019 [&hellip;]<\/p>\n","protected":false},"author":5,"featured_media":73443,"comment_status":"open","ping_status":"closed","sticky":false,"template":"","format":"standard","meta":{"_acf_changed":false,"footnotes":""},"categories":[152],"tags":[271],"class_list":{"0":"post-73442","1":"post","2":"type-post","3":"status-publish","4":"format-standard","5":"has-post-thumbnail","7":"category-mundo-futbol","8":"tag-sergio-aguero"},"acf":[],"_links":{"self":[{"href":"https:\/\/futbolhoy.co\/index.php\/wp-json\/wp\/v2\/posts\/73442","targetHints":{"allow":["GET"]}}],"collection":[{"href":"https:\/\/futbolhoy.co\/index.php\/wp-json\/wp\/v2\/posts"}],"about":[{"href":"https:\/\/futbolhoy.co\/index.php\/wp-json\/wp\/v2\/types\/post"}],"author":[{"embeddable":true,"href":"https:\/\/futbolhoy.co\/index.php\/wp-json\/wp\/v2\/users\/5"}],"replies":[{"embeddable":true,"href":"https:\/\/futbolhoy.co\/index.php\/wp-json\/wp\/v2\/comments?post=73442"}],"version-history":[{"count":1,"href":"https:\/\/futbolhoy.co\/index.php\/wp-json\/wp\/v2\/posts\/73442\/revisions"}],"predecessor-version":[{"id":73444,"href":"https:\/\/futbolhoy.co\/index.php\/wp-json\/wp\/v2\/posts\/73442\/revisions\/73444"}],"wp:featuredmedia":[{"embeddable":true,"href":"https:\/\/futbolhoy.co\/index.php\/wp-json\/wp\/v2\/media\/73443"}],"wp:attachment":[{"href":"https:\/\/futbolhoy.co\/index.php\/wp-json\/wp\/v2\/media?parent=73442"}],"wp:term":[{"taxonomy":"category","embeddable":true,"href":"https:\/\/futbolhoy.co\/index.php\/wp-json\/wp\/v2\/categories?post=73442"},{"taxonomy":"post_tag","embeddable":true,"href":"https:\/\/futbolhoy.co\/index.php\/wp-json\/wp\/v2\/tags?post=73442"}],"curies":[{"name":"wp","href":"https:\/\/api.w.org\/{rel}","templated":true}]}}