{"id":73451,"date":"2021-12-14T14:29:15","date_gmt":"2021-12-14T19:29:15","guid":{"rendered":"https:\/\/futbolhoy.co\/?p=73451"},"modified":"2021-12-14T19:06:48","modified_gmt":"2021-12-15T00:06:48","slug":"boca-juniors-se-llevo-la-copa-maradona","status":"publish","type":"post","link":"https:\/\/futbolhoy.co\/index.php\/2021\/12\/14\/boca-juniors-se-llevo-la-copa-maradona\/","title":{"rendered":"Boca Juniors se llev\u00f3 la Copa Maradona"},"content":{"rendered":"<p style=\"text-align: justify;\"><span style=\"font-family: helvetica, arial, sans-serif;\"><strong>Boca Juniors<\/strong> empat\u00f3 1-1 con <strong>Barcelona<\/strong> y en la definici\u00f3n lo super\u00f3 en los penales 4-2, para quedarse con la <strong>Copa Diego Maradona<\/strong>, que se disput\u00f3 en el estadio Mrsool Park de Riyadh, Arabia Saudita.<\/span><\/p>\n<p style=\"text-align: justify;\"><span style=\"font-family: helvetica, arial, sans-serif;\">El equipo espa\u00f1ol abri\u00f3 el marcador a trav\u00e9s de un remate de <strong>Ferran Jutgl\u00e0 Blanc<\/strong>, a los 50 minutos, mientras que el empate para los argentinos lleg\u00f3 por intermedio de <strong>Exequiel Zeballos<\/strong> (77\u2019) asistido por el colombiano <strong>Frank Fabra<\/strong>, que estuvo todo el juego.<\/span><\/p>\n<p style=\"text-align: justify;\"><span style=\"font-family: helvetica, arial, sans-serif;\">El equipo xeneize tuvo a los tambi\u00e9n colombianos, <strong>Edwin Cardona<\/strong> en el primer tiempo, <strong>Jorman Campuzano<\/strong> y <strong>Sebasti\u00e1n Villa<\/strong> durante 64 minutos.<\/span><\/p>\n<p style=\"text-align: justify;\"><span style=\"font-family: helvetica, arial, sans-serif;\">En los catalanes, debut\u00f3 el brasile\u00f1o Dani Alves que estuvo todo el juego.<\/span><\/p>\n","protected":false},"excerpt":{"rendered":"<p>Boca Juniors empat\u00f3 1-1 con Barcelona y en la definici\u00f3n lo super\u00f3 en los penales 4-2, para quedarse con la Copa Diego Maradona, que se disput\u00f3 en el estadio Mrsool Park de Riyadh, Arabia Saudita. El equipo espa\u00f1ol abri\u00f3 el marcador a trav\u00e9s de un remate de Ferran Jutgl\u00e0 Blanc, a los 50 minutos, mientras [&hellip;]<\/p>\n","protected":false},"author":5,"featured_media":73453,"comment_status":"open","ping_status":"closed","sticky":false,"template":"","format":"standard","meta":{"_acf_changed":false,"footnotes":""},"categories":[5],"tags":[],"class_list":{"0":"post-73451","1":"post","2":"type-post","3":"status-publish","4":"format-standard","5":"has-post-thumbnail","7":"category-destacados"},"acf":[],"_links":{"self":[{"href":"https:\/\/futbolhoy.co\/index.php\/wp-json\/wp\/v2\/posts\/73451","targetHints":{"allow":["GET"]}}],"collection":[{"href":"https:\/\/futbolhoy.co\/index.php\/wp-json\/wp\/v2\/posts"}],"about":[{"href":"https:\/\/futbolhoy.co\/index.php\/wp-json\/wp\/v2\/types\/post"}],"author":[{"embeddable":true,"href":"https:\/\/futbolhoy.co\/index.php\/wp-json\/wp\/v2\/users\/5"}],"replies":[{"embeddable":true,"href":"https:\/\/futbolhoy.co\/index.php\/wp-json\/wp\/v2\/comments?post=73451"}],"version-history":[{"count":3,"href":"https:\/\/futbolhoy.co\/index.php\/wp-json\/wp\/v2\/posts\/73451\/revisions"}],"predecessor-version":[{"id":73466,"href":"https:\/\/futbolhoy.co\/index.php\/wp-json\/wp\/v2\/posts\/73451\/revisions\/73466"}],"wp:featuredmedia":[{"embeddable":true,"href":"https:\/\/futbolhoy.co\/index.php\/wp-json\/wp\/v2\/media\/73453"}],"wp:attachment":[{"href":"https:\/\/futbolhoy.co\/index.php\/wp-json\/wp\/v2\/media?parent=73451"}],"wp:term":[{"taxonomy":"category","embeddable":true,"href":"https:\/\/futbolhoy.co\/index.php\/wp-json\/wp\/v2\/categories?post=73451"},{"taxonomy":"post_tag","embeddable":true,"href":"https:\/\/futbolhoy.co\/index.php\/wp-json\/wp\/v2\/tags?post=73451"}],"curies":[{"name":"wp","href":"https:\/\/api.w.org\/{rel}","templated":true}]}}