{"id":73455,"date":"2021-12-14T17:59:08","date_gmt":"2021-12-14T22:59:08","guid":{"rendered":"https:\/\/futbolhoy.co\/?p=73455"},"modified":"2021-12-15T07:58:28","modified_gmt":"2021-12-15T12:58:28","slug":"diaz-el-mejor-de-noviembre","status":"publish","type":"post","link":"https:\/\/futbolhoy.co\/index.php\/2021\/12\/14\/diaz-el-mejor-de-noviembre\/","title":{"rendered":"D\u00edaz, el mejor de noviembre"},"content":{"rendered":"<p style=\"text-align: justify;\"><span style=\"font-family: helvetica, arial, sans-serif;\">El colombiano <strong>Luis D\u00edaz<\/strong> del <strong>Oporto<\/strong>, \u00a0fue escogido como el mejor delantero de la<strong> Liga de Portugal<\/strong> durante el mes de noviembre.<\/span><\/p>\n<p style=\"text-align: justify;\"><span style=\"font-family: helvetica, arial, sans-serif;\">El guajiro obtuvo la distinci\u00f3n gracias a los cuatro goles convertidos con el &#8216;Dragao&#8217; durante este mes, superando en la votaci\u00f3n al uruguayo <strong>Darwin N\u00fa\u00f1ez<\/strong>, del <strong>Benfica<\/strong>.<\/span><\/p>\n<p style=\"text-align: justify;\"><span style=\"font-family: helvetica, arial, sans-serif;\"><strong>D\u00edaz<\/strong>, que en octubre recibi\u00f3 el mismo premio, tambi\u00e9n lidera la tabla de goleadores del campeonato junto a N\u00fa\u00f1ez.<\/span><\/p>\n<p style=\"text-align: justify;\"><span style=\"font-family: helvetica, arial, sans-serif;\">Los dos suman once tantos en la temporada, aunque el &#8216;charr\u00faa&#8217; los convirti\u00f3 en 12 partidos, mientras que el colombiano los hizo en 14 encuentros.<\/span><\/p>\n<p style=\"text-align: justify;\"><span style=\"font-family: helvetica, arial, sans-serif;\">Porto domina la Liga de Portugal con 38 puntos, los mismos que <strong>Sporting<\/strong> <strong>Lisboa<\/strong>, pero con mejor diferencia de gol.<\/span><\/p>\n","protected":false},"excerpt":{"rendered":"<p>El colombiano Luis D\u00edaz del Oporto, \u00a0fue escogido como el mejor delantero de la Liga de Portugal durante el mes de noviembre. El guajiro obtuvo la distinci\u00f3n gracias a los cuatro goles convertidos con el &#8216;Dragao&#8217; durante este mes, superando en la votaci\u00f3n al uruguayo Darwin N\u00fa\u00f1ez, del Benfica. D\u00edaz, que en octubre recibi\u00f3 el [&hellip;]<\/p>\n","protected":false},"author":5,"featured_media":73456,"comment_status":"open","ping_status":"closed","sticky":false,"template":"","format":"standard","meta":{"_acf_changed":false,"footnotes":""},"categories":[418],"tags":[],"class_list":{"0":"post-73455","1":"post","2":"type-post","3":"status-publish","4":"format-standard","5":"has-post-thumbnail","7":"category-colombia"},"acf":[],"_links":{"self":[{"href":"https:\/\/futbolhoy.co\/index.php\/wp-json\/wp\/v2\/posts\/73455","targetHints":{"allow":["GET"]}}],"collection":[{"href":"https:\/\/futbolhoy.co\/index.php\/wp-json\/wp\/v2\/posts"}],"about":[{"href":"https:\/\/futbolhoy.co\/index.php\/wp-json\/wp\/v2\/types\/post"}],"author":[{"embeddable":true,"href":"https:\/\/futbolhoy.co\/index.php\/wp-json\/wp\/v2\/users\/5"}],"replies":[{"embeddable":true,"href":"https:\/\/futbolhoy.co\/index.php\/wp-json\/wp\/v2\/comments?post=73455"}],"version-history":[{"count":1,"href":"https:\/\/futbolhoy.co\/index.php\/wp-json\/wp\/v2\/posts\/73455\/revisions"}],"predecessor-version":[{"id":73457,"href":"https:\/\/futbolhoy.co\/index.php\/wp-json\/wp\/v2\/posts\/73455\/revisions\/73457"}],"wp:featuredmedia":[{"embeddable":true,"href":"https:\/\/futbolhoy.co\/index.php\/wp-json\/wp\/v2\/media\/73456"}],"wp:attachment":[{"href":"https:\/\/futbolhoy.co\/index.php\/wp-json\/wp\/v2\/media?parent=73455"}],"wp:term":[{"taxonomy":"category","embeddable":true,"href":"https:\/\/futbolhoy.co\/index.php\/wp-json\/wp\/v2\/categories?post=73455"},{"taxonomy":"post_tag","embeddable":true,"href":"https:\/\/futbolhoy.co\/index.php\/wp-json\/wp\/v2\/tags?post=73455"}],"curies":[{"name":"wp","href":"https:\/\/api.w.org\/{rel}","templated":true}]}}