{"id":73458,"date":"2021-12-14T17:23:00","date_gmt":"2021-12-14T22:23:00","guid":{"rendered":"https:\/\/futbolhoy.co\/?p=73458"},"modified":"2021-12-15T06:59:38","modified_gmt":"2021-12-15T11:59:38","slug":"huracan-despidio-delantero-colombiano","status":"publish","type":"post","link":"https:\/\/futbolhoy.co\/index.php\/2021\/12\/14\/huracan-despidio-delantero-colombiano\/","title":{"rendered":"Hurac\u00e1n despidi\u00f3 delantero colombiano"},"content":{"rendered":"<p style=\"text-align: justify;\"><span style=\"font-family: helvetica, arial, sans-serif;\"><strong>Hurac\u00e1n<\/strong> de Argentina rescindi\u00f3 el contrato del delantero cale\u00f1o <strong>Sebasti\u00e1n Rinc\u00f3n<\/strong>, hijo del mundialista <strong>Freddy Rinc\u00f3n<\/strong>, quien lleg\u00f3 en julio y hab\u00eda firmado hasta diciembre de 2022.<\/span><\/p>\n<p style=\"text-align: justify;\"><span style=\"font-family: helvetica, arial, sans-serif;\">\u201cEn las \u00faltimas horas, la Comisi\u00f3n Directiva de Hurac\u00e1n acord\u00f3 con <strong>Sebasti\u00e1n Rinc\u00f3n<\/strong> su rescisi\u00f3n de contrato. En buenos t\u00e9rminos, se decidi\u00f3 poner fin al v\u00ednculo que el futbolista ten\u00eda con la Instituci\u00f3n hasta diciembre de 2022\u201d, dice la nota de prensa publicada en el sitio web del club.<\/span><\/p>\n<p style=\"text-align: justify;\"><span style=\"font-family: helvetica, arial, sans-serif;\">\u201cAgradecemos la predisposici\u00f3n del jugador, que solo pidi\u00f3 cobrar hasta el \u00faltimo d\u00eda trabajado\u201d, agreg\u00f3 la entidad deportiva.<\/span><\/p>\n<p style=\"text-align: justify;\"><span style=\"font-family: helvetica, arial, sans-serif;\"><strong>Rinc\u00f3n,<\/strong> de 27 a\u00f1os, quien hab\u00eda llegado desde el tambi\u00e9n argentino, <strong>Aldosivi,<\/strong> anot\u00f3 en sus redes que estaba triste por su retiro del club, pero le gustar\u00eda volver en el futuro.<\/span><\/p>\n<p style=\"text-align: justify;\"><span style=\"font-family: helvetica, arial, sans-serif;\">Rinc\u00f3n durante los 5 meses que estuvo en el club, tan solo particip\u00f3 en 7 partidos y no marc\u00f3 ning\u00fan gol.<\/span><\/p>\n","protected":false},"excerpt":{"rendered":"<p>Hurac\u00e1n de Argentina rescindi\u00f3 el contrato del delantero cale\u00f1o Sebasti\u00e1n Rinc\u00f3n, hijo del mundialista Freddy Rinc\u00f3n, quien lleg\u00f3 en julio y hab\u00eda firmado hasta diciembre de 2022. \u201cEn las \u00faltimas horas, la Comisi\u00f3n Directiva de Hurac\u00e1n acord\u00f3 con Sebasti\u00e1n Rinc\u00f3n su rescisi\u00f3n de contrato. En buenos t\u00e9rminos, se decidi\u00f3 poner fin al v\u00ednculo que el [&hellip;]<\/p>\n","protected":false},"author":5,"featured_media":73460,"comment_status":"open","ping_status":"closed","sticky":false,"template":"","format":"standard","meta":{"_acf_changed":false,"footnotes":""},"categories":[152],"tags":[],"class_list":{"0":"post-73458","1":"post","2":"type-post","3":"status-publish","4":"format-standard","5":"has-post-thumbnail","7":"category-mundo-futbol"},"acf":[],"_links":{"self":[{"href":"https:\/\/futbolhoy.co\/index.php\/wp-json\/wp\/v2\/posts\/73458","targetHints":{"allow":["GET"]}}],"collection":[{"href":"https:\/\/futbolhoy.co\/index.php\/wp-json\/wp\/v2\/posts"}],"about":[{"href":"https:\/\/futbolhoy.co\/index.php\/wp-json\/wp\/v2\/types\/post"}],"author":[{"embeddable":true,"href":"https:\/\/futbolhoy.co\/index.php\/wp-json\/wp\/v2\/users\/5"}],"replies":[{"embeddable":true,"href":"https:\/\/futbolhoy.co\/index.php\/wp-json\/wp\/v2\/comments?post=73458"}],"version-history":[{"count":1,"href":"https:\/\/futbolhoy.co\/index.php\/wp-json\/wp\/v2\/posts\/73458\/revisions"}],"predecessor-version":[{"id":73461,"href":"https:\/\/futbolhoy.co\/index.php\/wp-json\/wp\/v2\/posts\/73458\/revisions\/73461"}],"wp:featuredmedia":[{"embeddable":true,"href":"https:\/\/futbolhoy.co\/index.php\/wp-json\/wp\/v2\/media\/73460"}],"wp:attachment":[{"href":"https:\/\/futbolhoy.co\/index.php\/wp-json\/wp\/v2\/media?parent=73458"}],"wp:term":[{"taxonomy":"category","embeddable":true,"href":"https:\/\/futbolhoy.co\/index.php\/wp-json\/wp\/v2\/categories?post=73458"},{"taxonomy":"post_tag","embeddable":true,"href":"https:\/\/futbolhoy.co\/index.php\/wp-json\/wp\/v2\/tags?post=73458"}],"curies":[{"name":"wp","href":"https:\/\/api.w.org\/{rel}","templated":true}]}}