{"id":73688,"date":"2021-12-20T08:29:44","date_gmt":"2021-12-20T13:29:44","guid":{"rendered":"https:\/\/futbolhoy.co\/?p=73688"},"modified":"2021-12-20T17:48:30","modified_gmt":"2021-12-20T22:48:30","slug":"diaz-y-cuadrado-en-once-ideal","status":"publish","type":"post","link":"https:\/\/futbolhoy.co\/index.php\/2021\/12\/20\/diaz-y-cuadrado-en-once-ideal\/","title":{"rendered":"D\u00edaz y Cuadrado en &#8216;once ideal&#8217;"},"content":{"rendered":"<p style=\"text-align: justify;\"><span style=\"font-family: helvetica, arial, sans-serif;\">El guajiro <strong>Luis D\u00edaz<\/strong> y el antioque\u00f1o <strong>Juan Guillermo Cuadrado,<\/strong> fueron los colombianos m\u00e1s destacados el fin de semana en las principales ligas del mundo y fueron incluidos en el \u2018once ideal\u2019 de sudamericanos de la agencia AFP.<\/span><\/p>\n<p style=\"text-align: justify;\"><span style=\"font-family: helvetica, arial, sans-serif;\"><strong>D\u00edaz<\/strong> marc\u00f3 el primer gol y asisti\u00f3 otro en el triunfo del <strong>Porto<\/strong> 0-4 sobre el <strong>Vizela<\/strong> en Portugal, llegando a 12 tantos en la temporada de Liga, donde es el segundo m\u00e1ximo artillero.<\/span><\/p>\n<p style=\"text-align: justify;\"><span style=\"font-family: helvetica, arial, sans-serif;\">Entretanto, Cuadrado anot\u00f3 el segundo gol de la Juventus que super\u00f3 0-2 a Bolonia en Italia, con lo que complet\u00f3 cuatro dianas en la temporada, todos en la Serie A.<\/span><\/p>\n<p style=\"text-align: justify;\"><span style=\"font-family: helvetica, arial, sans-serif;\">El equipo qued\u00f3 integrado por:<\/span><\/p>\n<p style=\"text-align: justify;\"><span style=\"font-family: helvetica, arial, sans-serif;\">Ederson (Manchester City\/BRA); Cuadrado (Juventus\/COL), Dami\u00e1n Su\u00e1rez (Getafe\/URU), Felipe (Atl\u00e9tico de Madrid\/BRA); Gabriel Martinelli (Arsenal\/BRA), D\u00edaz (Porto\/COL), Darwin N\u00fa\u00f1ez (Benfica\/URU), Lucas Torreira (Fiorentina\/URU); Lautaro Mart\u00ednez (Inter de Mil\u00e1n\/ARG), Alexis S\u00e1nchez (Inter de Mil\u00e1n\/CHI) y Lucas Ocampos (Sevilla\/ARG).<\/span><\/p>\n<p style=\"text-align: justify;\"><span style=\"font-family: helvetica, arial, sans-serif;\">Otros colombianos que marcaron el fin de semana:<\/span><\/p>\n<p style=\"text-align: justify;\"><span style=\"font-family: helvetica, arial, sans-serif;\">&#8211; Jorge Carrascal anot\u00f3 un gol con River Plate, que se impuso 4-0 sobre Col\u00f3n en el Trofeo de Campeones de Argentina. Cuarto gol en la temporada, tres de ellos en Liga.<\/span><\/p>\n<p style=\"text-align: justify;\"><span style=\"font-family: helvetica, arial, sans-serif;\">&#8211; Jorge Obreg\u00f3n convirti\u00f3 el tanto de Rijeca que se impuso 1-0 a Istra en Croacia. Quinto tanto en la temporada, segundo en Liga.<\/span><\/p>\n<p style=\"text-align: justify;\"><span style=\"font-family: helvetica, arial, sans-serif;\">&#8211; Yairo Moreno abri\u00f3 la victoria del Pachuca 3-0 sobre Alebrijes de Oaxaca en M\u00e9xico en amistoso de pretemporada.<\/span><\/p>\n<p style=\"text-align: justify;\"><span style=\"font-family: helvetica, arial, sans-serif;\">&#8211; Jown Cardona marc\u00f3 un doblete con Guangzhou City que se impuso 5-0 sobre Beijing Guoan en China. Sexto gol en la temporada.<\/span><\/p>\n<p style=\"text-align: justify;\"><span style=\"font-family: helvetica, arial, sans-serif;\">&#8211; Leicy Santos convirti\u00f3 un gol con Atl\u00e9tico de Madrid que gole\u00f3 6- 1 Betis en la Liga Femenina de Espa\u00f1a. Tercer gol en la temporada, segundo en Liga.<\/span><\/p>\n","protected":false},"excerpt":{"rendered":"<p>El guajiro Luis D\u00edaz y el antioque\u00f1o Juan Guillermo Cuadrado, fueron los colombianos m\u00e1s destacados el fin de semana en las principales ligas del mundo y fueron incluidos en el \u2018once ideal\u2019 de sudamericanos de la agencia AFP. D\u00edaz marc\u00f3 el primer gol y asisti\u00f3 otro en el triunfo del Porto 0-4 sobre el Vizela [&hellip;]<\/p>\n","protected":false},"author":5,"featured_media":73689,"comment_status":"open","ping_status":"closed","sticky":false,"template":"","format":"standard","meta":{"_acf_changed":false,"footnotes":""},"categories":[418],"tags":[],"class_list":{"0":"post-73688","1":"post","2":"type-post","3":"status-publish","4":"format-standard","5":"has-post-thumbnail","7":"category-colombia"},"acf":[],"_links":{"self":[{"href":"https:\/\/futbolhoy.co\/index.php\/wp-json\/wp\/v2\/posts\/73688","targetHints":{"allow":["GET"]}}],"collection":[{"href":"https:\/\/futbolhoy.co\/index.php\/wp-json\/wp\/v2\/posts"}],"about":[{"href":"https:\/\/futbolhoy.co\/index.php\/wp-json\/wp\/v2\/types\/post"}],"author":[{"embeddable":true,"href":"https:\/\/futbolhoy.co\/index.php\/wp-json\/wp\/v2\/users\/5"}],"replies":[{"embeddable":true,"href":"https:\/\/futbolhoy.co\/index.php\/wp-json\/wp\/v2\/comments?post=73688"}],"version-history":[{"count":1,"href":"https:\/\/futbolhoy.co\/index.php\/wp-json\/wp\/v2\/posts\/73688\/revisions"}],"predecessor-version":[{"id":73690,"href":"https:\/\/futbolhoy.co\/index.php\/wp-json\/wp\/v2\/posts\/73688\/revisions\/73690"}],"wp:featuredmedia":[{"embeddable":true,"href":"https:\/\/futbolhoy.co\/index.php\/wp-json\/wp\/v2\/media\/73689"}],"wp:attachment":[{"href":"https:\/\/futbolhoy.co\/index.php\/wp-json\/wp\/v2\/media?parent=73688"}],"wp:term":[{"taxonomy":"category","embeddable":true,"href":"https:\/\/futbolhoy.co\/index.php\/wp-json\/wp\/v2\/categories?post=73688"},{"taxonomy":"post_tag","embeddable":true,"href":"https:\/\/futbolhoy.co\/index.php\/wp-json\/wp\/v2\/tags?post=73688"}],"curies":[{"name":"wp","href":"https:\/\/api.w.org\/{rel}","templated":true}]}}