{"id":73714,"date":"2021-12-21T08:26:29","date_gmt":"2021-12-21T13:26:29","guid":{"rendered":"https:\/\/futbolhoy.co\/?p=73714"},"modified":"2021-12-21T16:59:26","modified_gmt":"2021-12-21T21:59:26","slug":"zapata-y-diaz-en-los-100-mejores-del-ano","status":"publish","type":"post","link":"https:\/\/futbolhoy.co\/index.php\/2021\/12\/21\/zapata-y-diaz-en-los-100-mejores-del-ano\/","title":{"rendered":"Zapata y D\u00edaz, en los 100 mejores del a\u00f1o"},"content":{"rendered":"<p style=\"text-align: justify;\"><span style=\"font-family: helvetica, arial, sans-serif;\">Los colombianos <strong>Duv\u00e1n Zapata<\/strong> y <strong>Luis D\u00edaz<\/strong> fueron incluidos en el <strong>Top 100 Mundial<\/strong> de futbolistas del 2021, seg\u00fan <em>The Guardian<\/em> que anunci\u00f3 la lista de los \u00faltimos 30.<\/span><\/p>\n<p style=\"text-align: justify;\"><span style=\"font-family: helvetica, arial, sans-serif;\">Zapata en la posici\u00f3n 83, es el actual goleador del <strong>Atalanta<\/strong> con 9 tantos en lo que va de la temporada de la <strong>Serie A de 2021<\/strong>. Adem\u00e1s, tiene 3 goles en<strong> Liga de Campeones.<\/strong><\/span><\/p>\n<p style=\"text-align: justify;\"><span style=\"font-family: helvetica, arial, sans-serif;\">D\u00edaz en el puesto 87, es la figura del Porto con 12 goles en Liga donde pelea el t\u00edtulo de artillero con <strong>Darwin N\u00fa\u00f1ez (Benfica)<\/strong>. Tambi\u00e9n marc\u00f3 dos goles en Champions.<\/span><\/p>\n<p style=\"text-align: justify;\"><span style=\"font-family: helvetica, arial, sans-serif;\">En ese grupo, se destacan<strong> Keylor Navas (PSG), Sergio Busquets (Barcelona)<\/strong> y <strong>Juli\u00e1n \u00c1lvarez (River Plate)<\/strong>, hasta ahora \u00fanico del f\u00fatbol sudamericano.<\/span><\/p>\n<blockquote class=\"twitter-tweet\">\n<p dir=\"ltr\" lang=\"en\">The 100 best male footballers in the world 2021: Nos 100-71 <a href=\"https:\/\/t.co\/F02PUgniq2\">https:\/\/t.co\/F02PUgniq2<\/a><\/p>\n<p>\u2014 The Guardian (@guardian) <a href=\"https:\/\/twitter.com\/guardian\/status\/1473249940298215430?ref_src=twsrc%5Etfw\">December 21, 2021<\/a><\/p><\/blockquote>\n<p><script async src=\"https:\/\/platform.twitter.com\/widgets.js\" charset=\"utf-8\"><\/script><\/p>\n","protected":false},"excerpt":{"rendered":"<p>Los colombianos Duv\u00e1n Zapata y Luis D\u00edaz fueron incluidos en el Top 100 Mundial de futbolistas del 2021, seg\u00fan The Guardian que anunci\u00f3 la lista de los \u00faltimos 30. Zapata en la posici\u00f3n 83, es el actual goleador del Atalanta con 9 tantos en lo que va de la temporada de la Serie A de [&hellip;]<\/p>\n","protected":false},"author":5,"featured_media":72686,"comment_status":"open","ping_status":"open","sticky":false,"template":"","format":"standard","meta":{"_acf_changed":false,"footnotes":""},"categories":[418],"tags":[154,1309],"class_list":{"0":"post-73714","1":"post","2":"type-post","3":"status-publish","4":"format-standard","5":"has-post-thumbnail","7":"category-colombia","8":"tag-duvan-zapata","9":"tag-luis-diaz"},"acf":[],"yoast_head":"<!-- This site is optimized with the Yoast SEO plugin v26.8 - https:\/\/yoast.com\/product\/yoast-seo-wordpress\/ -->\n<title>Zapata y D\u00edaz, en los 100 mejores del a\u00f1o -<\/title>\n<meta name=\"robots\" content=\"index, follow, max-snippet:-1, max-image-preview:large, max-video-preview:-1\" \/>\n<link rel=\"canonical\" href=\"https:\/\/futbolhoy.co\/index.php\/2021\/12\/21\/zapata-y-diaz-en-los-100-mejores-del-ano\/\" \/>\n<meta property=\"og:locale\" content=\"es_ES\" \/>\n<meta property=\"og:type\" content=\"article\" \/>\n<meta property=\"og:title\" content=\"Zapata y D\u00edaz, en los 100 mejores del a\u00f1o -\" \/>\n<meta property=\"og:description\" content=\"Los colombianos Duv\u00e1n Zapata y Luis D\u00edaz fueron incluidos en el Top 100 Mundial de futbolistas del 2021, seg\u00fan The Guardian que anunci\u00f3 la lista de los \u00faltimos 30. Zapata en la posici\u00f3n 83, es el actual goleador del Atalanta con 9 tantos en lo que va de la temporada de la Serie A de [&hellip;]\" \/>\n<meta property=\"og:url\" content=\"https:\/\/futbolhoy.co\/index.php\/2021\/12\/21\/zapata-y-diaz-en-los-100-mejores-del-ano\/\" \/>\n<meta property=\"article:publisher\" content=\"https:\/\/www.facebook.com\/FutbolHoyCol\/\" \/>\n<meta property=\"article:published_time\" content=\"2021-12-21T13:26:29+00:00\" \/>\n<meta property=\"article:modified_time\" content=\"2021-12-21T21:59:26+00:00\" \/>\n<meta property=\"og:image\" content=\"https:\/\/futbolhoy.co\/wp-content\/uploads\/2021\/11\/zapata.jpeg\" \/>\n\t<meta property=\"og:image:width\" content=\"680\" \/>\n\t<meta property=\"og:image:height\" content=\"510\" \/>\n\t<meta property=\"og:image:type\" content=\"image\/jpeg\" \/>\n<meta name=\"author\" content=\"Laura Hern\u00e1ndez\" \/>\n<meta name=\"twitter:card\" content=\"summary_large_image\" \/>\n<meta name=\"twitter:creator\" content=\"@FutbolHoyCol\" \/>\n<meta name=\"twitter:site\" content=\"@FutbolHoyCol\" \/>\n<meta name=\"twitter:label1\" content=\"Escrito por\" \/>\n\t<meta name=\"twitter:data1\" content=\"Laura Hern\u00e1ndez\" \/>\n\t<meta name=\"twitter:label2\" content=\"Tiempo de lectura\" \/>\n\t<meta name=\"twitter:data2\" content=\"1 minuto\" \/>\n<script type=\"application\/ld+json\" class=\"yoast-schema-graph\">{\"@context\":\"https:\/\/schema.org\",\"@graph\":[{\"@type\":\"Article\",\"@id\":\"https:\/\/futbolhoy.co\/index.php\/2021\/12\/21\/zapata-y-diaz-en-los-100-mejores-del-ano\/#article\",\"isPartOf\":{\"@id\":\"https:\/\/futbolhoy.co\/index.php\/2021\/12\/21\/zapata-y-diaz-en-los-100-mejores-del-ano\/\"},\"author\":{\"name\":\"Laura Hern\u00e1ndez\",\"@id\":\"https:\/\/futbolhoy.co\/#\/schema\/person\/c4a353a512b127643723a34bb1812f7d\"},\"headline\":\"Zapata y D\u00edaz, en los 100 mejores del a\u00f1o\",\"datePublished\":\"2021-12-21T13:26:29+00:00\",\"dateModified\":\"2021-12-21T21:59:26+00:00\",\"mainEntityOfPage\":{\"@id\":\"https:\/\/futbolhoy.co\/index.php\/2021\/12\/21\/zapata-y-diaz-en-los-100-mejores-del-ano\/\"},\"wordCount\":147,\"commentCount\":0,\"publisher\":{\"@id\":\"https:\/\/futbolhoy.co\/#organization\"},\"image\":{\"@id\":\"https:\/\/futbolhoy.co\/index.php\/2021\/12\/21\/zapata-y-diaz-en-los-100-mejores-del-ano\/#primaryimage\"},\"thumbnailUrl\":\"https:\/\/futbolhoy.co\/wp-content\/uploads\/2021\/11\/zapata.jpeg\",\"keywords\":[\"Duv\u00e1n Zapata\",\"Luis diaz\"],\"articleSection\":[\"Colombia\"],\"inLanguage\":\"es\",\"potentialAction\":[{\"@type\":\"CommentAction\",\"name\":\"Comment\",\"target\":[\"https:\/\/futbolhoy.co\/index.php\/2021\/12\/21\/zapata-y-diaz-en-los-100-mejores-del-ano\/#respond\"]}]},{\"@type\":\"WebPage\",\"@id\":\"https:\/\/futbolhoy.co\/index.php\/2021\/12\/21\/zapata-y-diaz-en-los-100-mejores-del-ano\/\",\"url\":\"https:\/\/futbolhoy.co\/index.php\/2021\/12\/21\/zapata-y-diaz-en-los-100-mejores-del-ano\/\",\"name\":\"Zapata y D\u00edaz, en los 100 mejores del a\u00f1o -\",\"isPartOf\":{\"@id\":\"https:\/\/futbolhoy.co\/#website\"},\"primaryImageOfPage\":{\"@id\":\"https:\/\/futbolhoy.co\/index.php\/2021\/12\/21\/zapata-y-diaz-en-los-100-mejores-del-ano\/#primaryimage\"},\"image\":{\"@id\":\"https:\/\/futbolhoy.co\/index.php\/2021\/12\/21\/zapata-y-diaz-en-los-100-mejores-del-ano\/#primaryimage\"},\"thumbnailUrl\":\"https:\/\/futbolhoy.co\/wp-content\/uploads\/2021\/11\/zapata.jpeg\",\"datePublished\":\"2021-12-21T13:26:29+00:00\",\"dateModified\":\"2021-12-21T21:59:26+00:00\",\"breadcrumb\":{\"@id\":\"https:\/\/futbolhoy.co\/index.php\/2021\/12\/21\/zapata-y-diaz-en-los-100-mejores-del-ano\/#breadcrumb\"},\"inLanguage\":\"es\",\"potentialAction\":[{\"@type\":\"ReadAction\",\"target\":[\"https:\/\/futbolhoy.co\/index.php\/2021\/12\/21\/zapata-y-diaz-en-los-100-mejores-del-ano\/\"]}]},{\"@type\":\"ImageObject\",\"inLanguage\":\"es\",\"@id\":\"https:\/\/futbolhoy.co\/index.php\/2021\/12\/21\/zapata-y-diaz-en-los-100-mejores-del-ano\/#primaryimage\",\"url\":\"https:\/\/futbolhoy.co\/wp-content\/uploads\/2021\/11\/zapata.jpeg\",\"contentUrl\":\"https:\/\/futbolhoy.co\/wp-content\/uploads\/2021\/11\/zapata.jpeg\",\"width\":680,\"height\":510},{\"@type\":\"BreadcrumbList\",\"@id\":\"https:\/\/futbolhoy.co\/index.php\/2021\/12\/21\/zapata-y-diaz-en-los-100-mejores-del-ano\/#breadcrumb\",\"itemListElement\":[{\"@type\":\"ListItem\",\"position\":1,\"name\":\"Portada\",\"item\":\"https:\/\/futbolhoy.co\/\"},{\"@type\":\"ListItem\",\"position\":2,\"name\":\"Zapata y D\u00edaz, en los 100 mejores del a\u00f1o\"}]},{\"@type\":\"WebSite\",\"@id\":\"https:\/\/futbolhoy.co\/#website\",\"url\":\"https:\/\/futbolhoy.co\/\",\"name\":\"FutbolHoy\",\"description\":\"\",\"publisher\":{\"@id\":\"https:\/\/futbolhoy.co\/#organization\"},\"potentialAction\":[{\"@type\":\"SearchAction\",\"target\":{\"@type\":\"EntryPoint\",\"urlTemplate\":\"https:\/\/futbolhoy.co\/?s={search_term_string}\"},\"query-input\":{\"@type\":\"PropertyValueSpecification\",\"valueRequired\":true,\"valueName\":\"search_term_string\"}}],\"inLanguage\":\"es\"},{\"@type\":\"Organization\",\"@id\":\"https:\/\/futbolhoy.co\/#organization\",\"name\":\"Futbolhoy.co\",\"url\":\"https:\/\/futbolhoy.co\/\",\"logo\":{\"@type\":\"ImageObject\",\"inLanguage\":\"es\",\"@id\":\"https:\/\/futbolhoy.co\/#\/schema\/logo\/image\/\",\"url\":\"https:\/\/futbolhoy.co\/wp-content\/uploads\/2018\/08\/17426380_1906371736249227_6326180412931521141_n.jpg\",\"contentUrl\":\"https:\/\/futbolhoy.co\/wp-content\/uploads\/2018\/08\/17426380_1906371736249227_6326180412931521141_n.jpg\",\"width\":960,\"height\":960,\"caption\":\"Futbolhoy.co\"},\"image\":{\"@id\":\"https:\/\/futbolhoy.co\/#\/schema\/logo\/image\/\"},\"sameAs\":[\"https:\/\/www.facebook.com\/FutbolHoyCol\/\",\"https:\/\/x.com\/FutbolHoyCol\",\"https:\/\/www.instagram.com\/futbolhoycol\/\"]},{\"@type\":\"Person\",\"@id\":\"https:\/\/futbolhoy.co\/#\/schema\/person\/c4a353a512b127643723a34bb1812f7d\",\"name\":\"Laura Hern\u00e1ndez\",\"image\":{\"@type\":\"ImageObject\",\"inLanguage\":\"es\",\"@id\":\"https:\/\/futbolhoy.co\/#\/schema\/person\/image\/\",\"url\":\"https:\/\/secure.gravatar.com\/avatar\/d25959a15b9b293a743f99181c7cfd01?s=96&d=mm&r=g\",\"contentUrl\":\"https:\/\/secure.gravatar.com\/avatar\/d25959a15b9b293a743f99181c7cfd01?s=96&d=mm&r=g\",\"caption\":\"Laura Hern\u00e1ndez\"}}]}<\/script>\n<!-- \/ Yoast SEO plugin. -->","yoast_head_json":{"title":"Zapata y D\u00edaz, en los 100 mejores del a\u00f1o -","robots":{"index":"index","follow":"follow","max-snippet":"max-snippet:-1","max-image-preview":"max-image-preview:large","max-video-preview":"max-video-preview:-1"},"canonical":"https:\/\/futbolhoy.co\/index.php\/2021\/12\/21\/zapata-y-diaz-en-los-100-mejores-del-ano\/","og_locale":"es_ES","og_type":"article","og_title":"Zapata y D\u00edaz, en los 100 mejores del a\u00f1o -","og_description":"Los colombianos Duv\u00e1n Zapata y Luis D\u00edaz fueron incluidos en el Top 100 Mundial de futbolistas del 2021, seg\u00fan The Guardian que anunci\u00f3 la lista de los \u00faltimos 30. Zapata en la posici\u00f3n 83, es el actual goleador del Atalanta con 9 tantos en lo que va de la temporada de la Serie A de [&hellip;]","og_url":"https:\/\/futbolhoy.co\/index.php\/2021\/12\/21\/zapata-y-diaz-en-los-100-mejores-del-ano\/","article_publisher":"https:\/\/www.facebook.com\/FutbolHoyCol\/","article_published_time":"2021-12-21T13:26:29+00:00","article_modified_time":"2021-12-21T21:59:26+00:00","og_image":[{"width":680,"height":510,"url":"https:\/\/futbolhoy.co\/wp-content\/uploads\/2021\/11\/zapata.jpeg","type":"image\/jpeg"}],"author":"Laura Hern\u00e1ndez","twitter_card":"summary_large_image","twitter_creator":"@FutbolHoyCol","twitter_site":"@FutbolHoyCol","twitter_misc":{"Escrito por":"Laura Hern\u00e1ndez","Tiempo de lectura":"1 minuto"},"schema":{"@context":"https:\/\/schema.org","@graph":[{"@type":"Article","@id":"https:\/\/futbolhoy.co\/index.php\/2021\/12\/21\/zapata-y-diaz-en-los-100-mejores-del-ano\/#article","isPartOf":{"@id":"https:\/\/futbolhoy.co\/index.php\/2021\/12\/21\/zapata-y-diaz-en-los-100-mejores-del-ano\/"},"author":{"name":"Laura Hern\u00e1ndez","@id":"https:\/\/futbolhoy.co\/#\/schema\/person\/c4a353a512b127643723a34bb1812f7d"},"headline":"Zapata y D\u00edaz, en los 100 mejores del a\u00f1o","datePublished":"2021-12-21T13:26:29+00:00","dateModified":"2021-12-21T21:59:26+00:00","mainEntityOfPage":{"@id":"https:\/\/futbolhoy.co\/index.php\/2021\/12\/21\/zapata-y-diaz-en-los-100-mejores-del-ano\/"},"wordCount":147,"commentCount":0,"publisher":{"@id":"https:\/\/futbolhoy.co\/#organization"},"image":{"@id":"https:\/\/futbolhoy.co\/index.php\/2021\/12\/21\/zapata-y-diaz-en-los-100-mejores-del-ano\/#primaryimage"},"thumbnailUrl":"https:\/\/futbolhoy.co\/wp-content\/uploads\/2021\/11\/zapata.jpeg","keywords":["Duv\u00e1n Zapata","Luis diaz"],"articleSection":["Colombia"],"inLanguage":"es","potentialAction":[{"@type":"CommentAction","name":"Comment","target":["https:\/\/futbolhoy.co\/index.php\/2021\/12\/21\/zapata-y-diaz-en-los-100-mejores-del-ano\/#respond"]}]},{"@type":"WebPage","@id":"https:\/\/futbolhoy.co\/index.php\/2021\/12\/21\/zapata-y-diaz-en-los-100-mejores-del-ano\/","url":"https:\/\/futbolhoy.co\/index.php\/2021\/12\/21\/zapata-y-diaz-en-los-100-mejores-del-ano\/","name":"Zapata y D\u00edaz, en los 100 mejores del a\u00f1o -","isPartOf":{"@id":"https:\/\/futbolhoy.co\/#website"},"primaryImageOfPage":{"@id":"https:\/\/futbolhoy.co\/index.php\/2021\/12\/21\/zapata-y-diaz-en-los-100-mejores-del-ano\/#primaryimage"},"image":{"@id":"https:\/\/futbolhoy.co\/index.php\/2021\/12\/21\/zapata-y-diaz-en-los-100-mejores-del-ano\/#primaryimage"},"thumbnailUrl":"https:\/\/futbolhoy.co\/wp-content\/uploads\/2021\/11\/zapata.jpeg","datePublished":"2021-12-21T13:26:29+00:00","dateModified":"2021-12-21T21:59:26+00:00","breadcrumb":{"@id":"https:\/\/futbolhoy.co\/index.php\/2021\/12\/21\/zapata-y-diaz-en-los-100-mejores-del-ano\/#breadcrumb"},"inLanguage":"es","potentialAction":[{"@type":"ReadAction","target":["https:\/\/futbolhoy.co\/index.php\/2021\/12\/21\/zapata-y-diaz-en-los-100-mejores-del-ano\/"]}]},{"@type":"ImageObject","inLanguage":"es","@id":"https:\/\/futbolhoy.co\/index.php\/2021\/12\/21\/zapata-y-diaz-en-los-100-mejores-del-ano\/#primaryimage","url":"https:\/\/futbolhoy.co\/wp-content\/uploads\/2021\/11\/zapata.jpeg","contentUrl":"https:\/\/futbolhoy.co\/wp-content\/uploads\/2021\/11\/zapata.jpeg","width":680,"height":510},{"@type":"BreadcrumbList","@id":"https:\/\/futbolhoy.co\/index.php\/2021\/12\/21\/zapata-y-diaz-en-los-100-mejores-del-ano\/#breadcrumb","itemListElement":[{"@type":"ListItem","position":1,"name":"Portada","item":"https:\/\/futbolhoy.co\/"},{"@type":"ListItem","position":2,"name":"Zapata y D\u00edaz, en los 100 mejores del a\u00f1o"}]},{"@type":"WebSite","@id":"https:\/\/futbolhoy.co\/#website","url":"https:\/\/futbolhoy.co\/","name":"FutbolHoy","description":"","publisher":{"@id":"https:\/\/futbolhoy.co\/#organization"},"potentialAction":[{"@type":"SearchAction","target":{"@type":"EntryPoint","urlTemplate":"https:\/\/futbolhoy.co\/?s={search_term_string}"},"query-input":{"@type":"PropertyValueSpecification","valueRequired":true,"valueName":"search_term_string"}}],"inLanguage":"es"},{"@type":"Organization","@id":"https:\/\/futbolhoy.co\/#organization","name":"Futbolhoy.co","url":"https:\/\/futbolhoy.co\/","logo":{"@type":"ImageObject","inLanguage":"es","@id":"https:\/\/futbolhoy.co\/#\/schema\/logo\/image\/","url":"https:\/\/futbolhoy.co\/wp-content\/uploads\/2018\/08\/17426380_1906371736249227_6326180412931521141_n.jpg","contentUrl":"https:\/\/futbolhoy.co\/wp-content\/uploads\/2018\/08\/17426380_1906371736249227_6326180412931521141_n.jpg","width":960,"height":960,"caption":"Futbolhoy.co"},"image":{"@id":"https:\/\/futbolhoy.co\/#\/schema\/logo\/image\/"},"sameAs":["https:\/\/www.facebook.com\/FutbolHoyCol\/","https:\/\/x.com\/FutbolHoyCol","https:\/\/www.instagram.com\/futbolhoycol\/"]},{"@type":"Person","@id":"https:\/\/futbolhoy.co\/#\/schema\/person\/c4a353a512b127643723a34bb1812f7d","name":"Laura Hern\u00e1ndez","image":{"@type":"ImageObject","inLanguage":"es","@id":"https:\/\/futbolhoy.co\/#\/schema\/person\/image\/","url":"https:\/\/secure.gravatar.com\/avatar\/d25959a15b9b293a743f99181c7cfd01?s=96&d=mm&r=g","contentUrl":"https:\/\/secure.gravatar.com\/avatar\/d25959a15b9b293a743f99181c7cfd01?s=96&d=mm&r=g","caption":"Laura Hern\u00e1ndez"}}]}},"publishpress_future_action":{"enabled":false,"date":"2026-05-03 22:47:16","action":"change-status","newStatus":"draft","terms":[],"taxonomy":"category","extraData":[]},"publishpress_future_workflow_manual_trigger":{"enabledWorkflows":[]},"_links":{"self":[{"href":"https:\/\/futbolhoy.co\/index.php\/wp-json\/wp\/v2\/posts\/73714","targetHints":{"allow":["GET"]}}],"collection":[{"href":"https:\/\/futbolhoy.co\/index.php\/wp-json\/wp\/v2\/posts"}],"about":[{"href":"https:\/\/futbolhoy.co\/index.php\/wp-json\/wp\/v2\/types\/post"}],"author":[{"embeddable":true,"href":"https:\/\/futbolhoy.co\/index.php\/wp-json\/wp\/v2\/users\/5"}],"replies":[{"embeddable":true,"href":"https:\/\/futbolhoy.co\/index.php\/wp-json\/wp\/v2\/comments?post=73714"}],"version-history":[{"count":4,"href":"https:\/\/futbolhoy.co\/index.php\/wp-json\/wp\/v2\/posts\/73714\/revisions"}],"predecessor-version":[{"id":73736,"href":"https:\/\/futbolhoy.co\/index.php\/wp-json\/wp\/v2\/posts\/73714\/revisions\/73736"}],"wp:featuredmedia":[{"embeddable":true,"href":"https:\/\/futbolhoy.co\/index.php\/wp-json\/wp\/v2\/media\/72686"}],"wp:attachment":[{"href":"https:\/\/futbolhoy.co\/index.php\/wp-json\/wp\/v2\/media?parent=73714"}],"wp:term":[{"taxonomy":"category","embeddable":true,"href":"https:\/\/futbolhoy.co\/index.php\/wp-json\/wp\/v2\/categories?post=73714"},{"taxonomy":"post_tag","embeddable":true,"href":"https:\/\/futbolhoy.co\/index.php\/wp-json\/wp\/v2\/tags?post=73714"}],"curies":[{"name":"wp","href":"https:\/\/api.w.org\/{rel}","templated":true}]}}