{"id":73716,"date":"2021-12-21T09:15:47","date_gmt":"2021-12-21T14:15:47","guid":{"rendered":"https:\/\/futbolhoy.co\/?p=73716"},"modified":"2021-12-21T16:59:16","modified_gmt":"2021-12-21T21:59:16","slug":"caicedo-sigue-en-duda","status":"publish","type":"post","link":"https:\/\/futbolhoy.co\/index.php\/2021\/12\/21\/caicedo-sigue-en-duda\/","title":{"rendered":"Caicedo sigue en duda"},"content":{"rendered":"<!--[if lt IE 9]><script>document.createElement('audio');<\/script><![endif]-->\n<audio class=\"wp-audio-shortcode\" id=\"audio-73716-1\" preload=\"none\" style=\"width: 100%;\" controls=\"controls\"><source type=\"audio\/mpeg\" src=\"https:\/\/futbolhoy.co\/wp-content\/uploads\/2021\/12\/CAICEDO-FH2021-12-21.mp3?_=1\" \/><a href=\"https:\/\/futbolhoy.co\/wp-content\/uploads\/2021\/12\/CAICEDO-FH2021-12-21.mp3\">https:\/\/futbolhoy.co\/wp-content\/uploads\/2021\/12\/CAICEDO-FH2021-12-21.mp3<\/a><\/audio>\n<p>(Juan Fernando Caicedo, delantero del Tolima, en di\u00e1logo con El Alargue de Caracol Radio)<\/p>\n<p class=\"x_ydpf6b10f22MsoNormal\" style=\"text-align: justify;\"><span style=\"font-family: helvetica, arial, sans-serif;\">La presencia de <strong>Juan Fernando Caicedo<\/strong> en la formaci\u00f3n del <strong>Deportes Tolima,<\/strong> para la final de la <strong>Liga BetPlay Dimayor 2021-II<\/strong> ante <strong>Deportivo Cali,<\/strong> sigue en duda debido a una contractura muscular.<\/span><\/p>\n<p class=\"x_ydpf6b10f22MsoNormal\" style=\"text-align: justify;\"><span style=\"font-family: helvetica, arial, sans-serif;\">\u00a0\u201cSiempre el chance est\u00e1, est\u00e1 la posibilidad, nos vamos sintiendo muy bien, veremos que pueda pasar en estos \u00faltimos dos d\u00edas\u201d, sostuvo el delantero en <em>El Alargue<\/em> de <strong>Caracol<\/strong>\u00a0Radio.<\/span><\/p>\n<p class=\"x_ydpf6b10f22MsoNormal\" style=\"text-align: justify;\"><span style=\"font-family: helvetica, arial, sans-serif;\">\u201cEs un guayabo bastante impresionante que siente uno, duele mucho no poder estar en partidos tan decisivos, pero bueno, uno como jugador en ese momento se va el dolor, obviamente eso lo trasnocha a uno siempre\", agreg\u00f3 sobre su ausencia en el partido de ida disputado en <strong>Palmaseca.<\/strong><\/span><\/p>\n<p class=\"x_ydpf6b10f22MsoNormal\" style=\"text-align: justify;\"><span style=\"font-family: helvetica, arial, sans-serif;\">\u201cSomos un equipo que cuando nos toca sufrir, sabemos sufrir, sabemos aguantar las adversidades de cada partido. Nos han tocado partidos muy at\u00edpicos, se lesionan los dos centrales y en menos de 10 minutos, improvisamos con un volante de marca que lo hace muy bien, pero no es su posici\u00f3n, y mira el equipo c\u00f3mo responde\", sostuvo.<\/span><\/p>\n<p class=\"x_ydpf6b10f22MsoNormal\" style=\"text-align: justify;\"><span style=\"font-family: helvetica, arial, sans-serif;\">\u201cEstamos muy motivados, estamos muy concentrados, sabemos que no va a ser f\u00e1cil, que Cali tiene un excelente equipo, pero estamos de locales, debemos proponer y vamos a salir a buscar nuestro partido\u201d, puntualiz\u00f3.<\/span><\/p>\n<p class=\"x_ydpf6b10f22MsoNormal\" style=\"text-align: justify;\"><span style=\"font-family: helvetica, arial, sans-serif;\">Caicedo no estuvo en el partido frente a <strong>Alianza Petrolera<\/strong> por cuadrangulares y tampoco particip\u00f3 en la ida de la final que se cumpli\u00f3 en el estadio de Palmaseca.<\/span><\/p>\n<p class=\"x_ydpf6b10f22MsoNormal\" style=\"text-align: justify;\"><span style=\"font-family: helvetica, arial, sans-serif;\">Deportes Tolima y Deportivo Cali decidir\u00e1n este mi\u00e9rcoles el t\u00edtulo, en partido que se cumplir\u00e1 desde las 7.30pm en el estadio <strong>Manuel Murillo Toro<\/strong> de <strong>Ibagu\u00e9.<\/strong><\/span><\/p>\n","protected":false},"excerpt":{"rendered":"<p>(Juan Fernando Caicedo, delantero del Tolima, en di\u00e1logo con El Alargue de Caracol Radio) La presencia de Juan Fernando Caicedo en la formaci\u00f3n del Deportes Tolima, para la final de la Liga BetPlay Dimayor 2021-II ante Deportivo Cali, sigue en duda debido a una contractura muscular. \u00a0\u201cSiempre el chance est\u00e1, est\u00e1 la posibilidad, nos vamos [&hellip;]<\/p>\n","protected":false},"author":5,"featured_media":73718,"comment_status":"open","ping_status":"open","sticky":false,"template":"","format":"video","meta":{"_acf_changed":false,"footnotes":""},"categories":[7],"tags":[171,2259],"class_list":{"0":"post-73716","1":"post","2":"type-post","3":"status-publish","4":"format-video","5":"has-post-thumbnail","7":"category-liga-betplay","8":"tag-deportes-tolima","9":"tag-juan-fernando-caicedo","10":"post_format-post-format-video"},"acf":[],"yoast_head":"<!-- This site is optimized with the Yoast SEO plugin v26.8 - https:\/\/yoast.com\/product\/yoast-seo-wordpress\/ -->\n<title>Caicedo sigue en duda -<\/title>\n<meta name=\"robots\" content=\"index, follow, max-snippet:-1, max-image-preview:large, max-video-preview:-1\" \/>\n<link rel=\"canonical\" href=\"https:\/\/futbolhoy.co\/index.php\/2021\/12\/21\/caicedo-sigue-en-duda\/\" \/>\n<meta property=\"og:locale\" content=\"es_ES\" \/>\n<meta property=\"og:type\" content=\"article\" \/>\n<meta property=\"og:title\" content=\"Caicedo sigue en duda -\" \/>\n<meta property=\"og:description\" content=\"(Juan Fernando Caicedo, delantero del Tolima, en di\u00e1logo con El Alargue de Caracol Radio) La presencia de Juan Fernando Caicedo en la formaci\u00f3n del Deportes Tolima, para la final de la Liga BetPlay Dimayor 2021-II ante Deportivo Cali, sigue en duda debido a una contractura muscular. \u00a0\u201cSiempre el chance est\u00e1, est\u00e1 la posibilidad, nos vamos [&hellip;]\" \/>\n<meta property=\"og:url\" content=\"https:\/\/futbolhoy.co\/index.php\/2021\/12\/21\/caicedo-sigue-en-duda\/\" \/>\n<meta property=\"article:publisher\" content=\"https:\/\/www.facebook.com\/FutbolHoyCol\/\" \/>\n<meta property=\"article:published_time\" content=\"2021-12-21T14:15:47+00:00\" \/>\n<meta property=\"article:modified_time\" content=\"2021-12-21T21:59:16+00:00\" \/>\n<meta property=\"og:image\" content=\"https:\/\/futbolhoy.co\/wp-content\/uploads\/2021\/12\/ogbYOv_A.jpeg\" \/>\n\t<meta property=\"og:image:width\" content=\"2400\" \/>\n\t<meta property=\"og:image:height\" content=\"1474\" \/>\n\t<meta property=\"og:image:type\" content=\"image\/jpeg\" \/>\n<meta name=\"author\" content=\"Laura Hern\u00e1ndez\" \/>\n<meta name=\"twitter:card\" content=\"summary_large_image\" \/>\n<meta name=\"twitter:creator\" content=\"@FutbolHoyCol\" \/>\n<meta name=\"twitter:site\" content=\"@FutbolHoyCol\" \/>\n<meta name=\"twitter:label1\" content=\"Escrito por\" \/>\n\t<meta name=\"twitter:data1\" content=\"Laura Hern\u00e1ndez\" \/>\n\t<meta name=\"twitter:label2\" content=\"Tiempo de lectura\" \/>\n\t<meta name=\"twitter:data2\" content=\"2 minutos\" \/>\n<script type=\"application\/ld+json\" class=\"yoast-schema-graph\">{\"@context\":\"https:\/\/schema.org\",\"@graph\":[{\"@type\":\"Article\",\"@id\":\"https:\/\/futbolhoy.co\/index.php\/2021\/12\/21\/caicedo-sigue-en-duda\/#article\",\"isPartOf\":{\"@id\":\"https:\/\/futbolhoy.co\/index.php\/2021\/12\/21\/caicedo-sigue-en-duda\/\"},\"author\":{\"name\":\"Laura Hern\u00e1ndez\",\"@id\":\"https:\/\/futbolhoy.co\/#\/schema\/person\/c4a353a512b127643723a34bb1812f7d\"},\"headline\":\"Caicedo sigue en duda\",\"datePublished\":\"2021-12-21T14:15:47+00:00\",\"dateModified\":\"2021-12-21T21:59:16+00:00\",\"mainEntityOfPage\":{\"@id\":\"https:\/\/futbolhoy.co\/index.php\/2021\/12\/21\/caicedo-sigue-en-duda\/\"},\"wordCount\":295,\"commentCount\":0,\"publisher\":{\"@id\":\"https:\/\/futbolhoy.co\/#organization\"},\"image\":{\"@id\":\"https:\/\/futbolhoy.co\/index.php\/2021\/12\/21\/caicedo-sigue-en-duda\/#primaryimage\"},\"thumbnailUrl\":\"https:\/\/futbolhoy.co\/wp-content\/uploads\/2021\/12\/ogbYOv_A.jpeg\",\"keywords\":[\"Deportes Tolima\",\"Juan Fernando Caicedo\"],\"articleSection\":[\"Liga BetPlay\"],\"inLanguage\":\"es\",\"potentialAction\":[{\"@type\":\"CommentAction\",\"name\":\"Comment\",\"target\":[\"https:\/\/futbolhoy.co\/index.php\/2021\/12\/21\/caicedo-sigue-en-duda\/#respond\"]}]},{\"@type\":\"WebPage\",\"@id\":\"https:\/\/futbolhoy.co\/index.php\/2021\/12\/21\/caicedo-sigue-en-duda\/\",\"url\":\"https:\/\/futbolhoy.co\/index.php\/2021\/12\/21\/caicedo-sigue-en-duda\/\",\"name\":\"Caicedo sigue en duda -\",\"isPartOf\":{\"@id\":\"https:\/\/futbolhoy.co\/#website\"},\"primaryImageOfPage\":{\"@id\":\"https:\/\/futbolhoy.co\/index.php\/2021\/12\/21\/caicedo-sigue-en-duda\/#primaryimage\"},\"image\":{\"@id\":\"https:\/\/futbolhoy.co\/index.php\/2021\/12\/21\/caicedo-sigue-en-duda\/#primaryimage\"},\"thumbnailUrl\":\"https:\/\/futbolhoy.co\/wp-content\/uploads\/2021\/12\/ogbYOv_A.jpeg\",\"datePublished\":\"2021-12-21T14:15:47+00:00\",\"dateModified\":\"2021-12-21T21:59:16+00:00\",\"breadcrumb\":{\"@id\":\"https:\/\/futbolhoy.co\/index.php\/2021\/12\/21\/caicedo-sigue-en-duda\/#breadcrumb\"},\"inLanguage\":\"es\",\"potentialAction\":[{\"@type\":\"ReadAction\",\"target\":[\"https:\/\/futbolhoy.co\/index.php\/2021\/12\/21\/caicedo-sigue-en-duda\/\"]}]},{\"@type\":\"ImageObject\",\"inLanguage\":\"es\",\"@id\":\"https:\/\/futbolhoy.co\/index.php\/2021\/12\/21\/caicedo-sigue-en-duda\/#primaryimage\",\"url\":\"https:\/\/futbolhoy.co\/wp-content\/uploads\/2021\/12\/ogbYOv_A.jpeg\",\"contentUrl\":\"https:\/\/futbolhoy.co\/wp-content\/uploads\/2021\/12\/ogbYOv_A.jpeg\",\"width\":2400,\"height\":1474},{\"@type\":\"BreadcrumbList\",\"@id\":\"https:\/\/futbolhoy.co\/index.php\/2021\/12\/21\/caicedo-sigue-en-duda\/#breadcrumb\",\"itemListElement\":[{\"@type\":\"ListItem\",\"position\":1,\"name\":\"Portada\",\"item\":\"https:\/\/futbolhoy.co\/\"},{\"@type\":\"ListItem\",\"position\":2,\"name\":\"Caicedo sigue en duda\"}]},{\"@type\":\"WebSite\",\"@id\":\"https:\/\/futbolhoy.co\/#website\",\"url\":\"https:\/\/futbolhoy.co\/\",\"name\":\"FutbolHoy\",\"description\":\"\",\"publisher\":{\"@id\":\"https:\/\/futbolhoy.co\/#organization\"},\"potentialAction\":[{\"@type\":\"SearchAction\",\"target\":{\"@type\":\"EntryPoint\",\"urlTemplate\":\"https:\/\/futbolhoy.co\/?s={search_term_string}\"},\"query-input\":{\"@type\":\"PropertyValueSpecification\",\"valueRequired\":true,\"valueName\":\"search_term_string\"}}],\"inLanguage\":\"es\"},{\"@type\":\"Organization\",\"@id\":\"https:\/\/futbolhoy.co\/#organization\",\"name\":\"Futbolhoy.co\",\"url\":\"https:\/\/futbolhoy.co\/\",\"logo\":{\"@type\":\"ImageObject\",\"inLanguage\":\"es\",\"@id\":\"https:\/\/futbolhoy.co\/#\/schema\/logo\/image\/\",\"url\":\"https:\/\/futbolhoy.co\/wp-content\/uploads\/2018\/08\/17426380_1906371736249227_6326180412931521141_n.jpg\",\"contentUrl\":\"https:\/\/futbolhoy.co\/wp-content\/uploads\/2018\/08\/17426380_1906371736249227_6326180412931521141_n.jpg\",\"width\":960,\"height\":960,\"caption\":\"Futbolhoy.co\"},\"image\":{\"@id\":\"https:\/\/futbolhoy.co\/#\/schema\/logo\/image\/\"},\"sameAs\":[\"https:\/\/www.facebook.com\/FutbolHoyCol\/\",\"https:\/\/x.com\/FutbolHoyCol\",\"https:\/\/www.instagram.com\/futbolhoycol\/\"]},{\"@type\":\"Person\",\"@id\":\"https:\/\/futbolhoy.co\/#\/schema\/person\/c4a353a512b127643723a34bb1812f7d\",\"name\":\"Laura Hern\u00e1ndez\",\"image\":{\"@type\":\"ImageObject\",\"inLanguage\":\"es\",\"@id\":\"https:\/\/futbolhoy.co\/#\/schema\/person\/image\/\",\"url\":\"https:\/\/secure.gravatar.com\/avatar\/d25959a15b9b293a743f99181c7cfd01?s=96&d=mm&r=g\",\"contentUrl\":\"https:\/\/secure.gravatar.com\/avatar\/d25959a15b9b293a743f99181c7cfd01?s=96&d=mm&r=g\",\"caption\":\"Laura Hern\u00e1ndez\"}}]}<\/script>\n<!-- \/ Yoast SEO plugin. -->","yoast_head_json":{"title":"Caicedo sigue en duda -","robots":{"index":"index","follow":"follow","max-snippet":"max-snippet:-1","max-image-preview":"max-image-preview:large","max-video-preview":"max-video-preview:-1"},"canonical":"https:\/\/futbolhoy.co\/index.php\/2021\/12\/21\/caicedo-sigue-en-duda\/","og_locale":"es_ES","og_type":"article","og_title":"Caicedo sigue en duda -","og_description":"(Juan Fernando Caicedo, delantero del Tolima, en di\u00e1logo con El Alargue de Caracol Radio) La presencia de Juan Fernando Caicedo en la formaci\u00f3n del Deportes Tolima, para la final de la Liga BetPlay Dimayor 2021-II ante Deportivo Cali, sigue en duda debido a una contractura muscular. \u00a0\u201cSiempre el chance est\u00e1, est\u00e1 la posibilidad, nos vamos [&hellip;]","og_url":"https:\/\/futbolhoy.co\/index.php\/2021\/12\/21\/caicedo-sigue-en-duda\/","article_publisher":"https:\/\/www.facebook.com\/FutbolHoyCol\/","article_published_time":"2021-12-21T14:15:47+00:00","article_modified_time":"2021-12-21T21:59:16+00:00","og_image":[{"width":2400,"height":1474,"url":"https:\/\/futbolhoy.co\/wp-content\/uploads\/2021\/12\/ogbYOv_A.jpeg","type":"image\/jpeg"}],"author":"Laura Hern\u00e1ndez","twitter_card":"summary_large_image","twitter_creator":"@FutbolHoyCol","twitter_site":"@FutbolHoyCol","twitter_misc":{"Escrito por":"Laura Hern\u00e1ndez","Tiempo de lectura":"2 minutos"},"schema":{"@context":"https:\/\/schema.org","@graph":[{"@type":"Article","@id":"https:\/\/futbolhoy.co\/index.php\/2021\/12\/21\/caicedo-sigue-en-duda\/#article","isPartOf":{"@id":"https:\/\/futbolhoy.co\/index.php\/2021\/12\/21\/caicedo-sigue-en-duda\/"},"author":{"name":"Laura Hern\u00e1ndez","@id":"https:\/\/futbolhoy.co\/#\/schema\/person\/c4a353a512b127643723a34bb1812f7d"},"headline":"Caicedo sigue en duda","datePublished":"2021-12-21T14:15:47+00:00","dateModified":"2021-12-21T21:59:16+00:00","mainEntityOfPage":{"@id":"https:\/\/futbolhoy.co\/index.php\/2021\/12\/21\/caicedo-sigue-en-duda\/"},"wordCount":295,"commentCount":0,"publisher":{"@id":"https:\/\/futbolhoy.co\/#organization"},"image":{"@id":"https:\/\/futbolhoy.co\/index.php\/2021\/12\/21\/caicedo-sigue-en-duda\/#primaryimage"},"thumbnailUrl":"https:\/\/futbolhoy.co\/wp-content\/uploads\/2021\/12\/ogbYOv_A.jpeg","keywords":["Deportes Tolima","Juan Fernando Caicedo"],"articleSection":["Liga BetPlay"],"inLanguage":"es","potentialAction":[{"@type":"CommentAction","name":"Comment","target":["https:\/\/futbolhoy.co\/index.php\/2021\/12\/21\/caicedo-sigue-en-duda\/#respond"]}]},{"@type":"WebPage","@id":"https:\/\/futbolhoy.co\/index.php\/2021\/12\/21\/caicedo-sigue-en-duda\/","url":"https:\/\/futbolhoy.co\/index.php\/2021\/12\/21\/caicedo-sigue-en-duda\/","name":"Caicedo sigue en duda -","isPartOf":{"@id":"https:\/\/futbolhoy.co\/#website"},"primaryImageOfPage":{"@id":"https:\/\/futbolhoy.co\/index.php\/2021\/12\/21\/caicedo-sigue-en-duda\/#primaryimage"},"image":{"@id":"https:\/\/futbolhoy.co\/index.php\/2021\/12\/21\/caicedo-sigue-en-duda\/#primaryimage"},"thumbnailUrl":"https:\/\/futbolhoy.co\/wp-content\/uploads\/2021\/12\/ogbYOv_A.jpeg","datePublished":"2021-12-21T14:15:47+00:00","dateModified":"2021-12-21T21:59:16+00:00","breadcrumb":{"@id":"https:\/\/futbolhoy.co\/index.php\/2021\/12\/21\/caicedo-sigue-en-duda\/#breadcrumb"},"inLanguage":"es","potentialAction":[{"@type":"ReadAction","target":["https:\/\/futbolhoy.co\/index.php\/2021\/12\/21\/caicedo-sigue-en-duda\/"]}]},{"@type":"ImageObject","inLanguage":"es","@id":"https:\/\/futbolhoy.co\/index.php\/2021\/12\/21\/caicedo-sigue-en-duda\/#primaryimage","url":"https:\/\/futbolhoy.co\/wp-content\/uploads\/2021\/12\/ogbYOv_A.jpeg","contentUrl":"https:\/\/futbolhoy.co\/wp-content\/uploads\/2021\/12\/ogbYOv_A.jpeg","width":2400,"height":1474},{"@type":"BreadcrumbList","@id":"https:\/\/futbolhoy.co\/index.php\/2021\/12\/21\/caicedo-sigue-en-duda\/#breadcrumb","itemListElement":[{"@type":"ListItem","position":1,"name":"Portada","item":"https:\/\/futbolhoy.co\/"},{"@type":"ListItem","position":2,"name":"Caicedo sigue en duda"}]},{"@type":"WebSite","@id":"https:\/\/futbolhoy.co\/#website","url":"https:\/\/futbolhoy.co\/","name":"FutbolHoy","description":"","publisher":{"@id":"https:\/\/futbolhoy.co\/#organization"},"potentialAction":[{"@type":"SearchAction","target":{"@type":"EntryPoint","urlTemplate":"https:\/\/futbolhoy.co\/?s={search_term_string}"},"query-input":{"@type":"PropertyValueSpecification","valueRequired":true,"valueName":"search_term_string"}}],"inLanguage":"es"},{"@type":"Organization","@id":"https:\/\/futbolhoy.co\/#organization","name":"Futbolhoy.co","url":"https:\/\/futbolhoy.co\/","logo":{"@type":"ImageObject","inLanguage":"es","@id":"https:\/\/futbolhoy.co\/#\/schema\/logo\/image\/","url":"https:\/\/futbolhoy.co\/wp-content\/uploads\/2018\/08\/17426380_1906371736249227_6326180412931521141_n.jpg","contentUrl":"https:\/\/futbolhoy.co\/wp-content\/uploads\/2018\/08\/17426380_1906371736249227_6326180412931521141_n.jpg","width":960,"height":960,"caption":"Futbolhoy.co"},"image":{"@id":"https:\/\/futbolhoy.co\/#\/schema\/logo\/image\/"},"sameAs":["https:\/\/www.facebook.com\/FutbolHoyCol\/","https:\/\/x.com\/FutbolHoyCol","https:\/\/www.instagram.com\/futbolhoycol\/"]},{"@type":"Person","@id":"https:\/\/futbolhoy.co\/#\/schema\/person\/c4a353a512b127643723a34bb1812f7d","name":"Laura Hern\u00e1ndez","image":{"@type":"ImageObject","inLanguage":"es","@id":"https:\/\/futbolhoy.co\/#\/schema\/person\/image\/","url":"https:\/\/secure.gravatar.com\/avatar\/d25959a15b9b293a743f99181c7cfd01?s=96&d=mm&r=g","contentUrl":"https:\/\/secure.gravatar.com\/avatar\/d25959a15b9b293a743f99181c7cfd01?s=96&d=mm&r=g","caption":"Laura Hern\u00e1ndez"}}]}},"publishpress_future_action":{"enabled":false,"date":"2026-05-03 21:23:01","action":"change-status","newStatus":"draft","terms":[],"taxonomy":"category","extraData":[]},"publishpress_future_workflow_manual_trigger":{"enabledWorkflows":[]},"_links":{"self":[{"href":"https:\/\/futbolhoy.co\/index.php\/wp-json\/wp\/v2\/posts\/73716","targetHints":{"allow":["GET"]}}],"collection":[{"href":"https:\/\/futbolhoy.co\/index.php\/wp-json\/wp\/v2\/posts"}],"about":[{"href":"https:\/\/futbolhoy.co\/index.php\/wp-json\/wp\/v2\/types\/post"}],"author":[{"embeddable":true,"href":"https:\/\/futbolhoy.co\/index.php\/wp-json\/wp\/v2\/users\/5"}],"replies":[{"embeddable":true,"href":"https:\/\/futbolhoy.co\/index.php\/wp-json\/wp\/v2\/comments?post=73716"}],"version-history":[{"count":1,"href":"https:\/\/futbolhoy.co\/index.php\/wp-json\/wp\/v2\/posts\/73716\/revisions"}],"predecessor-version":[{"id":73719,"href":"https:\/\/futbolhoy.co\/index.php\/wp-json\/wp\/v2\/posts\/73716\/revisions\/73719"}],"wp:featuredmedia":[{"embeddable":true,"href":"https:\/\/futbolhoy.co\/index.php\/wp-json\/wp\/v2\/media\/73718"}],"wp:attachment":[{"href":"https:\/\/futbolhoy.co\/index.php\/wp-json\/wp\/v2\/media?parent=73716"}],"wp:term":[{"taxonomy":"category","embeddable":true,"href":"https:\/\/futbolhoy.co\/index.php\/wp-json\/wp\/v2\/categories?post=73716"},{"taxonomy":"post_tag","embeddable":true,"href":"https:\/\/futbolhoy.co\/index.php\/wp-json\/wp\/v2\/tags?post=73716"}],"curies":[{"name":"wp","href":"https:\/\/api.w.org\/{rel}","templated":true}]}}