{"id":73722,"date":"2021-12-21T09:53:15","date_gmt":"2021-12-21T14:53:15","guid":{"rendered":"https:\/\/futbolhoy.co\/?p=73722"},"modified":"2021-12-21T18:42:23","modified_gmt":"2021-12-21T23:42:23","slug":"un-quindiano-dirigira-la-final","status":"publish","type":"post","link":"https:\/\/futbolhoy.co\/index.php\/2021\/12\/21\/un-quindiano-dirigira-la-final\/","title":{"rendered":"Un quindiano dirigir\u00e1 la final"},"content":{"rendered":"<p style=\"text-align: justify;\"><span style=\"font-family: helvetica, arial, sans-serif;\">El juez cafetero <strong>Alexander Ospina<\/strong> fue designado por la<strong> Comisi\u00f3n Arbitral de la Federaci\u00f3n Colombiana de F\u00fatbol<\/strong> para dirigir el partido por la gran final de la <strong>Liga BetPlay Dimayor 2021-II<\/strong>, que disputar\u00e1n este mi\u00e9rcoles <strong>Deportes Tolima<\/strong> y <strong>Deportivo Cali<\/strong> en <strong>Ibagu\u00e9.<\/strong><\/span><\/p>\n<p style=\"text-align: justify;\"><span style=\"font-family: helvetica, arial, sans-serif;\">Ospina dirigi\u00f3 la vuelta por la final de la Copa Colombia 2020, disputada a principio de este a\u00f1o entre <strong>Medell\u00edn<\/strong> y <strong>Tolima,<\/strong> donde venci\u00f3 el equipo antioque\u00f1o.<\/span><\/p>\n<p style=\"text-align: justify;\"><span style=\"font-family: helvetica, arial, sans-serif;\">En 2019 estuvo al frente del juego de ida por la final entre <strong>Junior<\/strong> y <strong>Deportivo Pasto.<\/strong><\/span><\/p>\n<p style=\"text-align: justify;\"><span style=\"font-family: helvetica, arial, sans-serif;\">Adem\u00e1s, pit\u00f3 el partido <strong>Llaneros<\/strong> frente a <strong>Uni\u00f3n Magdalena<\/strong> por la final del T<strong>orneo BetPlay Dimayor-2021<\/strong> en <strong>Villavicencio,<\/strong> que termin\u00f3 en esc\u00e1ndalo por el supuesto ama\u00f1o del equipo local para el ascenso de los samarios.<\/span><\/p>\n<p style=\"text-align: justify;\"><span style=\"font-family: helvetica, arial, sans-serif;\"><strong>Dionisio Ruiz<\/strong>, de <strong>C\u00f3rdoba,<\/strong> y <strong>Juan Vaca,<\/strong> de <strong>Bogot\u00e1,<\/strong> ser\u00e1n sus asistentes en el terreno de juego. El antioque\u00f1o <strong>Jhon Perdomo<\/strong> estar\u00e1 a cargo de <strong>VAR.<\/strong><\/span><\/p>\n","protected":false},"excerpt":{"rendered":"<p>El juez cafetero Alexander Ospina fue designado por la Comisi\u00f3n Arbitral de la Federaci\u00f3n Colombiana de F\u00fatbol para dirigir el partido por la gran final de la Liga BetPlay Dimayor 2021-II, que disputar\u00e1n este mi\u00e9rcoles Deportes Tolima y Deportivo Cali en Ibagu\u00e9. Ospina dirigi\u00f3 la vuelta por la final de la Copa Colombia 2020, disputada [&hellip;]<\/p>\n","protected":false},"author":5,"featured_media":73723,"comment_status":"open","ping_status":"open","sticky":false,"template":"","format":"standard","meta":{"_acf_changed":false,"footnotes":""},"categories":[5,7],"tags":[2260,230,2255,231],"class_list":{"0":"post-73722","1":"post","2":"type-post","3":"status-publish","4":"format-standard","5":"has-post-thumbnail","7":"category-destacados","8":"category-liga-betplay","9":"tag-alexander-ospina","10":"tag-cali","11":"tag-final-liga","12":"tag-tolima"},"acf":[],"yoast_head":"<!-- This site is optimized with the Yoast SEO plugin v26.8 - https:\/\/yoast.com\/product\/yoast-seo-wordpress\/ -->\n<title>Un quindiano dirigir\u00e1 la final -<\/title>\n<meta name=\"robots\" content=\"index, follow, max-snippet:-1, max-image-preview:large, max-video-preview:-1\" \/>\n<link rel=\"canonical\" href=\"https:\/\/futbolhoy.co\/index.php\/2021\/12\/21\/un-quindiano-dirigira-la-final\/\" \/>\n<meta property=\"og:locale\" content=\"es_ES\" \/>\n<meta property=\"og:type\" content=\"article\" \/>\n<meta property=\"og:title\" content=\"Un quindiano dirigir\u00e1 la final -\" \/>\n<meta property=\"og:description\" content=\"El juez cafetero Alexander Ospina fue designado por la Comisi\u00f3n Arbitral de la Federaci\u00f3n Colombiana de F\u00fatbol para dirigir el partido por la gran final de la Liga BetPlay Dimayor 2021-II, que disputar\u00e1n este mi\u00e9rcoles Deportes Tolima y Deportivo Cali en Ibagu\u00e9. Ospina dirigi\u00f3 la vuelta por la final de la Copa Colombia 2020, disputada [&hellip;]\" \/>\n<meta property=\"og:url\" content=\"https:\/\/futbolhoy.co\/index.php\/2021\/12\/21\/un-quindiano-dirigira-la-final\/\" \/>\n<meta property=\"article:publisher\" content=\"https:\/\/www.facebook.com\/FutbolHoyCol\/\" \/>\n<meta property=\"article:published_time\" content=\"2021-12-21T14:53:15+00:00\" \/>\n<meta property=\"article:modified_time\" content=\"2021-12-21T23:42:23+00:00\" \/>\n<meta property=\"og:image\" content=\"https:\/\/futbolhoy.co\/wp-content\/uploads\/2021\/12\/wH_bDKfc.jpeg\" \/>\n\t<meta property=\"og:image:width\" content=\"2400\" \/>\n\t<meta property=\"og:image:height\" content=\"1724\" \/>\n\t<meta property=\"og:image:type\" content=\"image\/jpeg\" \/>\n<meta name=\"author\" content=\"Laura Hern\u00e1ndez\" \/>\n<meta name=\"twitter:card\" content=\"summary_large_image\" \/>\n<meta name=\"twitter:creator\" content=\"@FutbolHoyCol\" \/>\n<meta name=\"twitter:site\" content=\"@FutbolHoyCol\" \/>\n<meta name=\"twitter:label1\" content=\"Escrito por\" \/>\n\t<meta name=\"twitter:data1\" content=\"Laura Hern\u00e1ndez\" \/>\n\t<meta name=\"twitter:label2\" content=\"Tiempo de lectura\" \/>\n\t<meta name=\"twitter:data2\" content=\"1 minuto\" \/>\n<script type=\"application\/ld+json\" class=\"yoast-schema-graph\">{\"@context\":\"https:\/\/schema.org\",\"@graph\":[{\"@type\":\"Article\",\"@id\":\"https:\/\/futbolhoy.co\/index.php\/2021\/12\/21\/un-quindiano-dirigira-la-final\/#article\",\"isPartOf\":{\"@id\":\"https:\/\/futbolhoy.co\/index.php\/2021\/12\/21\/un-quindiano-dirigira-la-final\/\"},\"author\":{\"name\":\"Laura Hern\u00e1ndez\",\"@id\":\"https:\/\/futbolhoy.co\/#\/schema\/person\/c4a353a512b127643723a34bb1812f7d\"},\"headline\":\"Un quindiano dirigir\u00e1 la final\",\"datePublished\":\"2021-12-21T14:53:15+00:00\",\"dateModified\":\"2021-12-21T23:42:23+00:00\",\"mainEntityOfPage\":{\"@id\":\"https:\/\/futbolhoy.co\/index.php\/2021\/12\/21\/un-quindiano-dirigira-la-final\/\"},\"wordCount\":165,\"commentCount\":0,\"publisher\":{\"@id\":\"https:\/\/futbolhoy.co\/#organization\"},\"image\":{\"@id\":\"https:\/\/futbolhoy.co\/index.php\/2021\/12\/21\/un-quindiano-dirigira-la-final\/#primaryimage\"},\"thumbnailUrl\":\"https:\/\/futbolhoy.co\/wp-content\/uploads\/2021\/12\/wH_bDKfc.jpeg\",\"keywords\":[\"Alexander Ospina\",\"Cali\",\"final liga\",\"Tolima\"],\"articleSection\":[\"Destacados\",\"Liga BetPlay\"],\"inLanguage\":\"es\",\"potentialAction\":[{\"@type\":\"CommentAction\",\"name\":\"Comment\",\"target\":[\"https:\/\/futbolhoy.co\/index.php\/2021\/12\/21\/un-quindiano-dirigira-la-final\/#respond\"]}]},{\"@type\":\"WebPage\",\"@id\":\"https:\/\/futbolhoy.co\/index.php\/2021\/12\/21\/un-quindiano-dirigira-la-final\/\",\"url\":\"https:\/\/futbolhoy.co\/index.php\/2021\/12\/21\/un-quindiano-dirigira-la-final\/\",\"name\":\"Un quindiano dirigir\u00e1 la final -\",\"isPartOf\":{\"@id\":\"https:\/\/futbolhoy.co\/#website\"},\"primaryImageOfPage\":{\"@id\":\"https:\/\/futbolhoy.co\/index.php\/2021\/12\/21\/un-quindiano-dirigira-la-final\/#primaryimage\"},\"image\":{\"@id\":\"https:\/\/futbolhoy.co\/index.php\/2021\/12\/21\/un-quindiano-dirigira-la-final\/#primaryimage\"},\"thumbnailUrl\":\"https:\/\/futbolhoy.co\/wp-content\/uploads\/2021\/12\/wH_bDKfc.jpeg\",\"datePublished\":\"2021-12-21T14:53:15+00:00\",\"dateModified\":\"2021-12-21T23:42:23+00:00\",\"breadcrumb\":{\"@id\":\"https:\/\/futbolhoy.co\/index.php\/2021\/12\/21\/un-quindiano-dirigira-la-final\/#breadcrumb\"},\"inLanguage\":\"es\",\"potentialAction\":[{\"@type\":\"ReadAction\",\"target\":[\"https:\/\/futbolhoy.co\/index.php\/2021\/12\/21\/un-quindiano-dirigira-la-final\/\"]}]},{\"@type\":\"ImageObject\",\"inLanguage\":\"es\",\"@id\":\"https:\/\/futbolhoy.co\/index.php\/2021\/12\/21\/un-quindiano-dirigira-la-final\/#primaryimage\",\"url\":\"https:\/\/futbolhoy.co\/wp-content\/uploads\/2021\/12\/wH_bDKfc.jpeg\",\"contentUrl\":\"https:\/\/futbolhoy.co\/wp-content\/uploads\/2021\/12\/wH_bDKfc.jpeg\",\"width\":2400,\"height\":1724},{\"@type\":\"BreadcrumbList\",\"@id\":\"https:\/\/futbolhoy.co\/index.php\/2021\/12\/21\/un-quindiano-dirigira-la-final\/#breadcrumb\",\"itemListElement\":[{\"@type\":\"ListItem\",\"position\":1,\"name\":\"Portada\",\"item\":\"https:\/\/futbolhoy.co\/\"},{\"@type\":\"ListItem\",\"position\":2,\"name\":\"Un quindiano dirigir\u00e1 la final\"}]},{\"@type\":\"WebSite\",\"@id\":\"https:\/\/futbolhoy.co\/#website\",\"url\":\"https:\/\/futbolhoy.co\/\",\"name\":\"FutbolHoy\",\"description\":\"\",\"publisher\":{\"@id\":\"https:\/\/futbolhoy.co\/#organization\"},\"potentialAction\":[{\"@type\":\"SearchAction\",\"target\":{\"@type\":\"EntryPoint\",\"urlTemplate\":\"https:\/\/futbolhoy.co\/?s={search_term_string}\"},\"query-input\":{\"@type\":\"PropertyValueSpecification\",\"valueRequired\":true,\"valueName\":\"search_term_string\"}}],\"inLanguage\":\"es\"},{\"@type\":\"Organization\",\"@id\":\"https:\/\/futbolhoy.co\/#organization\",\"name\":\"Futbolhoy.co\",\"url\":\"https:\/\/futbolhoy.co\/\",\"logo\":{\"@type\":\"ImageObject\",\"inLanguage\":\"es\",\"@id\":\"https:\/\/futbolhoy.co\/#\/schema\/logo\/image\/\",\"url\":\"https:\/\/futbolhoy.co\/wp-content\/uploads\/2018\/08\/17426380_1906371736249227_6326180412931521141_n.jpg\",\"contentUrl\":\"https:\/\/futbolhoy.co\/wp-content\/uploads\/2018\/08\/17426380_1906371736249227_6326180412931521141_n.jpg\",\"width\":960,\"height\":960,\"caption\":\"Futbolhoy.co\"},\"image\":{\"@id\":\"https:\/\/futbolhoy.co\/#\/schema\/logo\/image\/\"},\"sameAs\":[\"https:\/\/www.facebook.com\/FutbolHoyCol\/\",\"https:\/\/x.com\/FutbolHoyCol\",\"https:\/\/www.instagram.com\/futbolhoycol\/\"]},{\"@type\":\"Person\",\"@id\":\"https:\/\/futbolhoy.co\/#\/schema\/person\/c4a353a512b127643723a34bb1812f7d\",\"name\":\"Laura Hern\u00e1ndez\",\"image\":{\"@type\":\"ImageObject\",\"inLanguage\":\"es\",\"@id\":\"https:\/\/futbolhoy.co\/#\/schema\/person\/image\/\",\"url\":\"https:\/\/secure.gravatar.com\/avatar\/d25959a15b9b293a743f99181c7cfd01?s=96&d=mm&r=g\",\"contentUrl\":\"https:\/\/secure.gravatar.com\/avatar\/d25959a15b9b293a743f99181c7cfd01?s=96&d=mm&r=g\",\"caption\":\"Laura Hern\u00e1ndez\"}}]}<\/script>\n<!-- \/ Yoast SEO plugin. -->","yoast_head_json":{"title":"Un quindiano dirigir\u00e1 la final -","robots":{"index":"index","follow":"follow","max-snippet":"max-snippet:-1","max-image-preview":"max-image-preview:large","max-video-preview":"max-video-preview:-1"},"canonical":"https:\/\/futbolhoy.co\/index.php\/2021\/12\/21\/un-quindiano-dirigira-la-final\/","og_locale":"es_ES","og_type":"article","og_title":"Un quindiano dirigir\u00e1 la final -","og_description":"El juez cafetero Alexander Ospina fue designado por la Comisi\u00f3n Arbitral de la Federaci\u00f3n Colombiana de F\u00fatbol para dirigir el partido por la gran final de la Liga BetPlay Dimayor 2021-II, que disputar\u00e1n este mi\u00e9rcoles Deportes Tolima y Deportivo Cali en Ibagu\u00e9. Ospina dirigi\u00f3 la vuelta por la final de la Copa Colombia 2020, disputada [&hellip;]","og_url":"https:\/\/futbolhoy.co\/index.php\/2021\/12\/21\/un-quindiano-dirigira-la-final\/","article_publisher":"https:\/\/www.facebook.com\/FutbolHoyCol\/","article_published_time":"2021-12-21T14:53:15+00:00","article_modified_time":"2021-12-21T23:42:23+00:00","og_image":[{"width":2400,"height":1724,"url":"https:\/\/futbolhoy.co\/wp-content\/uploads\/2021\/12\/wH_bDKfc.jpeg","type":"image\/jpeg"}],"author":"Laura Hern\u00e1ndez","twitter_card":"summary_large_image","twitter_creator":"@FutbolHoyCol","twitter_site":"@FutbolHoyCol","twitter_misc":{"Escrito por":"Laura Hern\u00e1ndez","Tiempo de lectura":"1 minuto"},"schema":{"@context":"https:\/\/schema.org","@graph":[{"@type":"Article","@id":"https:\/\/futbolhoy.co\/index.php\/2021\/12\/21\/un-quindiano-dirigira-la-final\/#article","isPartOf":{"@id":"https:\/\/futbolhoy.co\/index.php\/2021\/12\/21\/un-quindiano-dirigira-la-final\/"},"author":{"name":"Laura Hern\u00e1ndez","@id":"https:\/\/futbolhoy.co\/#\/schema\/person\/c4a353a512b127643723a34bb1812f7d"},"headline":"Un quindiano dirigir\u00e1 la final","datePublished":"2021-12-21T14:53:15+00:00","dateModified":"2021-12-21T23:42:23+00:00","mainEntityOfPage":{"@id":"https:\/\/futbolhoy.co\/index.php\/2021\/12\/21\/un-quindiano-dirigira-la-final\/"},"wordCount":165,"commentCount":0,"publisher":{"@id":"https:\/\/futbolhoy.co\/#organization"},"image":{"@id":"https:\/\/futbolhoy.co\/index.php\/2021\/12\/21\/un-quindiano-dirigira-la-final\/#primaryimage"},"thumbnailUrl":"https:\/\/futbolhoy.co\/wp-content\/uploads\/2021\/12\/wH_bDKfc.jpeg","keywords":["Alexander Ospina","Cali","final liga","Tolima"],"articleSection":["Destacados","Liga BetPlay"],"inLanguage":"es","potentialAction":[{"@type":"CommentAction","name":"Comment","target":["https:\/\/futbolhoy.co\/index.php\/2021\/12\/21\/un-quindiano-dirigira-la-final\/#respond"]}]},{"@type":"WebPage","@id":"https:\/\/futbolhoy.co\/index.php\/2021\/12\/21\/un-quindiano-dirigira-la-final\/","url":"https:\/\/futbolhoy.co\/index.php\/2021\/12\/21\/un-quindiano-dirigira-la-final\/","name":"Un quindiano dirigir\u00e1 la final -","isPartOf":{"@id":"https:\/\/futbolhoy.co\/#website"},"primaryImageOfPage":{"@id":"https:\/\/futbolhoy.co\/index.php\/2021\/12\/21\/un-quindiano-dirigira-la-final\/#primaryimage"},"image":{"@id":"https:\/\/futbolhoy.co\/index.php\/2021\/12\/21\/un-quindiano-dirigira-la-final\/#primaryimage"},"thumbnailUrl":"https:\/\/futbolhoy.co\/wp-content\/uploads\/2021\/12\/wH_bDKfc.jpeg","datePublished":"2021-12-21T14:53:15+00:00","dateModified":"2021-12-21T23:42:23+00:00","breadcrumb":{"@id":"https:\/\/futbolhoy.co\/index.php\/2021\/12\/21\/un-quindiano-dirigira-la-final\/#breadcrumb"},"inLanguage":"es","potentialAction":[{"@type":"ReadAction","target":["https:\/\/futbolhoy.co\/index.php\/2021\/12\/21\/un-quindiano-dirigira-la-final\/"]}]},{"@type":"ImageObject","inLanguage":"es","@id":"https:\/\/futbolhoy.co\/index.php\/2021\/12\/21\/un-quindiano-dirigira-la-final\/#primaryimage","url":"https:\/\/futbolhoy.co\/wp-content\/uploads\/2021\/12\/wH_bDKfc.jpeg","contentUrl":"https:\/\/futbolhoy.co\/wp-content\/uploads\/2021\/12\/wH_bDKfc.jpeg","width":2400,"height":1724},{"@type":"BreadcrumbList","@id":"https:\/\/futbolhoy.co\/index.php\/2021\/12\/21\/un-quindiano-dirigira-la-final\/#breadcrumb","itemListElement":[{"@type":"ListItem","position":1,"name":"Portada","item":"https:\/\/futbolhoy.co\/"},{"@type":"ListItem","position":2,"name":"Un quindiano dirigir\u00e1 la final"}]},{"@type":"WebSite","@id":"https:\/\/futbolhoy.co\/#website","url":"https:\/\/futbolhoy.co\/","name":"FutbolHoy","description":"","publisher":{"@id":"https:\/\/futbolhoy.co\/#organization"},"potentialAction":[{"@type":"SearchAction","target":{"@type":"EntryPoint","urlTemplate":"https:\/\/futbolhoy.co\/?s={search_term_string}"},"query-input":{"@type":"PropertyValueSpecification","valueRequired":true,"valueName":"search_term_string"}}],"inLanguage":"es"},{"@type":"Organization","@id":"https:\/\/futbolhoy.co\/#organization","name":"Futbolhoy.co","url":"https:\/\/futbolhoy.co\/","logo":{"@type":"ImageObject","inLanguage":"es","@id":"https:\/\/futbolhoy.co\/#\/schema\/logo\/image\/","url":"https:\/\/futbolhoy.co\/wp-content\/uploads\/2018\/08\/17426380_1906371736249227_6326180412931521141_n.jpg","contentUrl":"https:\/\/futbolhoy.co\/wp-content\/uploads\/2018\/08\/17426380_1906371736249227_6326180412931521141_n.jpg","width":960,"height":960,"caption":"Futbolhoy.co"},"image":{"@id":"https:\/\/futbolhoy.co\/#\/schema\/logo\/image\/"},"sameAs":["https:\/\/www.facebook.com\/FutbolHoyCol\/","https:\/\/x.com\/FutbolHoyCol","https:\/\/www.instagram.com\/futbolhoycol\/"]},{"@type":"Person","@id":"https:\/\/futbolhoy.co\/#\/schema\/person\/c4a353a512b127643723a34bb1812f7d","name":"Laura Hern\u00e1ndez","image":{"@type":"ImageObject","inLanguage":"es","@id":"https:\/\/futbolhoy.co\/#\/schema\/person\/image\/","url":"https:\/\/secure.gravatar.com\/avatar\/d25959a15b9b293a743f99181c7cfd01?s=96&d=mm&r=g","contentUrl":"https:\/\/secure.gravatar.com\/avatar\/d25959a15b9b293a743f99181c7cfd01?s=96&d=mm&r=g","caption":"Laura Hern\u00e1ndez"}}]}},"publishpress_future_action":{"enabled":false,"date":"2026-05-04 00:18:58","action":"change-status","newStatus":"draft","terms":[],"taxonomy":"category","extraData":[]},"publishpress_future_workflow_manual_trigger":{"enabledWorkflows":[]},"_links":{"self":[{"href":"https:\/\/futbolhoy.co\/index.php\/wp-json\/wp\/v2\/posts\/73722","targetHints":{"allow":["GET"]}}],"collection":[{"href":"https:\/\/futbolhoy.co\/index.php\/wp-json\/wp\/v2\/posts"}],"about":[{"href":"https:\/\/futbolhoy.co\/index.php\/wp-json\/wp\/v2\/types\/post"}],"author":[{"embeddable":true,"href":"https:\/\/futbolhoy.co\/index.php\/wp-json\/wp\/v2\/users\/5"}],"replies":[{"embeddable":true,"href":"https:\/\/futbolhoy.co\/index.php\/wp-json\/wp\/v2\/comments?post=73722"}],"version-history":[{"count":2,"href":"https:\/\/futbolhoy.co\/index.php\/wp-json\/wp\/v2\/posts\/73722\/revisions"}],"predecessor-version":[{"id":73725,"href":"https:\/\/futbolhoy.co\/index.php\/wp-json\/wp\/v2\/posts\/73722\/revisions\/73725"}],"wp:featuredmedia":[{"embeddable":true,"href":"https:\/\/futbolhoy.co\/index.php\/wp-json\/wp\/v2\/media\/73723"}],"wp:attachment":[{"href":"https:\/\/futbolhoy.co\/index.php\/wp-json\/wp\/v2\/media?parent=73722"}],"wp:term":[{"taxonomy":"category","embeddable":true,"href":"https:\/\/futbolhoy.co\/index.php\/wp-json\/wp\/v2\/categories?post=73722"},{"taxonomy":"post_tag","embeddable":true,"href":"https:\/\/futbolhoy.co\/index.php\/wp-json\/wp\/v2\/tags?post=73722"}],"curies":[{"name":"wp","href":"https:\/\/api.w.org\/{rel}","templated":true}]}}