{"id":73728,"date":"2021-12-21T12:57:58","date_gmt":"2021-12-21T17:57:58","guid":{"rendered":"https:\/\/futbolhoy.co\/?p=73728"},"modified":"2021-12-21T20:25:31","modified_gmt":"2021-12-22T01:25:31","slug":"conmebol-confirmo-horarios-de-eliminatorias","status":"publish","type":"post","link":"https:\/\/futbolhoy.co\/index.php\/2021\/12\/21\/conmebol-confirmo-horarios-de-eliminatorias\/","title":{"rendered":"Conmebol confirm\u00f3 horarios de eliminatorias"},"content":{"rendered":"<p style=\"text-align: justify;\"><span style=\"font-family: helvetica, arial, sans-serif;\">La <strong>Conmebol<\/strong> confirm\u00f3 los horarios y fechas para las fechas 15 y 16 de e<strong>liminatorias al Mundial Qatar 2022.<\/strong><\/span><\/p>\n<p style=\"text-align: justify;\"><span style=\"font-family: helvetica, arial, sans-serif;\">En la primera jornada, <strong>Colombia<\/strong> recibir\u00e1 a <strong>Per\u00fa<\/strong> en el estadio <strong>Metropolitano<\/strong> de <strong>Barranquilla,<\/strong> el pr\u00f3ximo 28 de enero desde las 4 de la tarde.<\/span><\/p>\n<p style=\"text-align: justify;\"><span style=\"font-family: helvetica, arial, sans-serif;\">En la segunda, el equipo que dirige <strong>Reinaldo Rueda,<\/strong> visitar\u00e1 a <strong>Argentina<\/strong> el 1 de febrero a partir de las 6.30pm.<\/span><\/p>\n<p style=\"text-align: justify;\"><span style=\"font-family: helvetica, arial, sans-serif;\">Colombia ocupa la cuarta posici\u00f3n de eliminatorias con 17 puntos, tabla que lidera <strong>Brasil<\/strong> con 35.<\/span><\/p>\n<p style=\"text-align: justify;\"><span style=\"font-family: helvetica, arial, sans-serif;\">Argentina figura segunda con 29 y Per\u00fa es quinta con 17 unidades, con peor diferencia de gol frente a Colombia.<\/span><\/p>\n<blockquote class=\"twitter-tweet\">\n<p dir=\"ltr\" lang=\"es\">\ud83d\udd1c \u00a1En 2022 hay m\u00e1s de las mejores Eliminatorias del mundo! \ud83d\ude4c<\/p>\n<p>\ud83d\uddd3 D\u00edas y horarios confirmados para las jornadas 15 y 16<a href=\"https:\/\/twitter.com\/hashtag\/EliminatoriasSudamericanas?src=hash&amp;ref_src=twsrc%5Etfw\">#EliminatoriasSudamericanas<\/a> <a href=\"https:\/\/t.co\/yBKljToVIs\">pic.twitter.com\/yBKljToVIs<\/a><\/p>\n<p>\u2014 CONMEBOL.com (@CONMEBOL) <a href=\"https:\/\/twitter.com\/CONMEBOL\/status\/1473329069936853007?ref_src=twsrc%5Etfw\">December 21, 2021<\/a><\/p><\/blockquote>\n<p><script async src=\"https:\/\/platform.twitter.com\/widgets.js\" charset=\"utf-8\"><\/script><\/p>\n","protected":false},"excerpt":{"rendered":"<p>La Conmebol confirm\u00f3 los horarios y fechas para las fechas 15 y 16 de eliminatorias al Mundial Qatar 2022. En la primera jornada, Colombia recibir\u00e1 a Per\u00fa en el estadio Metropolitano de Barranquilla, el pr\u00f3ximo 28 de enero desde las 4 de la tarde. En la segunda, el equipo que dirige Reinaldo Rueda, visitar\u00e1 a [&hellip;]<\/p>\n","protected":false},"author":5,"featured_media":65796,"comment_status":"open","ping_status":"open","sticky":false,"template":"","format":"standard","meta":{"_acf_changed":false,"footnotes":""},"categories":[418],"tags":[214,94],"class_list":{"0":"post-73728","1":"post","2":"type-post","3":"status-publish","4":"format-standard","5":"has-post-thumbnail","7":"category-colombia","8":"tag-colombia","9":"tag-eliminatorias"},"acf":[],"yoast_head":"<!-- This site is optimized with the Yoast SEO plugin v26.8 - https:\/\/yoast.com\/product\/yoast-seo-wordpress\/ -->\n<title>Conmebol confirm\u00f3 horarios de eliminatorias -<\/title>\n<meta name=\"robots\" content=\"index, follow, max-snippet:-1, max-image-preview:large, max-video-preview:-1\" \/>\n<link rel=\"canonical\" href=\"https:\/\/futbolhoy.co\/index.php\/2021\/12\/21\/conmebol-confirmo-horarios-de-eliminatorias\/\" \/>\n<meta property=\"og:locale\" content=\"es_ES\" \/>\n<meta property=\"og:type\" content=\"article\" \/>\n<meta property=\"og:title\" content=\"Conmebol confirm\u00f3 horarios de eliminatorias -\" \/>\n<meta property=\"og:description\" content=\"La Conmebol confirm\u00f3 los horarios y fechas para las fechas 15 y 16 de eliminatorias al Mundial Qatar 2022. En la primera jornada, Colombia recibir\u00e1 a Per\u00fa en el estadio Metropolitano de Barranquilla, el pr\u00f3ximo 28 de enero desde las 4 de la tarde. En la segunda, el equipo que dirige Reinaldo Rueda, visitar\u00e1 a [&hellip;]\" \/>\n<meta property=\"og:url\" content=\"https:\/\/futbolhoy.co\/index.php\/2021\/12\/21\/conmebol-confirmo-horarios-de-eliminatorias\/\" \/>\n<meta property=\"article:publisher\" content=\"https:\/\/www.facebook.com\/FutbolHoyCol\/\" \/>\n<meta property=\"article:published_time\" content=\"2021-12-21T17:57:58+00:00\" \/>\n<meta property=\"article:modified_time\" content=\"2021-12-22T01:25:31+00:00\" \/>\n<meta property=\"og:image\" content=\"https:\/\/futbolhoy.co\/wp-content\/uploads\/2021\/06\/ACTUAL.jpg\" \/>\n\t<meta property=\"og:image:width\" content=\"855\" \/>\n\t<meta property=\"og:image:height\" content=\"514\" \/>\n\t<meta property=\"og:image:type\" content=\"image\/jpeg\" \/>\n<meta name=\"author\" content=\"Laura Hern\u00e1ndez\" \/>\n<meta name=\"twitter:card\" content=\"summary_large_image\" \/>\n<meta name=\"twitter:creator\" content=\"@FutbolHoyCol\" \/>\n<meta name=\"twitter:site\" content=\"@FutbolHoyCol\" \/>\n<meta name=\"twitter:label1\" content=\"Escrito por\" \/>\n\t<meta name=\"twitter:data1\" content=\"Laura Hern\u00e1ndez\" \/>\n\t<meta name=\"twitter:label2\" content=\"Tiempo de lectura\" \/>\n\t<meta name=\"twitter:data2\" content=\"1 minuto\" \/>\n<script type=\"application\/ld+json\" class=\"yoast-schema-graph\">{\"@context\":\"https:\/\/schema.org\",\"@graph\":[{\"@type\":\"Article\",\"@id\":\"https:\/\/futbolhoy.co\/index.php\/2021\/12\/21\/conmebol-confirmo-horarios-de-eliminatorias\/#article\",\"isPartOf\":{\"@id\":\"https:\/\/futbolhoy.co\/index.php\/2021\/12\/21\/conmebol-confirmo-horarios-de-eliminatorias\/\"},\"author\":{\"name\":\"Laura Hern\u00e1ndez\",\"@id\":\"https:\/\/futbolhoy.co\/#\/schema\/person\/c4a353a512b127643723a34bb1812f7d\"},\"headline\":\"Conmebol confirm\u00f3 horarios de eliminatorias\",\"datePublished\":\"2021-12-21T17:57:58+00:00\",\"dateModified\":\"2021-12-22T01:25:31+00:00\",\"mainEntityOfPage\":{\"@id\":\"https:\/\/futbolhoy.co\/index.php\/2021\/12\/21\/conmebol-confirmo-horarios-de-eliminatorias\/\"},\"wordCount\":126,\"commentCount\":0,\"publisher\":{\"@id\":\"https:\/\/futbolhoy.co\/#organization\"},\"image\":{\"@id\":\"https:\/\/futbolhoy.co\/index.php\/2021\/12\/21\/conmebol-confirmo-horarios-de-eliminatorias\/#primaryimage\"},\"thumbnailUrl\":\"https:\/\/futbolhoy.co\/wp-content\/uploads\/2021\/06\/ACTUAL.jpg\",\"keywords\":[\"Colombia\",\"Eliminatorias\"],\"articleSection\":[\"Colombia\"],\"inLanguage\":\"es\",\"potentialAction\":[{\"@type\":\"CommentAction\",\"name\":\"Comment\",\"target\":[\"https:\/\/futbolhoy.co\/index.php\/2021\/12\/21\/conmebol-confirmo-horarios-de-eliminatorias\/#respond\"]}]},{\"@type\":\"WebPage\",\"@id\":\"https:\/\/futbolhoy.co\/index.php\/2021\/12\/21\/conmebol-confirmo-horarios-de-eliminatorias\/\",\"url\":\"https:\/\/futbolhoy.co\/index.php\/2021\/12\/21\/conmebol-confirmo-horarios-de-eliminatorias\/\",\"name\":\"Conmebol confirm\u00f3 horarios de eliminatorias -\",\"isPartOf\":{\"@id\":\"https:\/\/futbolhoy.co\/#website\"},\"primaryImageOfPage\":{\"@id\":\"https:\/\/futbolhoy.co\/index.php\/2021\/12\/21\/conmebol-confirmo-horarios-de-eliminatorias\/#primaryimage\"},\"image\":{\"@id\":\"https:\/\/futbolhoy.co\/index.php\/2021\/12\/21\/conmebol-confirmo-horarios-de-eliminatorias\/#primaryimage\"},\"thumbnailUrl\":\"https:\/\/futbolhoy.co\/wp-content\/uploads\/2021\/06\/ACTUAL.jpg\",\"datePublished\":\"2021-12-21T17:57:58+00:00\",\"dateModified\":\"2021-12-22T01:25:31+00:00\",\"breadcrumb\":{\"@id\":\"https:\/\/futbolhoy.co\/index.php\/2021\/12\/21\/conmebol-confirmo-horarios-de-eliminatorias\/#breadcrumb\"},\"inLanguage\":\"es\",\"potentialAction\":[{\"@type\":\"ReadAction\",\"target\":[\"https:\/\/futbolhoy.co\/index.php\/2021\/12\/21\/conmebol-confirmo-horarios-de-eliminatorias\/\"]}]},{\"@type\":\"ImageObject\",\"inLanguage\":\"es\",\"@id\":\"https:\/\/futbolhoy.co\/index.php\/2021\/12\/21\/conmebol-confirmo-horarios-de-eliminatorias\/#primaryimage\",\"url\":\"https:\/\/futbolhoy.co\/wp-content\/uploads\/2021\/06\/ACTUAL.jpg\",\"contentUrl\":\"https:\/\/futbolhoy.co\/wp-content\/uploads\/2021\/06\/ACTUAL.jpg\",\"width\":855,\"height\":514,\"caption\":\"Selecci\u00f3n Colombia 2021\"},{\"@type\":\"BreadcrumbList\",\"@id\":\"https:\/\/futbolhoy.co\/index.php\/2021\/12\/21\/conmebol-confirmo-horarios-de-eliminatorias\/#breadcrumb\",\"itemListElement\":[{\"@type\":\"ListItem\",\"position\":1,\"name\":\"Portada\",\"item\":\"https:\/\/futbolhoy.co\/\"},{\"@type\":\"ListItem\",\"position\":2,\"name\":\"Conmebol confirm\u00f3 horarios de eliminatorias\"}]},{\"@type\":\"WebSite\",\"@id\":\"https:\/\/futbolhoy.co\/#website\",\"url\":\"https:\/\/futbolhoy.co\/\",\"name\":\"FutbolHoy\",\"description\":\"\",\"publisher\":{\"@id\":\"https:\/\/futbolhoy.co\/#organization\"},\"potentialAction\":[{\"@type\":\"SearchAction\",\"target\":{\"@type\":\"EntryPoint\",\"urlTemplate\":\"https:\/\/futbolhoy.co\/?s={search_term_string}\"},\"query-input\":{\"@type\":\"PropertyValueSpecification\",\"valueRequired\":true,\"valueName\":\"search_term_string\"}}],\"inLanguage\":\"es\"},{\"@type\":\"Organization\",\"@id\":\"https:\/\/futbolhoy.co\/#organization\",\"name\":\"Futbolhoy.co\",\"url\":\"https:\/\/futbolhoy.co\/\",\"logo\":{\"@type\":\"ImageObject\",\"inLanguage\":\"es\",\"@id\":\"https:\/\/futbolhoy.co\/#\/schema\/logo\/image\/\",\"url\":\"https:\/\/futbolhoy.co\/wp-content\/uploads\/2018\/08\/17426380_1906371736249227_6326180412931521141_n.jpg\",\"contentUrl\":\"https:\/\/futbolhoy.co\/wp-content\/uploads\/2018\/08\/17426380_1906371736249227_6326180412931521141_n.jpg\",\"width\":960,\"height\":960,\"caption\":\"Futbolhoy.co\"},\"image\":{\"@id\":\"https:\/\/futbolhoy.co\/#\/schema\/logo\/image\/\"},\"sameAs\":[\"https:\/\/www.facebook.com\/FutbolHoyCol\/\",\"https:\/\/x.com\/FutbolHoyCol\",\"https:\/\/www.instagram.com\/futbolhoycol\/\"]},{\"@type\":\"Person\",\"@id\":\"https:\/\/futbolhoy.co\/#\/schema\/person\/c4a353a512b127643723a34bb1812f7d\",\"name\":\"Laura Hern\u00e1ndez\",\"image\":{\"@type\":\"ImageObject\",\"inLanguage\":\"es\",\"@id\":\"https:\/\/futbolhoy.co\/#\/schema\/person\/image\/\",\"url\":\"https:\/\/secure.gravatar.com\/avatar\/d25959a15b9b293a743f99181c7cfd01?s=96&d=mm&r=g\",\"contentUrl\":\"https:\/\/secure.gravatar.com\/avatar\/d25959a15b9b293a743f99181c7cfd01?s=96&d=mm&r=g\",\"caption\":\"Laura Hern\u00e1ndez\"}}]}<\/script>\n<!-- \/ Yoast SEO plugin. -->","yoast_head_json":{"title":"Conmebol confirm\u00f3 horarios de eliminatorias -","robots":{"index":"index","follow":"follow","max-snippet":"max-snippet:-1","max-image-preview":"max-image-preview:large","max-video-preview":"max-video-preview:-1"},"canonical":"https:\/\/futbolhoy.co\/index.php\/2021\/12\/21\/conmebol-confirmo-horarios-de-eliminatorias\/","og_locale":"es_ES","og_type":"article","og_title":"Conmebol confirm\u00f3 horarios de eliminatorias -","og_description":"La Conmebol confirm\u00f3 los horarios y fechas para las fechas 15 y 16 de eliminatorias al Mundial Qatar 2022. En la primera jornada, Colombia recibir\u00e1 a Per\u00fa en el estadio Metropolitano de Barranquilla, el pr\u00f3ximo 28 de enero desde las 4 de la tarde. En la segunda, el equipo que dirige Reinaldo Rueda, visitar\u00e1 a [&hellip;]","og_url":"https:\/\/futbolhoy.co\/index.php\/2021\/12\/21\/conmebol-confirmo-horarios-de-eliminatorias\/","article_publisher":"https:\/\/www.facebook.com\/FutbolHoyCol\/","article_published_time":"2021-12-21T17:57:58+00:00","article_modified_time":"2021-12-22T01:25:31+00:00","og_image":[{"width":855,"height":514,"url":"https:\/\/futbolhoy.co\/wp-content\/uploads\/2021\/06\/ACTUAL.jpg","type":"image\/jpeg"}],"author":"Laura Hern\u00e1ndez","twitter_card":"summary_large_image","twitter_creator":"@FutbolHoyCol","twitter_site":"@FutbolHoyCol","twitter_misc":{"Escrito por":"Laura Hern\u00e1ndez","Tiempo de lectura":"1 minuto"},"schema":{"@context":"https:\/\/schema.org","@graph":[{"@type":"Article","@id":"https:\/\/futbolhoy.co\/index.php\/2021\/12\/21\/conmebol-confirmo-horarios-de-eliminatorias\/#article","isPartOf":{"@id":"https:\/\/futbolhoy.co\/index.php\/2021\/12\/21\/conmebol-confirmo-horarios-de-eliminatorias\/"},"author":{"name":"Laura Hern\u00e1ndez","@id":"https:\/\/futbolhoy.co\/#\/schema\/person\/c4a353a512b127643723a34bb1812f7d"},"headline":"Conmebol confirm\u00f3 horarios de eliminatorias","datePublished":"2021-12-21T17:57:58+00:00","dateModified":"2021-12-22T01:25:31+00:00","mainEntityOfPage":{"@id":"https:\/\/futbolhoy.co\/index.php\/2021\/12\/21\/conmebol-confirmo-horarios-de-eliminatorias\/"},"wordCount":126,"commentCount":0,"publisher":{"@id":"https:\/\/futbolhoy.co\/#organization"},"image":{"@id":"https:\/\/futbolhoy.co\/index.php\/2021\/12\/21\/conmebol-confirmo-horarios-de-eliminatorias\/#primaryimage"},"thumbnailUrl":"https:\/\/futbolhoy.co\/wp-content\/uploads\/2021\/06\/ACTUAL.jpg","keywords":["Colombia","Eliminatorias"],"articleSection":["Colombia"],"inLanguage":"es","potentialAction":[{"@type":"CommentAction","name":"Comment","target":["https:\/\/futbolhoy.co\/index.php\/2021\/12\/21\/conmebol-confirmo-horarios-de-eliminatorias\/#respond"]}]},{"@type":"WebPage","@id":"https:\/\/futbolhoy.co\/index.php\/2021\/12\/21\/conmebol-confirmo-horarios-de-eliminatorias\/","url":"https:\/\/futbolhoy.co\/index.php\/2021\/12\/21\/conmebol-confirmo-horarios-de-eliminatorias\/","name":"Conmebol confirm\u00f3 horarios de eliminatorias -","isPartOf":{"@id":"https:\/\/futbolhoy.co\/#website"},"primaryImageOfPage":{"@id":"https:\/\/futbolhoy.co\/index.php\/2021\/12\/21\/conmebol-confirmo-horarios-de-eliminatorias\/#primaryimage"},"image":{"@id":"https:\/\/futbolhoy.co\/index.php\/2021\/12\/21\/conmebol-confirmo-horarios-de-eliminatorias\/#primaryimage"},"thumbnailUrl":"https:\/\/futbolhoy.co\/wp-content\/uploads\/2021\/06\/ACTUAL.jpg","datePublished":"2021-12-21T17:57:58+00:00","dateModified":"2021-12-22T01:25:31+00:00","breadcrumb":{"@id":"https:\/\/futbolhoy.co\/index.php\/2021\/12\/21\/conmebol-confirmo-horarios-de-eliminatorias\/#breadcrumb"},"inLanguage":"es","potentialAction":[{"@type":"ReadAction","target":["https:\/\/futbolhoy.co\/index.php\/2021\/12\/21\/conmebol-confirmo-horarios-de-eliminatorias\/"]}]},{"@type":"ImageObject","inLanguage":"es","@id":"https:\/\/futbolhoy.co\/index.php\/2021\/12\/21\/conmebol-confirmo-horarios-de-eliminatorias\/#primaryimage","url":"https:\/\/futbolhoy.co\/wp-content\/uploads\/2021\/06\/ACTUAL.jpg","contentUrl":"https:\/\/futbolhoy.co\/wp-content\/uploads\/2021\/06\/ACTUAL.jpg","width":855,"height":514,"caption":"Selecci\u00f3n Colombia 2021"},{"@type":"BreadcrumbList","@id":"https:\/\/futbolhoy.co\/index.php\/2021\/12\/21\/conmebol-confirmo-horarios-de-eliminatorias\/#breadcrumb","itemListElement":[{"@type":"ListItem","position":1,"name":"Portada","item":"https:\/\/futbolhoy.co\/"},{"@type":"ListItem","position":2,"name":"Conmebol confirm\u00f3 horarios de eliminatorias"}]},{"@type":"WebSite","@id":"https:\/\/futbolhoy.co\/#website","url":"https:\/\/futbolhoy.co\/","name":"FutbolHoy","description":"","publisher":{"@id":"https:\/\/futbolhoy.co\/#organization"},"potentialAction":[{"@type":"SearchAction","target":{"@type":"EntryPoint","urlTemplate":"https:\/\/futbolhoy.co\/?s={search_term_string}"},"query-input":{"@type":"PropertyValueSpecification","valueRequired":true,"valueName":"search_term_string"}}],"inLanguage":"es"},{"@type":"Organization","@id":"https:\/\/futbolhoy.co\/#organization","name":"Futbolhoy.co","url":"https:\/\/futbolhoy.co\/","logo":{"@type":"ImageObject","inLanguage":"es","@id":"https:\/\/futbolhoy.co\/#\/schema\/logo\/image\/","url":"https:\/\/futbolhoy.co\/wp-content\/uploads\/2018\/08\/17426380_1906371736249227_6326180412931521141_n.jpg","contentUrl":"https:\/\/futbolhoy.co\/wp-content\/uploads\/2018\/08\/17426380_1906371736249227_6326180412931521141_n.jpg","width":960,"height":960,"caption":"Futbolhoy.co"},"image":{"@id":"https:\/\/futbolhoy.co\/#\/schema\/logo\/image\/"},"sameAs":["https:\/\/www.facebook.com\/FutbolHoyCol\/","https:\/\/x.com\/FutbolHoyCol","https:\/\/www.instagram.com\/futbolhoycol\/"]},{"@type":"Person","@id":"https:\/\/futbolhoy.co\/#\/schema\/person\/c4a353a512b127643723a34bb1812f7d","name":"Laura Hern\u00e1ndez","image":{"@type":"ImageObject","inLanguage":"es","@id":"https:\/\/futbolhoy.co\/#\/schema\/person\/image\/","url":"https:\/\/secure.gravatar.com\/avatar\/d25959a15b9b293a743f99181c7cfd01?s=96&d=mm&r=g","contentUrl":"https:\/\/secure.gravatar.com\/avatar\/d25959a15b9b293a743f99181c7cfd01?s=96&d=mm&r=g","caption":"Laura Hern\u00e1ndez"}}]}},"publishpress_future_action":{"enabled":false,"date":"2026-05-04 00:18:48","action":"change-status","newStatus":"draft","terms":[],"taxonomy":"category","extraData":[]},"publishpress_future_workflow_manual_trigger":{"enabledWorkflows":[]},"_links":{"self":[{"href":"https:\/\/futbolhoy.co\/index.php\/wp-json\/wp\/v2\/posts\/73728","targetHints":{"allow":["GET"]}}],"collection":[{"href":"https:\/\/futbolhoy.co\/index.php\/wp-json\/wp\/v2\/posts"}],"about":[{"href":"https:\/\/futbolhoy.co\/index.php\/wp-json\/wp\/v2\/types\/post"}],"author":[{"embeddable":true,"href":"https:\/\/futbolhoy.co\/index.php\/wp-json\/wp\/v2\/users\/5"}],"replies":[{"embeddable":true,"href":"https:\/\/futbolhoy.co\/index.php\/wp-json\/wp\/v2\/comments?post=73728"}],"version-history":[{"count":2,"href":"https:\/\/futbolhoy.co\/index.php\/wp-json\/wp\/v2\/posts\/73728\/revisions"}],"predecessor-version":[{"id":73756,"href":"https:\/\/futbolhoy.co\/index.php\/wp-json\/wp\/v2\/posts\/73728\/revisions\/73756"}],"wp:featuredmedia":[{"embeddable":true,"href":"https:\/\/futbolhoy.co\/index.php\/wp-json\/wp\/v2\/media\/65796"}],"wp:attachment":[{"href":"https:\/\/futbolhoy.co\/index.php\/wp-json\/wp\/v2\/media?parent=73728"}],"wp:term":[{"taxonomy":"category","embeddable":true,"href":"https:\/\/futbolhoy.co\/index.php\/wp-json\/wp\/v2\/categories?post=73728"},{"taxonomy":"post_tag","embeddable":true,"href":"https:\/\/futbolhoy.co\/index.php\/wp-json\/wp\/v2\/tags?post=73728"}],"curies":[{"name":"wp","href":"https:\/\/api.w.org\/{rel}","templated":true}]}}