{"id":73766,"date":"2021-12-22T06:33:33","date_gmt":"2021-12-22T11:33:33","guid":{"rendered":"https:\/\/futbolhoy.co\/?p=73766"},"modified":"2021-12-22T21:47:19","modified_gmt":"2021-12-23T02:47:19","slug":"tolima-cali-el-pulso-final","status":"publish","type":"post","link":"https:\/\/futbolhoy.co\/index.php\/2021\/12\/22\/tolima-cali-el-pulso-final\/","title":{"rendered":"Tolima-Cali, el pulso final"},"content":{"rendered":"<p class=\"x_ydpded1d988MsoNormal\" style=\"text-align: justify;\"><span style=\"font-family: helvetica, arial, sans-serif;\"><strong>Deportes Tolima<\/strong> recibir\u00e1 este mi\u00e9rcoles al <strong>Deportivo Cali<\/strong>, en partido donde el local buscar\u00e1 el bicampeonato en la <strong>Liga BetPlay Dimayor 2021-II,<\/strong> mientras que el \u2018azucarero\u2019 intentar\u00e1 romper una sequ\u00eda de seis a\u00f1os y medio sin t\u00edtulos.<\/span><\/p>\n<p class=\"x_ydpded1d988MsoNormal\" style=\"text-align: justify;\"><span style=\"font-family: helvetica, arial, sans-serif;\">Tolima llega con la motivaci\u00f3n de un empate 1-1 en el juego de ida por la final, disputado el pasado domingo en el estadio de <strong>Palmaseca<\/strong>.<\/span><\/p>\n<p class=\"x_ydpded1d988MsoNormal\" style=\"text-align: justify;\"><span style=\"font-family: helvetica, arial, sans-serif;\">Los \u2018pijaos\u2019 tendr\u00e1n la sensible bajas de los centrales <strong>Sergio Mosquera<\/strong> y <strong>Anderson Angulo,<\/strong> lesionados en Cali.<\/span><\/p>\n<p class=\"x_ydpded1d988MsoNormal\" style=\"text-align: justify;\"><span style=\"font-family: helvetica, arial, sans-serif;\">Los atacantes <strong>Anderson Plata<\/strong> y <strong>Juan Fernando Caicedo<\/strong> ser\u00e1n evaluados, horas antes del crucial compromiso, para definir su actuaci\u00f3n.<\/span><\/p>\n<p class=\"x_ydpded1d988MsoNormal\" style=\"text-align: justify;\"><span style=\"font-family: helvetica, arial, sans-serif;\">Los de <strong>Ibagu\u00e9<\/strong> van por su cuarta corona en Liga, despu\u00e9s de haber ganado el segundo campeonato de 2003 y los Apertura de 2018 y 2021.<\/span><\/p>\n<p class=\"x_ydpded1d988MsoNormal\" style=\"text-align: justify;\"><span style=\"font-family: helvetica, arial, sans-serif;\">Entretanto, la visita tiene todo el plantel a su disposici\u00f3n y el barranquillero <strong>Te\u00f3filo Guti\u00e9rrez<\/strong> ser\u00e1 la principal carta para lograr el d\u00e9cimo t\u00edtulo.<\/span><\/p>\n<p class=\"x_ydpded1d988MsoNormal\" style=\"text-align: justify;\"><span style=\"font-family: helvetica, arial, sans-serif;\">Adem\u00e1s, cuenta en su n\u00f3mina con otras figuras como <strong>Harold Preciado<\/strong>, m\u00e1ximo goleador del torneo con 12 tantos; los centrales <strong>Jorge Marsiglia y Hern\u00e1n Menosse<\/strong>, que lideran la defensa, y el portero charr\u00faa <strong>Guillermo de Amores<\/strong>, que ha mostrado su mejor nivel en las \u00faltimas semanas.<\/span><\/p>\n<p class=\"x_ydpded1d988MsoNormal\" style=\"text-align: justify;\"><span style=\"font-family: helvetica, arial, sans-serif;\">Una victoria del Cali lo clasificar\u00e1 directamente a la fase de grupos de <strong>Copa Libertadores<\/strong>, en caso contrario jugar\u00e1 la fase previa y <strong>Millonarios<\/strong> ser\u00eda el equipo que jugar\u00eda la ronda principal del torneo sudamericano.<\/span><\/p>\n<p class=\"x_ydpded1d988MsoNormal\" style=\"text-align: justify;\"><span style=\"font-family: helvetica, arial, sans-serif;\">El partido Tolima-Cali, que se disputar\u00e1 desde las 7.30pm en el estadio Murillo Toro de Ibagu\u00e9, ser\u00e1 dirigido por el \u00e1rbitro quindiano <strong>Alexander Ospina.<\/strong><\/span><\/p>\n<p class=\"x_ydpded1d988MsoNormal\" style=\"text-align: justify;\"><strong><span style=\"font-family: helvetica, arial, sans-serif;\">Posibles formaciones:<\/span><\/strong><\/p>\n<p class=\"x_ydpded1d988MsoNormal\" style=\"text-align: justify;\"><span style=\"font-family: helvetica, arial, sans-serif;\"><strong>Deportes Tolima<\/strong>: William Cuesta; Harold G\u00f3mez, Eduard Caicedo, Juli\u00e1n Qui\u00f1ones, Junior Hern\u00e1ndez; Juan David R\u00edos, Cristian Trujillo, Luis Miranda, Daniel Cata\u00f1o, Omar Albornoz y Gustavo Adri\u00e1n Ram\u00edrez.<\/span><\/p>\n<p class=\"x_ydpded1d988MsoNormal\" style=\"text-align: justify;\"><span style=\"font-family: helvetica, arial, sans-serif;\"><strong>Deportivo Cali<\/strong>: Guillermo de Amores; Juan Camilo Angulo, Hern\u00e1n Menosse, Jorge Marsiglia, Kevin Velasco; Johan Valencia, Andr\u00e9s Colorado, John V\u00e1squez; Te\u00f3filo Guti\u00e9rrez, Harold Preciado y \u00c1ngelo Rodr\u00edguez.<\/span><\/p>\n","protected":false},"excerpt":{"rendered":"<p>Deportes Tolima recibir\u00e1 este mi\u00e9rcoles al Deportivo Cali, en partido donde el local buscar\u00e1 el bicampeonato en la Liga BetPlay Dimayor 2021-II, mientras que el \u2018azucarero\u2019 intentar\u00e1 romper una sequ\u00eda de seis a\u00f1os y medio sin t\u00edtulos. Tolima llega con la motivaci\u00f3n de un empate 1-1 en el juego de ida por la final, disputado [&hellip;]<\/p>\n","protected":false},"author":5,"featured_media":73767,"comment_status":"open","ping_status":"open","sticky":false,"template":"","format":"standard","meta":{"_acf_changed":false,"footnotes":""},"categories":[7],"tags":[],"class_list":{"0":"post-73766","1":"post","2":"type-post","3":"status-publish","4":"format-standard","5":"has-post-thumbnail","7":"category-liga-betplay"},"acf":[],"yoast_head":"<!-- This site is optimized with the Yoast SEO plugin v26.8 - https:\/\/yoast.com\/product\/yoast-seo-wordpress\/ -->\n<title>Tolima-Cali, el pulso final -<\/title>\n<meta name=\"robots\" content=\"index, follow, max-snippet:-1, max-image-preview:large, max-video-preview:-1\" \/>\n<link rel=\"canonical\" href=\"https:\/\/futbolhoy.co\/index.php\/2021\/12\/22\/tolima-cali-el-pulso-final\/\" \/>\n<meta property=\"og:locale\" content=\"es_ES\" \/>\n<meta property=\"og:type\" content=\"article\" \/>\n<meta property=\"og:title\" content=\"Tolima-Cali, el pulso final -\" \/>\n<meta property=\"og:description\" content=\"Deportes Tolima recibir\u00e1 este mi\u00e9rcoles al Deportivo Cali, en partido donde el local buscar\u00e1 el bicampeonato en la Liga BetPlay Dimayor 2021-II, mientras que el \u2018azucarero\u2019 intentar\u00e1 romper una sequ\u00eda de seis a\u00f1os y medio sin t\u00edtulos. Tolima llega con la motivaci\u00f3n de un empate 1-1 en el juego de ida por la final, disputado [&hellip;]\" \/>\n<meta property=\"og:url\" content=\"https:\/\/futbolhoy.co\/index.php\/2021\/12\/22\/tolima-cali-el-pulso-final\/\" \/>\n<meta property=\"article:publisher\" content=\"https:\/\/www.facebook.com\/FutbolHoyCol\/\" \/>\n<meta property=\"article:published_time\" content=\"2021-12-22T11:33:33+00:00\" \/>\n<meta property=\"article:modified_time\" content=\"2021-12-23T02:47:19+00:00\" \/>\n<meta property=\"og:image\" content=\"https:\/\/futbolhoy.co\/wp-content\/uploads\/2021\/12\/A76E8EB5-9A89-4E0A-81B1-4B32892D1EF1.jpeg\" \/>\n\t<meta property=\"og:image:width\" content=\"1200\" \/>\n\t<meta property=\"og:image:height\" content=\"806\" \/>\n\t<meta property=\"og:image:type\" content=\"image\/jpeg\" \/>\n<meta name=\"author\" content=\"Laura Hern\u00e1ndez\" \/>\n<meta name=\"twitter:card\" content=\"summary_large_image\" \/>\n<meta name=\"twitter:creator\" content=\"@FutbolHoyCol\" \/>\n<meta name=\"twitter:site\" content=\"@FutbolHoyCol\" \/>\n<meta name=\"twitter:label1\" content=\"Escrito por\" \/>\n\t<meta name=\"twitter:data1\" content=\"Laura Hern\u00e1ndez\" \/>\n\t<meta name=\"twitter:label2\" content=\"Tiempo de lectura\" \/>\n\t<meta name=\"twitter:data2\" content=\"2 minutos\" \/>\n<script type=\"application\/ld+json\" class=\"yoast-schema-graph\">{\"@context\":\"https:\/\/schema.org\",\"@graph\":[{\"@type\":\"Article\",\"@id\":\"https:\/\/futbolhoy.co\/index.php\/2021\/12\/22\/tolima-cali-el-pulso-final\/#article\",\"isPartOf\":{\"@id\":\"https:\/\/futbolhoy.co\/index.php\/2021\/12\/22\/tolima-cali-el-pulso-final\/\"},\"author\":{\"name\":\"Laura Hern\u00e1ndez\",\"@id\":\"https:\/\/futbolhoy.co\/#\/schema\/person\/c4a353a512b127643723a34bb1812f7d\"},\"headline\":\"Tolima-Cali, el pulso final\",\"datePublished\":\"2021-12-22T11:33:33+00:00\",\"dateModified\":\"2021-12-23T02:47:19+00:00\",\"mainEntityOfPage\":{\"@id\":\"https:\/\/futbolhoy.co\/index.php\/2021\/12\/22\/tolima-cali-el-pulso-final\/\"},\"wordCount\":345,\"commentCount\":0,\"publisher\":{\"@id\":\"https:\/\/futbolhoy.co\/#organization\"},\"image\":{\"@id\":\"https:\/\/futbolhoy.co\/index.php\/2021\/12\/22\/tolima-cali-el-pulso-final\/#primaryimage\"},\"thumbnailUrl\":\"https:\/\/futbolhoy.co\/wp-content\/uploads\/2021\/12\/A76E8EB5-9A89-4E0A-81B1-4B32892D1EF1.jpeg\",\"articleSection\":[\"Liga BetPlay\"],\"inLanguage\":\"es\",\"potentialAction\":[{\"@type\":\"CommentAction\",\"name\":\"Comment\",\"target\":[\"https:\/\/futbolhoy.co\/index.php\/2021\/12\/22\/tolima-cali-el-pulso-final\/#respond\"]}]},{\"@type\":\"WebPage\",\"@id\":\"https:\/\/futbolhoy.co\/index.php\/2021\/12\/22\/tolima-cali-el-pulso-final\/\",\"url\":\"https:\/\/futbolhoy.co\/index.php\/2021\/12\/22\/tolima-cali-el-pulso-final\/\",\"name\":\"Tolima-Cali, el pulso final -\",\"isPartOf\":{\"@id\":\"https:\/\/futbolhoy.co\/#website\"},\"primaryImageOfPage\":{\"@id\":\"https:\/\/futbolhoy.co\/index.php\/2021\/12\/22\/tolima-cali-el-pulso-final\/#primaryimage\"},\"image\":{\"@id\":\"https:\/\/futbolhoy.co\/index.php\/2021\/12\/22\/tolima-cali-el-pulso-final\/#primaryimage\"},\"thumbnailUrl\":\"https:\/\/futbolhoy.co\/wp-content\/uploads\/2021\/12\/A76E8EB5-9A89-4E0A-81B1-4B32892D1EF1.jpeg\",\"datePublished\":\"2021-12-22T11:33:33+00:00\",\"dateModified\":\"2021-12-23T02:47:19+00:00\",\"breadcrumb\":{\"@id\":\"https:\/\/futbolhoy.co\/index.php\/2021\/12\/22\/tolima-cali-el-pulso-final\/#breadcrumb\"},\"inLanguage\":\"es\",\"potentialAction\":[{\"@type\":\"ReadAction\",\"target\":[\"https:\/\/futbolhoy.co\/index.php\/2021\/12\/22\/tolima-cali-el-pulso-final\/\"]}]},{\"@type\":\"ImageObject\",\"inLanguage\":\"es\",\"@id\":\"https:\/\/futbolhoy.co\/index.php\/2021\/12\/22\/tolima-cali-el-pulso-final\/#primaryimage\",\"url\":\"https:\/\/futbolhoy.co\/wp-content\/uploads\/2021\/12\/A76E8EB5-9A89-4E0A-81B1-4B32892D1EF1.jpeg\",\"contentUrl\":\"https:\/\/futbolhoy.co\/wp-content\/uploads\/2021\/12\/A76E8EB5-9A89-4E0A-81B1-4B32892D1EF1.jpeg\",\"width\":1200,\"height\":806},{\"@type\":\"BreadcrumbList\",\"@id\":\"https:\/\/futbolhoy.co\/index.php\/2021\/12\/22\/tolima-cali-el-pulso-final\/#breadcrumb\",\"itemListElement\":[{\"@type\":\"ListItem\",\"position\":1,\"name\":\"Portada\",\"item\":\"https:\/\/futbolhoy.co\/\"},{\"@type\":\"ListItem\",\"position\":2,\"name\":\"Tolima-Cali, el pulso final\"}]},{\"@type\":\"WebSite\",\"@id\":\"https:\/\/futbolhoy.co\/#website\",\"url\":\"https:\/\/futbolhoy.co\/\",\"name\":\"FutbolHoy\",\"description\":\"\",\"publisher\":{\"@id\":\"https:\/\/futbolhoy.co\/#organization\"},\"potentialAction\":[{\"@type\":\"SearchAction\",\"target\":{\"@type\":\"EntryPoint\",\"urlTemplate\":\"https:\/\/futbolhoy.co\/?s={search_term_string}\"},\"query-input\":{\"@type\":\"PropertyValueSpecification\",\"valueRequired\":true,\"valueName\":\"search_term_string\"}}],\"inLanguage\":\"es\"},{\"@type\":\"Organization\",\"@id\":\"https:\/\/futbolhoy.co\/#organization\",\"name\":\"Futbolhoy.co\",\"url\":\"https:\/\/futbolhoy.co\/\",\"logo\":{\"@type\":\"ImageObject\",\"inLanguage\":\"es\",\"@id\":\"https:\/\/futbolhoy.co\/#\/schema\/logo\/image\/\",\"url\":\"https:\/\/futbolhoy.co\/wp-content\/uploads\/2018\/08\/17426380_1906371736249227_6326180412931521141_n.jpg\",\"contentUrl\":\"https:\/\/futbolhoy.co\/wp-content\/uploads\/2018\/08\/17426380_1906371736249227_6326180412931521141_n.jpg\",\"width\":960,\"height\":960,\"caption\":\"Futbolhoy.co\"},\"image\":{\"@id\":\"https:\/\/futbolhoy.co\/#\/schema\/logo\/image\/\"},\"sameAs\":[\"https:\/\/www.facebook.com\/FutbolHoyCol\/\",\"https:\/\/x.com\/FutbolHoyCol\",\"https:\/\/www.instagram.com\/futbolhoycol\/\"]},{\"@type\":\"Person\",\"@id\":\"https:\/\/futbolhoy.co\/#\/schema\/person\/c4a353a512b127643723a34bb1812f7d\",\"name\":\"Laura Hern\u00e1ndez\",\"image\":{\"@type\":\"ImageObject\",\"inLanguage\":\"es\",\"@id\":\"https:\/\/futbolhoy.co\/#\/schema\/person\/image\/\",\"url\":\"https:\/\/secure.gravatar.com\/avatar\/d25959a15b9b293a743f99181c7cfd01?s=96&d=mm&r=g\",\"contentUrl\":\"https:\/\/secure.gravatar.com\/avatar\/d25959a15b9b293a743f99181c7cfd01?s=96&d=mm&r=g\",\"caption\":\"Laura Hern\u00e1ndez\"}}]}<\/script>\n<!-- \/ Yoast SEO plugin. -->","yoast_head_json":{"title":"Tolima-Cali, el pulso final -","robots":{"index":"index","follow":"follow","max-snippet":"max-snippet:-1","max-image-preview":"max-image-preview:large","max-video-preview":"max-video-preview:-1"},"canonical":"https:\/\/futbolhoy.co\/index.php\/2021\/12\/22\/tolima-cali-el-pulso-final\/","og_locale":"es_ES","og_type":"article","og_title":"Tolima-Cali, el pulso final -","og_description":"Deportes Tolima recibir\u00e1 este mi\u00e9rcoles al Deportivo Cali, en partido donde el local buscar\u00e1 el bicampeonato en la Liga BetPlay Dimayor 2021-II, mientras que el \u2018azucarero\u2019 intentar\u00e1 romper una sequ\u00eda de seis a\u00f1os y medio sin t\u00edtulos. Tolima llega con la motivaci\u00f3n de un empate 1-1 en el juego de ida por la final, disputado [&hellip;]","og_url":"https:\/\/futbolhoy.co\/index.php\/2021\/12\/22\/tolima-cali-el-pulso-final\/","article_publisher":"https:\/\/www.facebook.com\/FutbolHoyCol\/","article_published_time":"2021-12-22T11:33:33+00:00","article_modified_time":"2021-12-23T02:47:19+00:00","og_image":[{"width":1200,"height":806,"url":"https:\/\/futbolhoy.co\/wp-content\/uploads\/2021\/12\/A76E8EB5-9A89-4E0A-81B1-4B32892D1EF1.jpeg","type":"image\/jpeg"}],"author":"Laura Hern\u00e1ndez","twitter_card":"summary_large_image","twitter_creator":"@FutbolHoyCol","twitter_site":"@FutbolHoyCol","twitter_misc":{"Escrito por":"Laura Hern\u00e1ndez","Tiempo de lectura":"2 minutos"},"schema":{"@context":"https:\/\/schema.org","@graph":[{"@type":"Article","@id":"https:\/\/futbolhoy.co\/index.php\/2021\/12\/22\/tolima-cali-el-pulso-final\/#article","isPartOf":{"@id":"https:\/\/futbolhoy.co\/index.php\/2021\/12\/22\/tolima-cali-el-pulso-final\/"},"author":{"name":"Laura Hern\u00e1ndez","@id":"https:\/\/futbolhoy.co\/#\/schema\/person\/c4a353a512b127643723a34bb1812f7d"},"headline":"Tolima-Cali, el pulso final","datePublished":"2021-12-22T11:33:33+00:00","dateModified":"2021-12-23T02:47:19+00:00","mainEntityOfPage":{"@id":"https:\/\/futbolhoy.co\/index.php\/2021\/12\/22\/tolima-cali-el-pulso-final\/"},"wordCount":345,"commentCount":0,"publisher":{"@id":"https:\/\/futbolhoy.co\/#organization"},"image":{"@id":"https:\/\/futbolhoy.co\/index.php\/2021\/12\/22\/tolima-cali-el-pulso-final\/#primaryimage"},"thumbnailUrl":"https:\/\/futbolhoy.co\/wp-content\/uploads\/2021\/12\/A76E8EB5-9A89-4E0A-81B1-4B32892D1EF1.jpeg","articleSection":["Liga BetPlay"],"inLanguage":"es","potentialAction":[{"@type":"CommentAction","name":"Comment","target":["https:\/\/futbolhoy.co\/index.php\/2021\/12\/22\/tolima-cali-el-pulso-final\/#respond"]}]},{"@type":"WebPage","@id":"https:\/\/futbolhoy.co\/index.php\/2021\/12\/22\/tolima-cali-el-pulso-final\/","url":"https:\/\/futbolhoy.co\/index.php\/2021\/12\/22\/tolima-cali-el-pulso-final\/","name":"Tolima-Cali, el pulso final -","isPartOf":{"@id":"https:\/\/futbolhoy.co\/#website"},"primaryImageOfPage":{"@id":"https:\/\/futbolhoy.co\/index.php\/2021\/12\/22\/tolima-cali-el-pulso-final\/#primaryimage"},"image":{"@id":"https:\/\/futbolhoy.co\/index.php\/2021\/12\/22\/tolima-cali-el-pulso-final\/#primaryimage"},"thumbnailUrl":"https:\/\/futbolhoy.co\/wp-content\/uploads\/2021\/12\/A76E8EB5-9A89-4E0A-81B1-4B32892D1EF1.jpeg","datePublished":"2021-12-22T11:33:33+00:00","dateModified":"2021-12-23T02:47:19+00:00","breadcrumb":{"@id":"https:\/\/futbolhoy.co\/index.php\/2021\/12\/22\/tolima-cali-el-pulso-final\/#breadcrumb"},"inLanguage":"es","potentialAction":[{"@type":"ReadAction","target":["https:\/\/futbolhoy.co\/index.php\/2021\/12\/22\/tolima-cali-el-pulso-final\/"]}]},{"@type":"ImageObject","inLanguage":"es","@id":"https:\/\/futbolhoy.co\/index.php\/2021\/12\/22\/tolima-cali-el-pulso-final\/#primaryimage","url":"https:\/\/futbolhoy.co\/wp-content\/uploads\/2021\/12\/A76E8EB5-9A89-4E0A-81B1-4B32892D1EF1.jpeg","contentUrl":"https:\/\/futbolhoy.co\/wp-content\/uploads\/2021\/12\/A76E8EB5-9A89-4E0A-81B1-4B32892D1EF1.jpeg","width":1200,"height":806},{"@type":"BreadcrumbList","@id":"https:\/\/futbolhoy.co\/index.php\/2021\/12\/22\/tolima-cali-el-pulso-final\/#breadcrumb","itemListElement":[{"@type":"ListItem","position":1,"name":"Portada","item":"https:\/\/futbolhoy.co\/"},{"@type":"ListItem","position":2,"name":"Tolima-Cali, el pulso final"}]},{"@type":"WebSite","@id":"https:\/\/futbolhoy.co\/#website","url":"https:\/\/futbolhoy.co\/","name":"FutbolHoy","description":"","publisher":{"@id":"https:\/\/futbolhoy.co\/#organization"},"potentialAction":[{"@type":"SearchAction","target":{"@type":"EntryPoint","urlTemplate":"https:\/\/futbolhoy.co\/?s={search_term_string}"},"query-input":{"@type":"PropertyValueSpecification","valueRequired":true,"valueName":"search_term_string"}}],"inLanguage":"es"},{"@type":"Organization","@id":"https:\/\/futbolhoy.co\/#organization","name":"Futbolhoy.co","url":"https:\/\/futbolhoy.co\/","logo":{"@type":"ImageObject","inLanguage":"es","@id":"https:\/\/futbolhoy.co\/#\/schema\/logo\/image\/","url":"https:\/\/futbolhoy.co\/wp-content\/uploads\/2018\/08\/17426380_1906371736249227_6326180412931521141_n.jpg","contentUrl":"https:\/\/futbolhoy.co\/wp-content\/uploads\/2018\/08\/17426380_1906371736249227_6326180412931521141_n.jpg","width":960,"height":960,"caption":"Futbolhoy.co"},"image":{"@id":"https:\/\/futbolhoy.co\/#\/schema\/logo\/image\/"},"sameAs":["https:\/\/www.facebook.com\/FutbolHoyCol\/","https:\/\/x.com\/FutbolHoyCol","https:\/\/www.instagram.com\/futbolhoycol\/"]},{"@type":"Person","@id":"https:\/\/futbolhoy.co\/#\/schema\/person\/c4a353a512b127643723a34bb1812f7d","name":"Laura Hern\u00e1ndez","image":{"@type":"ImageObject","inLanguage":"es","@id":"https:\/\/futbolhoy.co\/#\/schema\/person\/image\/","url":"https:\/\/secure.gravatar.com\/avatar\/d25959a15b9b293a743f99181c7cfd01?s=96&d=mm&r=g","contentUrl":"https:\/\/secure.gravatar.com\/avatar\/d25959a15b9b293a743f99181c7cfd01?s=96&d=mm&r=g","caption":"Laura Hern\u00e1ndez"}}]}},"publishpress_future_action":{"enabled":false,"date":"2026-05-03 18:30:55","action":"change-status","newStatus":"draft","terms":[],"taxonomy":"category","extraData":[]},"publishpress_future_workflow_manual_trigger":{"enabledWorkflows":[]},"_links":{"self":[{"href":"https:\/\/futbolhoy.co\/index.php\/wp-json\/wp\/v2\/posts\/73766","targetHints":{"allow":["GET"]}}],"collection":[{"href":"https:\/\/futbolhoy.co\/index.php\/wp-json\/wp\/v2\/posts"}],"about":[{"href":"https:\/\/futbolhoy.co\/index.php\/wp-json\/wp\/v2\/types\/post"}],"author":[{"embeddable":true,"href":"https:\/\/futbolhoy.co\/index.php\/wp-json\/wp\/v2\/users\/5"}],"replies":[{"embeddable":true,"href":"https:\/\/futbolhoy.co\/index.php\/wp-json\/wp\/v2\/comments?post=73766"}],"version-history":[{"count":1,"href":"https:\/\/futbolhoy.co\/index.php\/wp-json\/wp\/v2\/posts\/73766\/revisions"}],"predecessor-version":[{"id":73768,"href":"https:\/\/futbolhoy.co\/index.php\/wp-json\/wp\/v2\/posts\/73766\/revisions\/73768"}],"wp:featuredmedia":[{"embeddable":true,"href":"https:\/\/futbolhoy.co\/index.php\/wp-json\/wp\/v2\/media\/73767"}],"wp:attachment":[{"href":"https:\/\/futbolhoy.co\/index.php\/wp-json\/wp\/v2\/media?parent=73766"}],"wp:term":[{"taxonomy":"category","embeddable":true,"href":"https:\/\/futbolhoy.co\/index.php\/wp-json\/wp\/v2\/categories?post=73766"},{"taxonomy":"post_tag","embeddable":true,"href":"https:\/\/futbolhoy.co\/index.php\/wp-json\/wp\/v2\/tags?post=73766"}],"curies":[{"name":"wp","href":"https:\/\/api.w.org\/{rel}","templated":true}]}}