{"id":73772,"date":"2021-12-22T05:54:33","date_gmt":"2021-12-22T10:54:33","guid":{"rendered":"https:\/\/futbolhoy.co\/?p=73772"},"modified":"2021-12-22T12:55:15","modified_gmt":"2021-12-22T17:55:15","slug":"el-once-historico-entre-tolima-y-cali","status":"publish","type":"post","link":"https:\/\/futbolhoy.co\/index.php\/2021\/12\/22\/el-once-historico-entre-tolima-y-cali\/","title":{"rendered":"El once hist\u00f3rico entre Tolima y Cali"},"content":{"rendered":"<p style=\"text-align: justify;\"><span style=\"font-family: helvetica, arial, sans-serif;\"><strong>Deportes Tolima<\/strong> y <strong>Deportivo Cali,<\/strong> que este mi\u00e9rcoles definir\u00e1n el nuevo campe\u00f3n del f\u00fatbol colombiano, han compartido algunos jugadores a lo largo de la historia, siendo campeones con ambos equipos seis de ellos.<\/span><\/p>\n<p style=\"text-align: justify;\"><span style=\"font-family: helvetica, arial, sans-serif;\">A continuaci\u00f3n repasamos un once hist\u00f3rico de jugadores que ha vestido ambas camisetas<\/span><\/p>\n<p style=\"text-align: justify;\"><span style=\"font-family: helvetica, arial, sans-serif;\"><strong>Breiner Castillo (Portero)<\/strong>: Tuvo tres periodos por el Cali, siendo campe\u00f3n de la Liga en 1996 y 1998; mientras que se visti\u00f3 de vinotinto entre el 2008 y el 2010.<\/span><\/p>\n<p style=\"text-align: justify;\"><span style=\"font-family: helvetica, arial, sans-serif;\"><strong>Freddy Hurtado (Defensa):<\/strong> Tres veces campe\u00f3n con el Cali (1996, 1998 y 2005) y una con el Tolima (2003), es uno de los seis jugadores que ha sido campe\u00f3n con ambos equipos.<\/span><\/p>\n<p style=\"text-align: justify;\"><span style=\"font-family: helvetica, arial, sans-serif;\"><strong>Nelson Rivas (Defensa):<\/strong> En 2003 se consagr\u00f3 campe\u00f3n con el Tolima; mientras que en 2005 hizo lo propio con el Cali. Uno de los cinco jugadores que ha sido campe\u00f3n con ambos equipos.<\/span><\/p>\n<p style=\"text-align: justify;\"><span style=\"font-family: helvetica, arial, sans-serif;\"><strong>Gerardo Vallejo (Defensa)<\/strong>: Tuvo dos periodos por el Deportivo Cali y dos por el Deportes Tolima, este \u00faltimo entre 2005 y 2012, siendo uno de los jugadores m\u00e1s recordados del equipo en el presente Siglo.<\/span><\/p>\n<p style=\"text-align: justify;\"><span style=\"font-family: helvetica, arial, sans-serif;\"><strong>Geovanni Garc\u00eda (Defensa)<\/strong>: Tuvo cuatro periodos por el Cali y tres por el Tolima, siendo campe\u00f3n con el 'Vinotinto y Oro' en 2003 y con el cuadro 'Azucarero' en 2005. Es uno de los seis jugadores que ha sido campe\u00f3n con ambos equipos.<\/span><\/p>\n<p style=\"text-align: justify;\"><span style=\"font-family: helvetica, arial, sans-serif;\"><strong>Hernando Pati\u00f1o (Volante)<\/strong>: Campe\u00f3n con el Tolima en 2003 y con el Cali en 2005, siendo uno de los seis jugadores que gan\u00f3 una estrella con ambos conjuntos, el 'Cocho' tambi\u00e9n se desempe\u00f1\u00f3 como entrenador de los equipos juveniles de los dos clubes, entre 2016 y 2017 en el equipo de Ibagu\u00e9, del 2017 a la actualidad en el cuadro vallecaucano.<\/span><\/p>\n<p style=\"text-align: justify;\"><span style=\"font-family: helvetica, arial, sans-serif;\"><strong>Carlos Renter\u00eda (Volante)<\/strong>: Es uno de los seis jugadores que ha sido campe\u00f3n vistiendo la camiseta de ambos equipos, en 2015 con el Cali y en 2018 con el Tolima.<\/span><\/p>\n<p style=\"text-align: justify;\"><span style=\"font-family: helvetica, arial, sans-serif;\"><strong>Gonzalo Mart\u00ednez (Carrilero)<\/strong>: Surgi\u00f3 en el Tolima en 1998, equipo en el que estuvo hasta el 2001, antes de emigrar a Europa, por el Cali pas\u00f3 en 2011.<\/span><\/p>\n<p style=\"text-align: justify;\"><span style=\"font-family: helvetica, arial, sans-serif;\"><strong>Ricardo Ciciliano (Volante)<\/strong>: Uno de los m\u00e1ximos \u00eddolos del Tolima y de los seis jugadores campeones con ambos equipos, conquist\u00f3 la primera estrella tolimense en 2003 y luego fue campe\u00f3n con el Cali en 2005.<\/span><\/p>\n<p style=\"text-align: justify;\"><span style=\"font-family: helvetica, arial, sans-serif;\"><strong>V\u00edctor Bonilla (Delantero):<\/strong> El goleador tuvo su \u00e9poca cumbre en el Cali, donde fue campe\u00f3n en 1996 y 1998, en 2005 visti\u00f3 la camiseta del Tolima.<\/span><\/p>\n<p style=\"text-align: justify;\"><span style=\"font-family: helvetica, arial, sans-serif;\"><strong>Marco P\u00e9rez (Delantero)<\/strong>: Goleador hist\u00f3rico y campe\u00f3n con el Deportes Tolima en 2014 de la Copa Colombia y en 2018 de la Liga. En 2021 tuvo un breve paso por el Cali.<\/span><\/p>\n","protected":false},"excerpt":{"rendered":"<p>Deportes Tolima y Deportivo Cali, que este mi\u00e9rcoles definir\u00e1n el nuevo campe\u00f3n del f\u00fatbol colombiano, han compartido algunos jugadores a lo largo de la historia, siendo campeones con ambos equipos seis de ellos. A continuaci\u00f3n repasamos un once hist\u00f3rico de jugadores que ha vestido ambas camisetas Breiner Castillo (Portero): Tuvo tres periodos por el Cali, [&hellip;]<\/p>\n","protected":false},"author":5,"featured_media":73773,"comment_status":"open","ping_status":"open","sticky":false,"template":"","format":"standard","meta":{"_acf_changed":false,"footnotes":""},"categories":[7],"tags":[230,231],"class_list":{"0":"post-73772","1":"post","2":"type-post","3":"status-publish","4":"format-standard","5":"has-post-thumbnail","7":"category-liga-betplay","8":"tag-cali","9":"tag-tolima"},"acf":[],"yoast_head":"<!-- This site is optimized with the Yoast SEO plugin v26.8 - https:\/\/yoast.com\/product\/yoast-seo-wordpress\/ -->\n<title>El once hist\u00f3rico entre Tolima y Cali -<\/title>\n<meta name=\"robots\" content=\"index, follow, max-snippet:-1, max-image-preview:large, max-video-preview:-1\" \/>\n<link rel=\"canonical\" href=\"https:\/\/futbolhoy.co\/index.php\/2021\/12\/22\/el-once-historico-entre-tolima-y-cali\/\" \/>\n<meta property=\"og:locale\" content=\"es_ES\" \/>\n<meta property=\"og:type\" content=\"article\" \/>\n<meta property=\"og:title\" content=\"El once hist\u00f3rico entre Tolima y Cali -\" \/>\n<meta property=\"og:description\" content=\"Deportes Tolima y Deportivo Cali, que este mi\u00e9rcoles definir\u00e1n el nuevo campe\u00f3n del f\u00fatbol colombiano, han compartido algunos jugadores a lo largo de la historia, siendo campeones con ambos equipos seis de ellos. A continuaci\u00f3n repasamos un once hist\u00f3rico de jugadores que ha vestido ambas camisetas Breiner Castillo (Portero): Tuvo tres periodos por el Cali, [&hellip;]\" \/>\n<meta property=\"og:url\" content=\"https:\/\/futbolhoy.co\/index.php\/2021\/12\/22\/el-once-historico-entre-tolima-y-cali\/\" \/>\n<meta property=\"article:publisher\" content=\"https:\/\/www.facebook.com\/FutbolHoyCol\/\" \/>\n<meta property=\"article:published_time\" content=\"2021-12-22T10:54:33+00:00\" \/>\n<meta property=\"article:modified_time\" content=\"2021-12-22T17:55:15+00:00\" \/>\n<meta property=\"og:image\" content=\"https:\/\/futbolhoy.co\/wp-content\/uploads\/2021\/12\/B5Yxv8_IgAAT1EJ.jpg\" \/>\n\t<meta property=\"og:image:width\" content=\"1600\" \/>\n\t<meta property=\"og:image:height\" content=\"1200\" \/>\n\t<meta property=\"og:image:type\" content=\"image\/jpeg\" \/>\n<meta name=\"author\" content=\"Laura Hern\u00e1ndez\" \/>\n<meta name=\"twitter:card\" content=\"summary_large_image\" \/>\n<meta name=\"twitter:creator\" content=\"@FutbolHoyCol\" \/>\n<meta name=\"twitter:site\" content=\"@FutbolHoyCol\" \/>\n<meta name=\"twitter:label1\" content=\"Escrito por\" \/>\n\t<meta name=\"twitter:data1\" content=\"Laura Hern\u00e1ndez\" \/>\n\t<meta name=\"twitter:label2\" content=\"Tiempo de lectura\" \/>\n\t<meta name=\"twitter:data2\" content=\"2 minutos\" \/>\n<script type=\"application\/ld+json\" class=\"yoast-schema-graph\">{\"@context\":\"https:\/\/schema.org\",\"@graph\":[{\"@type\":\"Article\",\"@id\":\"https:\/\/futbolhoy.co\/index.php\/2021\/12\/22\/el-once-historico-entre-tolima-y-cali\/#article\",\"isPartOf\":{\"@id\":\"https:\/\/futbolhoy.co\/index.php\/2021\/12\/22\/el-once-historico-entre-tolima-y-cali\/\"},\"author\":{\"name\":\"Laura Hern\u00e1ndez\",\"@id\":\"https:\/\/futbolhoy.co\/#\/schema\/person\/c4a353a512b127643723a34bb1812f7d\"},\"headline\":\"El once hist\u00f3rico entre Tolima y Cali\",\"datePublished\":\"2021-12-22T10:54:33+00:00\",\"dateModified\":\"2021-12-22T17:55:15+00:00\",\"mainEntityOfPage\":{\"@id\":\"https:\/\/futbolhoy.co\/index.php\/2021\/12\/22\/el-once-historico-entre-tolima-y-cali\/\"},\"wordCount\":435,\"commentCount\":0,\"publisher\":{\"@id\":\"https:\/\/futbolhoy.co\/#organization\"},\"image\":{\"@id\":\"https:\/\/futbolhoy.co\/index.php\/2021\/12\/22\/el-once-historico-entre-tolima-y-cali\/#primaryimage\"},\"thumbnailUrl\":\"https:\/\/futbolhoy.co\/wp-content\/uploads\/2021\/12\/B5Yxv8_IgAAT1EJ.jpg\",\"keywords\":[\"Cali\",\"Tolima\"],\"articleSection\":[\"Liga BetPlay\"],\"inLanguage\":\"es\",\"potentialAction\":[{\"@type\":\"CommentAction\",\"name\":\"Comment\",\"target\":[\"https:\/\/futbolhoy.co\/index.php\/2021\/12\/22\/el-once-historico-entre-tolima-y-cali\/#respond\"]}]},{\"@type\":\"WebPage\",\"@id\":\"https:\/\/futbolhoy.co\/index.php\/2021\/12\/22\/el-once-historico-entre-tolima-y-cali\/\",\"url\":\"https:\/\/futbolhoy.co\/index.php\/2021\/12\/22\/el-once-historico-entre-tolima-y-cali\/\",\"name\":\"El once hist\u00f3rico entre Tolima y Cali -\",\"isPartOf\":{\"@id\":\"https:\/\/futbolhoy.co\/#website\"},\"primaryImageOfPage\":{\"@id\":\"https:\/\/futbolhoy.co\/index.php\/2021\/12\/22\/el-once-historico-entre-tolima-y-cali\/#primaryimage\"},\"image\":{\"@id\":\"https:\/\/futbolhoy.co\/index.php\/2021\/12\/22\/el-once-historico-entre-tolima-y-cali\/#primaryimage\"},\"thumbnailUrl\":\"https:\/\/futbolhoy.co\/wp-content\/uploads\/2021\/12\/B5Yxv8_IgAAT1EJ.jpg\",\"datePublished\":\"2021-12-22T10:54:33+00:00\",\"dateModified\":\"2021-12-22T17:55:15+00:00\",\"breadcrumb\":{\"@id\":\"https:\/\/futbolhoy.co\/index.php\/2021\/12\/22\/el-once-historico-entre-tolima-y-cali\/#breadcrumb\"},\"inLanguage\":\"es\",\"potentialAction\":[{\"@type\":\"ReadAction\",\"target\":[\"https:\/\/futbolhoy.co\/index.php\/2021\/12\/22\/el-once-historico-entre-tolima-y-cali\/\"]}]},{\"@type\":\"ImageObject\",\"inLanguage\":\"es\",\"@id\":\"https:\/\/futbolhoy.co\/index.php\/2021\/12\/22\/el-once-historico-entre-tolima-y-cali\/#primaryimage\",\"url\":\"https:\/\/futbolhoy.co\/wp-content\/uploads\/2021\/12\/B5Yxv8_IgAAT1EJ.jpg\",\"contentUrl\":\"https:\/\/futbolhoy.co\/wp-content\/uploads\/2021\/12\/B5Yxv8_IgAAT1EJ.jpg\",\"width\":1600,\"height\":1200},{\"@type\":\"BreadcrumbList\",\"@id\":\"https:\/\/futbolhoy.co\/index.php\/2021\/12\/22\/el-once-historico-entre-tolima-y-cali\/#breadcrumb\",\"itemListElement\":[{\"@type\":\"ListItem\",\"position\":1,\"name\":\"Portada\",\"item\":\"https:\/\/futbolhoy.co\/\"},{\"@type\":\"ListItem\",\"position\":2,\"name\":\"El once hist\u00f3rico entre Tolima y Cali\"}]},{\"@type\":\"WebSite\",\"@id\":\"https:\/\/futbolhoy.co\/#website\",\"url\":\"https:\/\/futbolhoy.co\/\",\"name\":\"FutbolHoy\",\"description\":\"\",\"publisher\":{\"@id\":\"https:\/\/futbolhoy.co\/#organization\"},\"potentialAction\":[{\"@type\":\"SearchAction\",\"target\":{\"@type\":\"EntryPoint\",\"urlTemplate\":\"https:\/\/futbolhoy.co\/?s={search_term_string}\"},\"query-input\":{\"@type\":\"PropertyValueSpecification\",\"valueRequired\":true,\"valueName\":\"search_term_string\"}}],\"inLanguage\":\"es\"},{\"@type\":\"Organization\",\"@id\":\"https:\/\/futbolhoy.co\/#organization\",\"name\":\"Futbolhoy.co\",\"url\":\"https:\/\/futbolhoy.co\/\",\"logo\":{\"@type\":\"ImageObject\",\"inLanguage\":\"es\",\"@id\":\"https:\/\/futbolhoy.co\/#\/schema\/logo\/image\/\",\"url\":\"https:\/\/futbolhoy.co\/wp-content\/uploads\/2018\/08\/17426380_1906371736249227_6326180412931521141_n.jpg\",\"contentUrl\":\"https:\/\/futbolhoy.co\/wp-content\/uploads\/2018\/08\/17426380_1906371736249227_6326180412931521141_n.jpg\",\"width\":960,\"height\":960,\"caption\":\"Futbolhoy.co\"},\"image\":{\"@id\":\"https:\/\/futbolhoy.co\/#\/schema\/logo\/image\/\"},\"sameAs\":[\"https:\/\/www.facebook.com\/FutbolHoyCol\/\",\"https:\/\/x.com\/FutbolHoyCol\",\"https:\/\/www.instagram.com\/futbolhoycol\/\"]},{\"@type\":\"Person\",\"@id\":\"https:\/\/futbolhoy.co\/#\/schema\/person\/c4a353a512b127643723a34bb1812f7d\",\"name\":\"Laura Hern\u00e1ndez\",\"image\":{\"@type\":\"ImageObject\",\"inLanguage\":\"es\",\"@id\":\"https:\/\/futbolhoy.co\/#\/schema\/person\/image\/\",\"url\":\"https:\/\/secure.gravatar.com\/avatar\/d25959a15b9b293a743f99181c7cfd01?s=96&d=mm&r=g\",\"contentUrl\":\"https:\/\/secure.gravatar.com\/avatar\/d25959a15b9b293a743f99181c7cfd01?s=96&d=mm&r=g\",\"caption\":\"Laura Hern\u00e1ndez\"}}]}<\/script>\n<!-- \/ Yoast SEO plugin. -->","yoast_head_json":{"title":"El once hist\u00f3rico entre Tolima y Cali -","robots":{"index":"index","follow":"follow","max-snippet":"max-snippet:-1","max-image-preview":"max-image-preview:large","max-video-preview":"max-video-preview:-1"},"canonical":"https:\/\/futbolhoy.co\/index.php\/2021\/12\/22\/el-once-historico-entre-tolima-y-cali\/","og_locale":"es_ES","og_type":"article","og_title":"El once hist\u00f3rico entre Tolima y Cali -","og_description":"Deportes Tolima y Deportivo Cali, que este mi\u00e9rcoles definir\u00e1n el nuevo campe\u00f3n del f\u00fatbol colombiano, han compartido algunos jugadores a lo largo de la historia, siendo campeones con ambos equipos seis de ellos. A continuaci\u00f3n repasamos un once hist\u00f3rico de jugadores que ha vestido ambas camisetas Breiner Castillo (Portero): Tuvo tres periodos por el Cali, [&hellip;]","og_url":"https:\/\/futbolhoy.co\/index.php\/2021\/12\/22\/el-once-historico-entre-tolima-y-cali\/","article_publisher":"https:\/\/www.facebook.com\/FutbolHoyCol\/","article_published_time":"2021-12-22T10:54:33+00:00","article_modified_time":"2021-12-22T17:55:15+00:00","og_image":[{"width":1600,"height":1200,"url":"https:\/\/futbolhoy.co\/wp-content\/uploads\/2021\/12\/B5Yxv8_IgAAT1EJ.jpg","type":"image\/jpeg"}],"author":"Laura Hern\u00e1ndez","twitter_card":"summary_large_image","twitter_creator":"@FutbolHoyCol","twitter_site":"@FutbolHoyCol","twitter_misc":{"Escrito por":"Laura Hern\u00e1ndez","Tiempo de lectura":"2 minutos"},"schema":{"@context":"https:\/\/schema.org","@graph":[{"@type":"Article","@id":"https:\/\/futbolhoy.co\/index.php\/2021\/12\/22\/el-once-historico-entre-tolima-y-cali\/#article","isPartOf":{"@id":"https:\/\/futbolhoy.co\/index.php\/2021\/12\/22\/el-once-historico-entre-tolima-y-cali\/"},"author":{"name":"Laura Hern\u00e1ndez","@id":"https:\/\/futbolhoy.co\/#\/schema\/person\/c4a353a512b127643723a34bb1812f7d"},"headline":"El once hist\u00f3rico entre Tolima y Cali","datePublished":"2021-12-22T10:54:33+00:00","dateModified":"2021-12-22T17:55:15+00:00","mainEntityOfPage":{"@id":"https:\/\/futbolhoy.co\/index.php\/2021\/12\/22\/el-once-historico-entre-tolima-y-cali\/"},"wordCount":435,"commentCount":0,"publisher":{"@id":"https:\/\/futbolhoy.co\/#organization"},"image":{"@id":"https:\/\/futbolhoy.co\/index.php\/2021\/12\/22\/el-once-historico-entre-tolima-y-cali\/#primaryimage"},"thumbnailUrl":"https:\/\/futbolhoy.co\/wp-content\/uploads\/2021\/12\/B5Yxv8_IgAAT1EJ.jpg","keywords":["Cali","Tolima"],"articleSection":["Liga BetPlay"],"inLanguage":"es","potentialAction":[{"@type":"CommentAction","name":"Comment","target":["https:\/\/futbolhoy.co\/index.php\/2021\/12\/22\/el-once-historico-entre-tolima-y-cali\/#respond"]}]},{"@type":"WebPage","@id":"https:\/\/futbolhoy.co\/index.php\/2021\/12\/22\/el-once-historico-entre-tolima-y-cali\/","url":"https:\/\/futbolhoy.co\/index.php\/2021\/12\/22\/el-once-historico-entre-tolima-y-cali\/","name":"El once hist\u00f3rico entre Tolima y Cali -","isPartOf":{"@id":"https:\/\/futbolhoy.co\/#website"},"primaryImageOfPage":{"@id":"https:\/\/futbolhoy.co\/index.php\/2021\/12\/22\/el-once-historico-entre-tolima-y-cali\/#primaryimage"},"image":{"@id":"https:\/\/futbolhoy.co\/index.php\/2021\/12\/22\/el-once-historico-entre-tolima-y-cali\/#primaryimage"},"thumbnailUrl":"https:\/\/futbolhoy.co\/wp-content\/uploads\/2021\/12\/B5Yxv8_IgAAT1EJ.jpg","datePublished":"2021-12-22T10:54:33+00:00","dateModified":"2021-12-22T17:55:15+00:00","breadcrumb":{"@id":"https:\/\/futbolhoy.co\/index.php\/2021\/12\/22\/el-once-historico-entre-tolima-y-cali\/#breadcrumb"},"inLanguage":"es","potentialAction":[{"@type":"ReadAction","target":["https:\/\/futbolhoy.co\/index.php\/2021\/12\/22\/el-once-historico-entre-tolima-y-cali\/"]}]},{"@type":"ImageObject","inLanguage":"es","@id":"https:\/\/futbolhoy.co\/index.php\/2021\/12\/22\/el-once-historico-entre-tolima-y-cali\/#primaryimage","url":"https:\/\/futbolhoy.co\/wp-content\/uploads\/2021\/12\/B5Yxv8_IgAAT1EJ.jpg","contentUrl":"https:\/\/futbolhoy.co\/wp-content\/uploads\/2021\/12\/B5Yxv8_IgAAT1EJ.jpg","width":1600,"height":1200},{"@type":"BreadcrumbList","@id":"https:\/\/futbolhoy.co\/index.php\/2021\/12\/22\/el-once-historico-entre-tolima-y-cali\/#breadcrumb","itemListElement":[{"@type":"ListItem","position":1,"name":"Portada","item":"https:\/\/futbolhoy.co\/"},{"@type":"ListItem","position":2,"name":"El once hist\u00f3rico entre Tolima y Cali"}]},{"@type":"WebSite","@id":"https:\/\/futbolhoy.co\/#website","url":"https:\/\/futbolhoy.co\/","name":"FutbolHoy","description":"","publisher":{"@id":"https:\/\/futbolhoy.co\/#organization"},"potentialAction":[{"@type":"SearchAction","target":{"@type":"EntryPoint","urlTemplate":"https:\/\/futbolhoy.co\/?s={search_term_string}"},"query-input":{"@type":"PropertyValueSpecification","valueRequired":true,"valueName":"search_term_string"}}],"inLanguage":"es"},{"@type":"Organization","@id":"https:\/\/futbolhoy.co\/#organization","name":"Futbolhoy.co","url":"https:\/\/futbolhoy.co\/","logo":{"@type":"ImageObject","inLanguage":"es","@id":"https:\/\/futbolhoy.co\/#\/schema\/logo\/image\/","url":"https:\/\/futbolhoy.co\/wp-content\/uploads\/2018\/08\/17426380_1906371736249227_6326180412931521141_n.jpg","contentUrl":"https:\/\/futbolhoy.co\/wp-content\/uploads\/2018\/08\/17426380_1906371736249227_6326180412931521141_n.jpg","width":960,"height":960,"caption":"Futbolhoy.co"},"image":{"@id":"https:\/\/futbolhoy.co\/#\/schema\/logo\/image\/"},"sameAs":["https:\/\/www.facebook.com\/FutbolHoyCol\/","https:\/\/x.com\/FutbolHoyCol","https:\/\/www.instagram.com\/futbolhoycol\/"]},{"@type":"Person","@id":"https:\/\/futbolhoy.co\/#\/schema\/person\/c4a353a512b127643723a34bb1812f7d","name":"Laura Hern\u00e1ndez","image":{"@type":"ImageObject","inLanguage":"es","@id":"https:\/\/futbolhoy.co\/#\/schema\/person\/image\/","url":"https:\/\/secure.gravatar.com\/avatar\/d25959a15b9b293a743f99181c7cfd01?s=96&d=mm&r=g","contentUrl":"https:\/\/secure.gravatar.com\/avatar\/d25959a15b9b293a743f99181c7cfd01?s=96&d=mm&r=g","caption":"Laura Hern\u00e1ndez"}}]}},"publishpress_future_action":{"enabled":false,"date":"2026-05-03 17:14:29","action":"change-status","newStatus":"draft","terms":[],"taxonomy":"category","extraData":[]},"publishpress_future_workflow_manual_trigger":{"enabledWorkflows":[]},"_links":{"self":[{"href":"https:\/\/futbolhoy.co\/index.php\/wp-json\/wp\/v2\/posts\/73772","targetHints":{"allow":["GET"]}}],"collection":[{"href":"https:\/\/futbolhoy.co\/index.php\/wp-json\/wp\/v2\/posts"}],"about":[{"href":"https:\/\/futbolhoy.co\/index.php\/wp-json\/wp\/v2\/types\/post"}],"author":[{"embeddable":true,"href":"https:\/\/futbolhoy.co\/index.php\/wp-json\/wp\/v2\/users\/5"}],"replies":[{"embeddable":true,"href":"https:\/\/futbolhoy.co\/index.php\/wp-json\/wp\/v2\/comments?post=73772"}],"version-history":[{"count":1,"href":"https:\/\/futbolhoy.co\/index.php\/wp-json\/wp\/v2\/posts\/73772\/revisions"}],"predecessor-version":[{"id":73774,"href":"https:\/\/futbolhoy.co\/index.php\/wp-json\/wp\/v2\/posts\/73772\/revisions\/73774"}],"wp:featuredmedia":[{"embeddable":true,"href":"https:\/\/futbolhoy.co\/index.php\/wp-json\/wp\/v2\/media\/73773"}],"wp:attachment":[{"href":"https:\/\/futbolhoy.co\/index.php\/wp-json\/wp\/v2\/media?parent=73772"}],"wp:term":[{"taxonomy":"category","embeddable":true,"href":"https:\/\/futbolhoy.co\/index.php\/wp-json\/wp\/v2\/categories?post=73772"},{"taxonomy":"post_tag","embeddable":true,"href":"https:\/\/futbolhoy.co\/index.php\/wp-json\/wp\/v2\/tags?post=73772"}],"curies":[{"name":"wp","href":"https:\/\/api.w.org\/{rel}","templated":true}]}}