{"id":73797,"date":"2021-12-22T21:34:25","date_gmt":"2021-12-23T02:34:25","guid":{"rendered":"https:\/\/futbolhoy.co\/?p=73797"},"modified":"2021-12-23T12:30:33","modified_gmt":"2021-12-23T17:30:33","slug":"llego-la-decima-para-el-cali","status":"publish","type":"post","link":"https:\/\/futbolhoy.co\/index.php\/2021\/12\/22\/llego-la-decima-para-el-cali\/","title":{"rendered":"Lleg\u00f3 la d\u00e9cima para el Cali"},"content":{"rendered":"<div>\n<!--[if lt IE 9]><script>document.createElement('audio');<\/script><![endif]-->\n<audio class=\"wp-audio-shortcode\" id=\"audio-73797-1\" preload=\"none\" style=\"width: 100%;\" controls=\"controls\"><source type=\"audio\/mpeg\" src=\"https:\/\/futbolhoy.co\/wp-content\/uploads\/2021\/12\/dudamel-cam.mp3?_=1\" \/><a href=\"https:\/\/futbolhoy.co\/wp-content\/uploads\/2021\/12\/dudamel-cam.mp3\">https:\/\/futbolhoy.co\/wp-content\/uploads\/2021\/12\/dudamel-cam.mp3<\/a><\/audio>\n<p><span style=\"font-size: 10pt; font-family: helvetica, arial, sans-serif;\"><em><strong>Rafael Dudamel - DT Deportivo Cali, cortes\u00eda Win Sports\u00a0<\/strong><\/em><\/span><\/p>\n<audio class=\"wp-audio-shortcode\" id=\"audio-73797-2\" preload=\"none\" style=\"width: 100%;\" controls=\"controls\"><source type=\"audio\/mpeg\" src=\"https:\/\/futbolhoy.co\/wp-content\/uploads\/2021\/12\/TEO.mp3?_=2\" \/><a href=\"https:\/\/futbolhoy.co\/wp-content\/uploads\/2021\/12\/TEO.mp3\">https:\/\/futbolhoy.co\/wp-content\/uploads\/2021\/12\/TEO.mp3<\/a><\/audio>\n<p><span style=\"font-size: 10pt; font-family: helvetica, arial, sans-serif;\"><strong><em>Te\u00f3filo Guti\u00e9rrez - Jugador Deportivo Cali, cortes\u00eda Win Sports\u00a0<\/em><\/strong><\/span><\/p>\n<p style=\"text-align: justify;\"><span style=\"font-family: helvetica, arial, sans-serif;\"><b>Deportivo Cali<\/b>\u00a0se coron\u00f3 campe\u00f3n de la\u00a0<b>Liga BetPlay Dimayor II 2021<\/b>, luego de remontar el partido y vencer en la vuelta por la final 1-2 al\u00a0<b>Deportes Tolima<\/b>, lo que le permiti\u00f3 sumar el d\u00e9cimo t\u00edtulo de su historia.<\/span><\/p>\n<p style=\"text-align: justify;\"><span style=\"font-family: helvetica, arial, sans-serif;\">El\u00a0<b>\u2018pijao\u2019<\/b>\u00a0se fue en ventaja a los 14 minutos con gol de su capit\u00e1n\u00a0<b>Juli\u00e1n Qui\u00f1ones<\/b>, de golpe de cabeza a la salida de un tiro de esquina cobrado por\u00a0<b>Daniel Cata\u00f1o<\/b>.<\/span><\/p>\n<p style=\"text-align: justify;\"><span style=\"font-family: helvetica, arial, sans-serif;\">Los goles del\u00a0<b>\u2018azucarero\u2019<\/b>\u00a0fueron obra de\u00a0<b>Jhon V\u00e1squez<\/b>\u00a0a los 59 minutos, tras recibir una habilitaci\u00f3n de\u00a0<b>\u00c1ngelo Rodr\u00edguez<\/b>; y\u00a0<b>Harold Preciado<\/b>\u00a0de penalti, por una mano en el \u00e1rea del defensa\u00a0<b>Eduar Caicedo<\/b>.<\/span><\/p>\n<p style=\"text-align: justify;\"><span style=\"font-family: helvetica, arial, sans-serif;\">Preciado se coron\u00f3 como el m\u00e1ximo goleador del campeonato con 13 anotaciones.<\/span><\/p>\n<p style=\"text-align: justify;\"><span style=\"font-family: helvetica, arial, sans-serif;\">El Cali hizo m\u00e1s por el partido en ofensiva durante los 90 minutos, pero solo pudo concretar en el segundo per\u00edodo, sin renunciar a su filosof\u00eda de juego, que lo llev\u00f3 al \u00e9xito; mientras que el Tolima quiso ser vertical en su f\u00fatbol, pero no fue preciso.<\/span><\/p>\n<p style=\"text-align: justify;\"><span style=\"font-family: helvetica, arial, sans-serif;\">El t\u00e9cnico de los vallecaucanos, el venezolano\u00a0<b>Rafael Dudamel<\/b>, alcanz\u00f3 su primer t\u00edtulo como entrenador, con un equipo donde fue campe\u00f3n como portero en 1998.<\/span><\/p>\n<p style=\"text-align: justify;\"><span style=\"font-family: helvetica, arial, sans-serif;\">Deportivo Cali representar\u00e1 a\u00a0<b>Colombia<\/b>\u00a0en la fase de grupos de la\u00a0<b>Copa Libertadores 2022<\/b>\u00a0y envi\u00f3 a\u00a0<b>Millonarios<\/b>\u00a0a jugar la segunda fase contra\u00a0<b>Fluminense de Brasil.<\/b><\/span><\/p>\n<p style=\"text-align: justify;\"><span style=\"font-family: helvetica, arial, sans-serif;\"><b>Formaciones:<\/b><\/span><\/p>\n<p style=\"text-align: justify;\"><span style=\"font-family: helvetica, arial, sans-serif;\"><b>Tolima:<\/b>\u00a0William Cuesta; Harold G\u00f3mez Juli\u00e1n Qui\u00f1ones, Eduar Caicedo, Junior Hern\u00e1ndez; Cristian Trujillo, Juan David R\u00edos (Yohandry Orozco 81\u2019); Daniel Cata\u00f1o (Juan Fernando Caicedo 66\u2019), Anderson Plata, \u00d3mar Albornoz (Andrey Estupi\u00f1\u00e1n (79\u2019); y Gustavo Adri\u00e1n Ram\u00edrez.<\/span><\/p>\n<p style=\"text-align: justify;\"><span style=\"font-family: helvetica, arial, sans-serif;\"><b>Cali:<\/b>\u00a0Guillermo de Amores; Juan Esteban Franco (Juan Camilo Angulo 53\u2019), Hern\u00e1n Menosse, Jorge Marsiglia, Kevin Velasco; Andr\u00e9s Balanta (Andr\u00e9s Colorado 53\u2019), Johjan Valencia; Jhon V\u00e1squez (Jos\u00e9 Caldera 79\u2019), Te\u00f3filo Guti\u00e9rrez (Michael Ortega 84\u2019); \u00c1ngelo Rodr\u00edguez y Harold Preciado.<\/span><\/p>\n<p style=\"text-align: justify;\"><span style=\"font-family: helvetica, arial, sans-serif;\"><b>\u00c1rbitro:<\/b> Alexander Ospina (QUI).<\/span><\/p>\n<\/div>\n<div class=\"adL\" style=\"text-align: justify;\"><\/div>\n","protected":false},"excerpt":{"rendered":"<p>Rafael Dudamel - DT Deportivo Cali, cortes\u00eda Win Sports\u00a0 Te\u00f3filo Guti\u00e9rrez - Jugador Deportivo Cali, cortes\u00eda Win Sports\u00a0 Deportivo Cali\u00a0se coron\u00f3 campe\u00f3n de la\u00a0Liga BetPlay Dimayor II 2021, luego de remontar el partido y vencer en la vuelta por la final 1-2 al\u00a0Deportes Tolima, lo que le permiti\u00f3 sumar el d\u00e9cimo t\u00edtulo de su historia. [&hellip;]<\/p>\n","protected":false},"author":5,"featured_media":73816,"comment_status":"open","ping_status":"open","sticky":false,"template":"","format":"video","meta":{"_acf_changed":false,"footnotes":""},"categories":[7],"tags":[],"class_list":{"0":"post-73797","1":"post","2":"type-post","3":"status-publish","4":"format-video","5":"has-post-thumbnail","7":"category-liga-betplay","8":"post_format-post-format-video"},"acf":[],"yoast_head":"<!-- This site is optimized with the Yoast SEO plugin v26.8 - https:\/\/yoast.com\/product\/yoast-seo-wordpress\/ -->\n<title>Lleg\u00f3 la d\u00e9cima para el Cali -<\/title>\n<meta name=\"robots\" content=\"index, follow, max-snippet:-1, max-image-preview:large, max-video-preview:-1\" \/>\n<link rel=\"canonical\" href=\"https:\/\/futbolhoy.co\/index.php\/2021\/12\/22\/llego-la-decima-para-el-cali\/\" \/>\n<meta property=\"og:locale\" content=\"es_ES\" \/>\n<meta property=\"og:type\" content=\"article\" \/>\n<meta property=\"og:title\" content=\"Lleg\u00f3 la d\u00e9cima para el Cali -\" \/>\n<meta property=\"og:description\" content=\"Rafael Dudamel - DT Deportivo Cali, cortes\u00eda Win Sports\u00a0 Te\u00f3filo Guti\u00e9rrez - Jugador Deportivo Cali, cortes\u00eda Win Sports\u00a0 Deportivo Cali\u00a0se coron\u00f3 campe\u00f3n de la\u00a0Liga BetPlay Dimayor II 2021, luego de remontar el partido y vencer en la vuelta por la final 1-2 al\u00a0Deportes Tolima, lo que le permiti\u00f3 sumar el d\u00e9cimo t\u00edtulo de su historia. [&hellip;]\" \/>\n<meta property=\"og:url\" content=\"https:\/\/futbolhoy.co\/index.php\/2021\/12\/22\/llego-la-decima-para-el-cali\/\" \/>\n<meta property=\"article:publisher\" content=\"https:\/\/www.facebook.com\/FutbolHoyCol\/\" \/>\n<meta property=\"article:published_time\" content=\"2021-12-23T02:34:25+00:00\" \/>\n<meta property=\"article:modified_time\" content=\"2021-12-23T17:30:33+00:00\" \/>\n<meta property=\"og:image\" content=\"https:\/\/futbolhoy.co\/wp-content\/uploads\/2021\/12\/WhatsApp-Image-2021-12-22-at-6.39.54-PM.jpeg\" \/>\n\t<meta property=\"og:image:width\" content=\"1000\" \/>\n\t<meta property=\"og:image:height\" content=\"900\" \/>\n\t<meta property=\"og:image:type\" content=\"image\/jpeg\" \/>\n<meta name=\"author\" content=\"Laura Hern\u00e1ndez\" \/>\n<meta name=\"twitter:card\" content=\"summary_large_image\" \/>\n<meta name=\"twitter:creator\" content=\"@FutbolHoyCol\" \/>\n<meta name=\"twitter:site\" content=\"@FutbolHoyCol\" \/>\n<meta name=\"twitter:label1\" content=\"Escrito por\" \/>\n\t<meta name=\"twitter:data1\" content=\"Laura Hern\u00e1ndez\" \/>\n\t<meta name=\"twitter:label2\" content=\"Tiempo de lectura\" \/>\n\t<meta name=\"twitter:data2\" content=\"2 minutos\" \/>\n<script type=\"application\/ld+json\" class=\"yoast-schema-graph\">{\"@context\":\"https:\/\/schema.org\",\"@graph\":[{\"@type\":\"Article\",\"@id\":\"https:\/\/futbolhoy.co\/index.php\/2021\/12\/22\/llego-la-decima-para-el-cali\/#article\",\"isPartOf\":{\"@id\":\"https:\/\/futbolhoy.co\/index.php\/2021\/12\/22\/llego-la-decima-para-el-cali\/\"},\"author\":{\"name\":\"Laura Hern\u00e1ndez\",\"@id\":\"https:\/\/futbolhoy.co\/#\/schema\/person\/c4a353a512b127643723a34bb1812f7d\"},\"headline\":\"Lleg\u00f3 la d\u00e9cima para el Cali\",\"datePublished\":\"2021-12-23T02:34:25+00:00\",\"dateModified\":\"2021-12-23T17:30:33+00:00\",\"mainEntityOfPage\":{\"@id\":\"https:\/\/futbolhoy.co\/index.php\/2021\/12\/22\/llego-la-decima-para-el-cali\/\"},\"wordCount\":369,\"commentCount\":0,\"publisher\":{\"@id\":\"https:\/\/futbolhoy.co\/#organization\"},\"image\":{\"@id\":\"https:\/\/futbolhoy.co\/index.php\/2021\/12\/22\/llego-la-decima-para-el-cali\/#primaryimage\"},\"thumbnailUrl\":\"https:\/\/futbolhoy.co\/wp-content\/uploads\/2021\/12\/WhatsApp-Image-2021-12-22-at-6.39.54-PM.jpeg\",\"articleSection\":[\"Liga BetPlay\"],\"inLanguage\":\"es\",\"potentialAction\":[{\"@type\":\"CommentAction\",\"name\":\"Comment\",\"target\":[\"https:\/\/futbolhoy.co\/index.php\/2021\/12\/22\/llego-la-decima-para-el-cali\/#respond\"]}]},{\"@type\":\"WebPage\",\"@id\":\"https:\/\/futbolhoy.co\/index.php\/2021\/12\/22\/llego-la-decima-para-el-cali\/\",\"url\":\"https:\/\/futbolhoy.co\/index.php\/2021\/12\/22\/llego-la-decima-para-el-cali\/\",\"name\":\"Lleg\u00f3 la d\u00e9cima para el Cali -\",\"isPartOf\":{\"@id\":\"https:\/\/futbolhoy.co\/#website\"},\"primaryImageOfPage\":{\"@id\":\"https:\/\/futbolhoy.co\/index.php\/2021\/12\/22\/llego-la-decima-para-el-cali\/#primaryimage\"},\"image\":{\"@id\":\"https:\/\/futbolhoy.co\/index.php\/2021\/12\/22\/llego-la-decima-para-el-cali\/#primaryimage\"},\"thumbnailUrl\":\"https:\/\/futbolhoy.co\/wp-content\/uploads\/2021\/12\/WhatsApp-Image-2021-12-22-at-6.39.54-PM.jpeg\",\"datePublished\":\"2021-12-23T02:34:25+00:00\",\"dateModified\":\"2021-12-23T17:30:33+00:00\",\"breadcrumb\":{\"@id\":\"https:\/\/futbolhoy.co\/index.php\/2021\/12\/22\/llego-la-decima-para-el-cali\/#breadcrumb\"},\"inLanguage\":\"es\",\"potentialAction\":[{\"@type\":\"ReadAction\",\"target\":[\"https:\/\/futbolhoy.co\/index.php\/2021\/12\/22\/llego-la-decima-para-el-cali\/\"]}]},{\"@type\":\"ImageObject\",\"inLanguage\":\"es\",\"@id\":\"https:\/\/futbolhoy.co\/index.php\/2021\/12\/22\/llego-la-decima-para-el-cali\/#primaryimage\",\"url\":\"https:\/\/futbolhoy.co\/wp-content\/uploads\/2021\/12\/WhatsApp-Image-2021-12-22-at-6.39.54-PM.jpeg\",\"contentUrl\":\"https:\/\/futbolhoy.co\/wp-content\/uploads\/2021\/12\/WhatsApp-Image-2021-12-22-at-6.39.54-PM.jpeg\",\"width\":1000,\"height\":900},{\"@type\":\"BreadcrumbList\",\"@id\":\"https:\/\/futbolhoy.co\/index.php\/2021\/12\/22\/llego-la-decima-para-el-cali\/#breadcrumb\",\"itemListElement\":[{\"@type\":\"ListItem\",\"position\":1,\"name\":\"Portada\",\"item\":\"https:\/\/futbolhoy.co\/\"},{\"@type\":\"ListItem\",\"position\":2,\"name\":\"Lleg\u00f3 la d\u00e9cima para el Cali\"}]},{\"@type\":\"WebSite\",\"@id\":\"https:\/\/futbolhoy.co\/#website\",\"url\":\"https:\/\/futbolhoy.co\/\",\"name\":\"FutbolHoy\",\"description\":\"\",\"publisher\":{\"@id\":\"https:\/\/futbolhoy.co\/#organization\"},\"potentialAction\":[{\"@type\":\"SearchAction\",\"target\":{\"@type\":\"EntryPoint\",\"urlTemplate\":\"https:\/\/futbolhoy.co\/?s={search_term_string}\"},\"query-input\":{\"@type\":\"PropertyValueSpecification\",\"valueRequired\":true,\"valueName\":\"search_term_string\"}}],\"inLanguage\":\"es\"},{\"@type\":\"Organization\",\"@id\":\"https:\/\/futbolhoy.co\/#organization\",\"name\":\"Futbolhoy.co\",\"url\":\"https:\/\/futbolhoy.co\/\",\"logo\":{\"@type\":\"ImageObject\",\"inLanguage\":\"es\",\"@id\":\"https:\/\/futbolhoy.co\/#\/schema\/logo\/image\/\",\"url\":\"https:\/\/futbolhoy.co\/wp-content\/uploads\/2018\/08\/17426380_1906371736249227_6326180412931521141_n.jpg\",\"contentUrl\":\"https:\/\/futbolhoy.co\/wp-content\/uploads\/2018\/08\/17426380_1906371736249227_6326180412931521141_n.jpg\",\"width\":960,\"height\":960,\"caption\":\"Futbolhoy.co\"},\"image\":{\"@id\":\"https:\/\/futbolhoy.co\/#\/schema\/logo\/image\/\"},\"sameAs\":[\"https:\/\/www.facebook.com\/FutbolHoyCol\/\",\"https:\/\/x.com\/FutbolHoyCol\",\"https:\/\/www.instagram.com\/futbolhoycol\/\"]},{\"@type\":\"Person\",\"@id\":\"https:\/\/futbolhoy.co\/#\/schema\/person\/c4a353a512b127643723a34bb1812f7d\",\"name\":\"Laura Hern\u00e1ndez\",\"image\":{\"@type\":\"ImageObject\",\"inLanguage\":\"es\",\"@id\":\"https:\/\/futbolhoy.co\/#\/schema\/person\/image\/\",\"url\":\"https:\/\/secure.gravatar.com\/avatar\/d25959a15b9b293a743f99181c7cfd01?s=96&d=mm&r=g\",\"contentUrl\":\"https:\/\/secure.gravatar.com\/avatar\/d25959a15b9b293a743f99181c7cfd01?s=96&d=mm&r=g\",\"caption\":\"Laura Hern\u00e1ndez\"}}]}<\/script>\n<!-- \/ Yoast SEO plugin. -->","yoast_head_json":{"title":"Lleg\u00f3 la d\u00e9cima para el Cali -","robots":{"index":"index","follow":"follow","max-snippet":"max-snippet:-1","max-image-preview":"max-image-preview:large","max-video-preview":"max-video-preview:-1"},"canonical":"https:\/\/futbolhoy.co\/index.php\/2021\/12\/22\/llego-la-decima-para-el-cali\/","og_locale":"es_ES","og_type":"article","og_title":"Lleg\u00f3 la d\u00e9cima para el Cali -","og_description":"Rafael Dudamel - DT Deportivo Cali, cortes\u00eda Win Sports\u00a0 Te\u00f3filo Guti\u00e9rrez - Jugador Deportivo Cali, cortes\u00eda Win Sports\u00a0 Deportivo Cali\u00a0se coron\u00f3 campe\u00f3n de la\u00a0Liga BetPlay Dimayor II 2021, luego de remontar el partido y vencer en la vuelta por la final 1-2 al\u00a0Deportes Tolima, lo que le permiti\u00f3 sumar el d\u00e9cimo t\u00edtulo de su historia. [&hellip;]","og_url":"https:\/\/futbolhoy.co\/index.php\/2021\/12\/22\/llego-la-decima-para-el-cali\/","article_publisher":"https:\/\/www.facebook.com\/FutbolHoyCol\/","article_published_time":"2021-12-23T02:34:25+00:00","article_modified_time":"2021-12-23T17:30:33+00:00","og_image":[{"width":1000,"height":900,"url":"https:\/\/futbolhoy.co\/wp-content\/uploads\/2021\/12\/WhatsApp-Image-2021-12-22-at-6.39.54-PM.jpeg","type":"image\/jpeg"}],"author":"Laura Hern\u00e1ndez","twitter_card":"summary_large_image","twitter_creator":"@FutbolHoyCol","twitter_site":"@FutbolHoyCol","twitter_misc":{"Escrito por":"Laura Hern\u00e1ndez","Tiempo de lectura":"2 minutos"},"schema":{"@context":"https:\/\/schema.org","@graph":[{"@type":"Article","@id":"https:\/\/futbolhoy.co\/index.php\/2021\/12\/22\/llego-la-decima-para-el-cali\/#article","isPartOf":{"@id":"https:\/\/futbolhoy.co\/index.php\/2021\/12\/22\/llego-la-decima-para-el-cali\/"},"author":{"name":"Laura Hern\u00e1ndez","@id":"https:\/\/futbolhoy.co\/#\/schema\/person\/c4a353a512b127643723a34bb1812f7d"},"headline":"Lleg\u00f3 la d\u00e9cima para el Cali","datePublished":"2021-12-23T02:34:25+00:00","dateModified":"2021-12-23T17:30:33+00:00","mainEntityOfPage":{"@id":"https:\/\/futbolhoy.co\/index.php\/2021\/12\/22\/llego-la-decima-para-el-cali\/"},"wordCount":369,"commentCount":0,"publisher":{"@id":"https:\/\/futbolhoy.co\/#organization"},"image":{"@id":"https:\/\/futbolhoy.co\/index.php\/2021\/12\/22\/llego-la-decima-para-el-cali\/#primaryimage"},"thumbnailUrl":"https:\/\/futbolhoy.co\/wp-content\/uploads\/2021\/12\/WhatsApp-Image-2021-12-22-at-6.39.54-PM.jpeg","articleSection":["Liga BetPlay"],"inLanguage":"es","potentialAction":[{"@type":"CommentAction","name":"Comment","target":["https:\/\/futbolhoy.co\/index.php\/2021\/12\/22\/llego-la-decima-para-el-cali\/#respond"]}]},{"@type":"WebPage","@id":"https:\/\/futbolhoy.co\/index.php\/2021\/12\/22\/llego-la-decima-para-el-cali\/","url":"https:\/\/futbolhoy.co\/index.php\/2021\/12\/22\/llego-la-decima-para-el-cali\/","name":"Lleg\u00f3 la d\u00e9cima para el Cali -","isPartOf":{"@id":"https:\/\/futbolhoy.co\/#website"},"primaryImageOfPage":{"@id":"https:\/\/futbolhoy.co\/index.php\/2021\/12\/22\/llego-la-decima-para-el-cali\/#primaryimage"},"image":{"@id":"https:\/\/futbolhoy.co\/index.php\/2021\/12\/22\/llego-la-decima-para-el-cali\/#primaryimage"},"thumbnailUrl":"https:\/\/futbolhoy.co\/wp-content\/uploads\/2021\/12\/WhatsApp-Image-2021-12-22-at-6.39.54-PM.jpeg","datePublished":"2021-12-23T02:34:25+00:00","dateModified":"2021-12-23T17:30:33+00:00","breadcrumb":{"@id":"https:\/\/futbolhoy.co\/index.php\/2021\/12\/22\/llego-la-decima-para-el-cali\/#breadcrumb"},"inLanguage":"es","potentialAction":[{"@type":"ReadAction","target":["https:\/\/futbolhoy.co\/index.php\/2021\/12\/22\/llego-la-decima-para-el-cali\/"]}]},{"@type":"ImageObject","inLanguage":"es","@id":"https:\/\/futbolhoy.co\/index.php\/2021\/12\/22\/llego-la-decima-para-el-cali\/#primaryimage","url":"https:\/\/futbolhoy.co\/wp-content\/uploads\/2021\/12\/WhatsApp-Image-2021-12-22-at-6.39.54-PM.jpeg","contentUrl":"https:\/\/futbolhoy.co\/wp-content\/uploads\/2021\/12\/WhatsApp-Image-2021-12-22-at-6.39.54-PM.jpeg","width":1000,"height":900},{"@type":"BreadcrumbList","@id":"https:\/\/futbolhoy.co\/index.php\/2021\/12\/22\/llego-la-decima-para-el-cali\/#breadcrumb","itemListElement":[{"@type":"ListItem","position":1,"name":"Portada","item":"https:\/\/futbolhoy.co\/"},{"@type":"ListItem","position":2,"name":"Lleg\u00f3 la d\u00e9cima para el Cali"}]},{"@type":"WebSite","@id":"https:\/\/futbolhoy.co\/#website","url":"https:\/\/futbolhoy.co\/","name":"FutbolHoy","description":"","publisher":{"@id":"https:\/\/futbolhoy.co\/#organization"},"potentialAction":[{"@type":"SearchAction","target":{"@type":"EntryPoint","urlTemplate":"https:\/\/futbolhoy.co\/?s={search_term_string}"},"query-input":{"@type":"PropertyValueSpecification","valueRequired":true,"valueName":"search_term_string"}}],"inLanguage":"es"},{"@type":"Organization","@id":"https:\/\/futbolhoy.co\/#organization","name":"Futbolhoy.co","url":"https:\/\/futbolhoy.co\/","logo":{"@type":"ImageObject","inLanguage":"es","@id":"https:\/\/futbolhoy.co\/#\/schema\/logo\/image\/","url":"https:\/\/futbolhoy.co\/wp-content\/uploads\/2018\/08\/17426380_1906371736249227_6326180412931521141_n.jpg","contentUrl":"https:\/\/futbolhoy.co\/wp-content\/uploads\/2018\/08\/17426380_1906371736249227_6326180412931521141_n.jpg","width":960,"height":960,"caption":"Futbolhoy.co"},"image":{"@id":"https:\/\/futbolhoy.co\/#\/schema\/logo\/image\/"},"sameAs":["https:\/\/www.facebook.com\/FutbolHoyCol\/","https:\/\/x.com\/FutbolHoyCol","https:\/\/www.instagram.com\/futbolhoycol\/"]},{"@type":"Person","@id":"https:\/\/futbolhoy.co\/#\/schema\/person\/c4a353a512b127643723a34bb1812f7d","name":"Laura Hern\u00e1ndez","image":{"@type":"ImageObject","inLanguage":"es","@id":"https:\/\/futbolhoy.co\/#\/schema\/person\/image\/","url":"https:\/\/secure.gravatar.com\/avatar\/d25959a15b9b293a743f99181c7cfd01?s=96&d=mm&r=g","contentUrl":"https:\/\/secure.gravatar.com\/avatar\/d25959a15b9b293a743f99181c7cfd01?s=96&d=mm&r=g","caption":"Laura Hern\u00e1ndez"}}]}},"publishpress_future_action":{"enabled":false,"date":"2026-05-04 05:59:14","action":"change-status","newStatus":"draft","terms":[],"taxonomy":"category","extraData":[]},"publishpress_future_workflow_manual_trigger":{"enabledWorkflows":[]},"_links":{"self":[{"href":"https:\/\/futbolhoy.co\/index.php\/wp-json\/wp\/v2\/posts\/73797","targetHints":{"allow":["GET"]}}],"collection":[{"href":"https:\/\/futbolhoy.co\/index.php\/wp-json\/wp\/v2\/posts"}],"about":[{"href":"https:\/\/futbolhoy.co\/index.php\/wp-json\/wp\/v2\/types\/post"}],"author":[{"embeddable":true,"href":"https:\/\/futbolhoy.co\/index.php\/wp-json\/wp\/v2\/users\/5"}],"replies":[{"embeddable":true,"href":"https:\/\/futbolhoy.co\/index.php\/wp-json\/wp\/v2\/comments?post=73797"}],"version-history":[{"count":3,"href":"https:\/\/futbolhoy.co\/index.php\/wp-json\/wp\/v2\/posts\/73797\/revisions"}],"predecessor-version":[{"id":73841,"href":"https:\/\/futbolhoy.co\/index.php\/wp-json\/wp\/v2\/posts\/73797\/revisions\/73841"}],"wp:featuredmedia":[{"embeddable":true,"href":"https:\/\/futbolhoy.co\/index.php\/wp-json\/wp\/v2\/media\/73816"}],"wp:attachment":[{"href":"https:\/\/futbolhoy.co\/index.php\/wp-json\/wp\/v2\/media?parent=73797"}],"wp:term":[{"taxonomy":"category","embeddable":true,"href":"https:\/\/futbolhoy.co\/index.php\/wp-json\/wp\/v2\/categories?post=73797"},{"taxonomy":"post_tag","embeddable":true,"href":"https:\/\/futbolhoy.co\/index.php\/wp-json\/wp\/v2\/tags?post=73797"}],"curies":[{"name":"wp","href":"https:\/\/api.w.org\/{rel}","templated":true}]}}