{"id":73845,"date":"2021-12-23T06:30:33","date_gmt":"2021-12-23T11:30:33","guid":{"rendered":"https:\/\/futbolhoy.co\/?p=73845"},"modified":"2021-12-24T07:28:34","modified_gmt":"2021-12-24T12:28:34","slug":"colombia-cerro-el-ano-en-el-puesto-16-de-la-fifa","status":"publish","type":"post","link":"https:\/\/futbolhoy.co\/index.php\/2021\/12\/23\/colombia-cerro-el-ano-en-el-puesto-16-de-la-fifa\/","title":{"rendered":"Colombia cerr\u00f3 el a\u00f1o en el puesto 16 de la FIFA"},"content":{"rendered":"<p class=\"x_ydp6976e52cMsoNormal\" style=\"text-align: justify;\"><span lang=\"ES-MX\" style=\"font-family: helvetica, arial, sans-serif;\">La <b>selecci\u00f3n Colombia<\/b> no modific\u00f3 su posici\u00f3n en el \u00faltimo mes y termin\u00f3 el a\u00f1o 2021 en el puesto 16 del ranking que establece la <b>FIFA<\/b>, el cual es dominado por <b>B\u00e9lgica<\/b>.<\/span><\/p>\n<p class=\"x_ydp6976e52cMsoNormal\" style=\"text-align: justify;\"><span lang=\"ES-MX\" style=\"font-family: helvetica, arial, sans-serif;\">El equipo que dirige <b>Reinaldo Rueda<\/b> suma 1.607 puntos; contra los 1.828 de los belgas, que son escoltados por <b>Brasil<\/b> con 1.826 y <b>Francia<\/b> con 1.786.<\/span><\/p>\n<p class=\"x_ydp6976e52cMsoNormal\" style=\"text-align: justify;\"><span lang=\"ES-MX\" style=\"font-family: helvetica, arial, sans-serif;\">Los campeones continentales de <b>Am\u00e9rica y Europa<\/b>figuran en las casillas seis y siete respectivamente, <b>Argentina<\/b> con 1.750 unidades e <b>Italia<\/b> con 1.740.<\/span><\/p>\n<p class=\"x_ydp6976e52cMsoNormal\" style=\"text-align: justify;\"><span lang=\"ES-MX\" style=\"font-family: helvetica, arial, sans-serif;\">Per\u00fa, pr\u00f3ximo rival de Colombia en las eliminatorias al <b>Mundial de Qatar 2022<\/b>, ocupa el lugar 22; mientras que <b>Honduras<\/b>, del t\u00e9cnico <b>Hern\u00e1n Dar\u00edo \u2018Bolillo\u2019 G\u00f3mez<\/b> aparece en el puesto 76.<\/span><\/p>\n<table style=\"border-collapse: collapse; width: 33.5219%;\" border=\"0\" width=\"240\" cellspacing=\"0\" cellpadding=\"0\">\n<tbody>\n<tr style=\"height: 15.0pt;\">\n<td class=\"xl63\" style=\"height: 15pt; width: 25%;\" width=\"80\" height=\"20\"><strong>Pos.<\/strong><\/td>\n<td class=\"xl63\" style=\"border-left: none; width: 54.661%;\" width=\"80\"><strong>Pa\u00eds<\/strong><\/td>\n<td class=\"xl63\" style=\"border-left: none; width: 19.9153%;\" width=\"80\"><strong>Puntos<\/strong><\/td>\n<\/tr>\n<tr style=\"height: 15.0pt;\">\n<td class=\"xl63\" style=\"height: 15pt; border-top: none; width: 25%;\" align=\"right\" height=\"20\">1<\/td>\n<td class=\"xl63\" style=\"border-top: none; border-left: none; width: 54.661%;\">B\u00e9lgica<\/td>\n<td class=\"xl63\" style=\"border-top: none; border-left: none; width: 19.9153%;\" align=\"right\">1928<\/td>\n<\/tr>\n<tr style=\"height: 15.0pt;\">\n<td class=\"xl63\" style=\"height: 15pt; border-top: none; width: 25%;\" align=\"right\" height=\"20\">2<\/td>\n<td class=\"xl63\" style=\"border-top: none; border-left: none; width: 54.661%;\">Brasil<\/td>\n<td class=\"xl63\" style=\"border-top: none; border-left: none; width: 19.9153%;\" align=\"right\">1826<\/td>\n<\/tr>\n<tr style=\"height: 15.0pt;\">\n<td class=\"xl63\" style=\"height: 15pt; border-top: none; width: 25%;\" align=\"right\" height=\"20\">3<\/td>\n<td class=\"xl63\" style=\"border-top: none; border-left: none; width: 54.661%;\">Francia<\/td>\n<td class=\"xl63\" style=\"border-top: none; border-left: none; width: 19.9153%;\" align=\"right\">1786<\/td>\n<\/tr>\n<tr style=\"height: 15.0pt;\">\n<td class=\"xl63\" style=\"height: 15pt; border-top: none; width: 25%;\" align=\"right\" height=\"20\">4<\/td>\n<td class=\"xl63\" style=\"border-top: none; border-left: none; width: 54.661%;\">Inglaterra<\/td>\n<td class=\"xl63\" style=\"border-top: none; border-left: none; width: 19.9153%;\" align=\"right\">1755<\/td>\n<\/tr>\n<tr style=\"height: 15.0pt;\">\n<td class=\"xl63\" style=\"height: 15pt; border-top: none; width: 25%;\" align=\"right\" height=\"20\">5<\/td>\n<td class=\"xl63\" style=\"border-top: none; border-left: none; width: 54.661%;\">Argentina<\/td>\n<td class=\"xl63\" style=\"border-top: none; border-left: none; width: 19.9153%;\" align=\"right\">1750<\/td>\n<\/tr>\n<tr style=\"height: 15.0pt;\">\n<td class=\"xl63\" style=\"height: 15pt; border-top: none; width: 25%;\" align=\"right\" height=\"20\">6<\/td>\n<td class=\"xl63\" style=\"border-top: none; border-left: none; width: 54.661%;\">Italia<\/td>\n<td class=\"xl63\" style=\"border-top: none; border-left: none; width: 19.9153%;\" align=\"right\">1740<\/td>\n<\/tr>\n<tr style=\"height: 15.0pt;\">\n<td class=\"xl63\" style=\"height: 15pt; border-top: none; width: 25%;\" align=\"right\" height=\"20\">7<\/td>\n<td class=\"xl63\" style=\"border-top: none; border-left: none; width: 54.661%;\">Espa\u00f1a<\/td>\n<td class=\"xl63\" style=\"border-top: none; border-left: none; width: 19.9153%;\" align=\"right\">1704<\/td>\n<\/tr>\n<tr style=\"height: 15.0pt;\">\n<td class=\"xl63\" style=\"height: 15pt; border-top: none; width: 25%;\" align=\"right\" height=\"20\">8<\/td>\n<td class=\"xl63\" style=\"border-top: none; border-left: none; width: 54.661%;\">Portugal<\/td>\n<td class=\"xl63\" style=\"border-top: none; border-left: none; width: 19.9153%;\" align=\"right\">1660<\/td>\n<\/tr>\n<tr style=\"height: 15.0pt;\">\n<td class=\"xl63\" style=\"height: 15pt; border-top: none; width: 25%;\" align=\"right\" height=\"20\">9<\/td>\n<td class=\"xl63\" style=\"border-top: none; border-left: none; width: 54.661%;\">Dinamarca<\/td>\n<td class=\"xl63\" style=\"border-top: none; border-left: none; width: 19.9153%;\" align=\"right\">1654<\/td>\n<\/tr>\n<tr style=\"height: 15.0pt;\">\n<td class=\"xl63\" style=\"height: 15pt; border-top: none; width: 25%;\" align=\"right\" height=\"20\">10<\/td>\n<td class=\"xl63\" style=\"border-top: none; border-left: none; width: 54.661%;\">Pa\u00edses Bajos<\/td>\n<td class=\"xl63\" style=\"border-top: none; border-left: none; width: 19.9153%;\" align=\"right\">1653<\/td>\n<\/tr>\n<tr style=\"height: 15.0pt;\">\n<td class=\"xl63\" style=\"height: 15pt; border-top: none; width: 25%;\" align=\"right\" height=\"20\">16<\/td>\n<td class=\"xl63\" style=\"border-top: none; border-left: none; width: 54.661%;\">Colombia<\/td>\n<td class=\"xl63\" style=\"border-top: none; border-left: none; width: 19.9153%;\" align=\"right\">1607<\/td>\n<\/tr>\n<tr style=\"height: 15.0pt;\">\n<td class=\"xl63\" style=\"height: 15pt; border-top: none; width: 25%;\" align=\"right\" height=\"20\">17<\/td>\n<td class=\"xl63\" style=\"border-top: none; border-left: none; width: 54.661%;\">Uruguay<\/td>\n<td class=\"xl63\" style=\"border-top: none; border-left: none; width: 19.9153%;\" align=\"right\">1596<\/td>\n<\/tr>\n<tr style=\"height: 15.0pt;\">\n<td class=\"xl63\" style=\"height: 15pt; border-top: none; width: 25%;\" align=\"right\" height=\"20\">22<\/td>\n<td class=\"xl63\" style=\"border-top: none; border-left: none; width: 54.661%;\">Per\u00fa<\/td>\n<td class=\"xl63\" style=\"border-top: none; border-left: none; width: 19.9153%;\" align=\"right\">1551<\/td>\n<\/tr>\n<tr style=\"height: 15.0pt;\">\n<td class=\"xl63\" style=\"height: 15pt; border-top: none; width: 25%;\" align=\"right\" height=\"20\">24<\/td>\n<td class=\"xl63\" style=\"border-top: none; border-left: none; width: 54.661%;\">Chile<\/td>\n<td class=\"xl63\" style=\"border-top: none; border-left: none; width: 19.9153%;\" align=\"right\">1543<\/td>\n<\/tr>\n<tr style=\"height: 15.0pt;\">\n<td class=\"xl63\" style=\"height: 15pt; border-top: none; width: 25%;\" align=\"right\" height=\"20\">43<\/td>\n<td class=\"xl63\" style=\"border-top: none; border-left: none; width: 54.661%;\">Paraguay<\/td>\n<td class=\"xl63\" style=\"border-top: none; border-left: none; width: 19.9153%;\" align=\"right\">1454<\/td>\n<\/tr>\n<tr style=\"height: 15.0pt;\">\n<td class=\"xl63\" style=\"height: 15pt; border-top: none; width: 25%;\" align=\"right\" height=\"20\">46<\/td>\n<td class=\"xl63\" style=\"border-top: none; border-left: none; width: 54.661%;\">Ecuador<\/td>\n<td class=\"xl63\" style=\"border-top: none; border-left: none; width: 19.9153%;\" align=\"right\">1448<\/td>\n<\/tr>\n<tr style=\"height: 15.0pt;\">\n<td class=\"xl63\" style=\"height: 15pt; border-top: none; width: 25%;\" align=\"right\" height=\"20\">49<\/td>\n<td class=\"xl63\" style=\"border-top: none; border-left: none; width: 54.661%;\">Costa Rica<\/td>\n<td class=\"xl63\" style=\"border-top: none; border-left: none; width: 19.9153%;\" align=\"right\">1437<\/td>\n<\/tr>\n<tr style=\"height: 15.0pt;\">\n<td class=\"xl63\" style=\"height: 15pt; border-top: none; width: 25%;\" align=\"right\" height=\"20\">76<\/td>\n<td class=\"xl63\" style=\"border-top: none; border-left: none; width: 54.661%;\">Honduras<\/td>\n<td class=\"xl63\" style=\"border-top: none; border-left: none; width: 19.9153%;\" align=\"right\">1332<\/td>\n<\/tr>\n<\/tbody>\n<\/table>\n","protected":false},"excerpt":{"rendered":"<p>La selecci\u00f3n Colombia no modific\u00f3 su posici\u00f3n en el \u00faltimo mes y termin\u00f3 el a\u00f1o 2021 en el puesto 16 del ranking que establece la FIFA, el cual es dominado por B\u00e9lgica. El equipo que dirige Reinaldo Rueda suma 1.607 puntos; contra los 1.828 de los belgas, que son escoltados por Brasil con 1.826 y [&hellip;]<\/p>\n","protected":false},"author":5,"featured_media":70840,"comment_status":"open","ping_status":"open","sticky":false,"template":"","format":"standard","meta":{"_acf_changed":false,"footnotes":""},"categories":[418],"tags":[],"class_list":{"0":"post-73845","1":"post","2":"type-post","3":"status-publish","4":"format-standard","5":"has-post-thumbnail","7":"category-colombia"},"acf":[],"yoast_head":"<!-- This site is optimized with the Yoast SEO plugin v26.8 - https:\/\/yoast.com\/product\/yoast-seo-wordpress\/ -->\n<title>Colombia cerr\u00f3 el a\u00f1o en el puesto 16 de la FIFA -<\/title>\n<meta name=\"robots\" content=\"index, follow, max-snippet:-1, max-image-preview:large, max-video-preview:-1\" \/>\n<link rel=\"canonical\" href=\"https:\/\/futbolhoy.co\/index.php\/2021\/12\/23\/colombia-cerro-el-ano-en-el-puesto-16-de-la-fifa\/\" \/>\n<meta property=\"og:locale\" content=\"es_ES\" \/>\n<meta property=\"og:type\" content=\"article\" \/>\n<meta property=\"og:title\" content=\"Colombia cerr\u00f3 el a\u00f1o en el puesto 16 de la FIFA -\" \/>\n<meta property=\"og:description\" content=\"La selecci\u00f3n Colombia no modific\u00f3 su posici\u00f3n en el \u00faltimo mes y termin\u00f3 el a\u00f1o 2021 en el puesto 16 del ranking que establece la FIFA, el cual es dominado por B\u00e9lgica. El equipo que dirige Reinaldo Rueda suma 1.607 puntos; contra los 1.828 de los belgas, que son escoltados por Brasil con 1.826 y [&hellip;]\" \/>\n<meta property=\"og:url\" content=\"https:\/\/futbolhoy.co\/index.php\/2021\/12\/23\/colombia-cerro-el-ano-en-el-puesto-16-de-la-fifa\/\" \/>\n<meta property=\"article:publisher\" content=\"https:\/\/www.facebook.com\/FutbolHoyCol\/\" \/>\n<meta property=\"article:published_time\" content=\"2021-12-23T11:30:33+00:00\" \/>\n<meta property=\"article:modified_time\" content=\"2021-12-24T12:28:34+00:00\" \/>\n<meta property=\"og:image\" content=\"https:\/\/futbolhoy.co\/wp-content\/uploads\/2021\/10\/Colombia-1024x676.png\" \/>\n\t<meta property=\"og:image:width\" content=\"1024\" \/>\n\t<meta property=\"og:image:height\" content=\"676\" \/>\n\t<meta property=\"og:image:type\" content=\"image\/png\" \/>\n<meta name=\"author\" content=\"Laura Hern\u00e1ndez\" \/>\n<meta name=\"twitter:card\" content=\"summary_large_image\" \/>\n<meta name=\"twitter:creator\" content=\"@FutbolHoyCol\" \/>\n<meta name=\"twitter:site\" content=\"@FutbolHoyCol\" \/>\n<meta name=\"twitter:label1\" content=\"Escrito por\" \/>\n\t<meta name=\"twitter:data1\" content=\"Laura Hern\u00e1ndez\" \/>\n\t<meta name=\"twitter:label2\" content=\"Tiempo de lectura\" \/>\n\t<meta name=\"twitter:data2\" content=\"1 minuto\" \/>\n<script type=\"application\/ld+json\" class=\"yoast-schema-graph\">{\"@context\":\"https:\/\/schema.org\",\"@graph\":[{\"@type\":\"Article\",\"@id\":\"https:\/\/futbolhoy.co\/index.php\/2021\/12\/23\/colombia-cerro-el-ano-en-el-puesto-16-de-la-fifa\/#article\",\"isPartOf\":{\"@id\":\"https:\/\/futbolhoy.co\/index.php\/2021\/12\/23\/colombia-cerro-el-ano-en-el-puesto-16-de-la-fifa\/\"},\"author\":{\"name\":\"Laura Hern\u00e1ndez\",\"@id\":\"https:\/\/futbolhoy.co\/#\/schema\/person\/c4a353a512b127643723a34bb1812f7d\"},\"headline\":\"Colombia cerr\u00f3 el a\u00f1o en el puesto 16 de la FIFA\",\"datePublished\":\"2021-12-23T11:30:33+00:00\",\"dateModified\":\"2021-12-24T12:28:34+00:00\",\"mainEntityOfPage\":{\"@id\":\"https:\/\/futbolhoy.co\/index.php\/2021\/12\/23\/colombia-cerro-el-ano-en-el-puesto-16-de-la-fifa\/\"},\"wordCount\":148,\"commentCount\":0,\"publisher\":{\"@id\":\"https:\/\/futbolhoy.co\/#organization\"},\"image\":{\"@id\":\"https:\/\/futbolhoy.co\/index.php\/2021\/12\/23\/colombia-cerro-el-ano-en-el-puesto-16-de-la-fifa\/#primaryimage\"},\"thumbnailUrl\":\"https:\/\/futbolhoy.co\/wp-content\/uploads\/2021\/10\/Colombia.png\",\"articleSection\":[\"Colombia\"],\"inLanguage\":\"es\",\"potentialAction\":[{\"@type\":\"CommentAction\",\"name\":\"Comment\",\"target\":[\"https:\/\/futbolhoy.co\/index.php\/2021\/12\/23\/colombia-cerro-el-ano-en-el-puesto-16-de-la-fifa\/#respond\"]}]},{\"@type\":\"WebPage\",\"@id\":\"https:\/\/futbolhoy.co\/index.php\/2021\/12\/23\/colombia-cerro-el-ano-en-el-puesto-16-de-la-fifa\/\",\"url\":\"https:\/\/futbolhoy.co\/index.php\/2021\/12\/23\/colombia-cerro-el-ano-en-el-puesto-16-de-la-fifa\/\",\"name\":\"Colombia cerr\u00f3 el a\u00f1o en el puesto 16 de la FIFA -\",\"isPartOf\":{\"@id\":\"https:\/\/futbolhoy.co\/#website\"},\"primaryImageOfPage\":{\"@id\":\"https:\/\/futbolhoy.co\/index.php\/2021\/12\/23\/colombia-cerro-el-ano-en-el-puesto-16-de-la-fifa\/#primaryimage\"},\"image\":{\"@id\":\"https:\/\/futbolhoy.co\/index.php\/2021\/12\/23\/colombia-cerro-el-ano-en-el-puesto-16-de-la-fifa\/#primaryimage\"},\"thumbnailUrl\":\"https:\/\/futbolhoy.co\/wp-content\/uploads\/2021\/10\/Colombia.png\",\"datePublished\":\"2021-12-23T11:30:33+00:00\",\"dateModified\":\"2021-12-24T12:28:34+00:00\",\"breadcrumb\":{\"@id\":\"https:\/\/futbolhoy.co\/index.php\/2021\/12\/23\/colombia-cerro-el-ano-en-el-puesto-16-de-la-fifa\/#breadcrumb\"},\"inLanguage\":\"es\",\"potentialAction\":[{\"@type\":\"ReadAction\",\"target\":[\"https:\/\/futbolhoy.co\/index.php\/2021\/12\/23\/colombia-cerro-el-ano-en-el-puesto-16-de-la-fifa\/\"]}]},{\"@type\":\"ImageObject\",\"inLanguage\":\"es\",\"@id\":\"https:\/\/futbolhoy.co\/index.php\/2021\/12\/23\/colombia-cerro-el-ano-en-el-puesto-16-de-la-fifa\/#primaryimage\",\"url\":\"https:\/\/futbolhoy.co\/wp-content\/uploads\/2021\/10\/Colombia.png\",\"contentUrl\":\"https:\/\/futbolhoy.co\/wp-content\/uploads\/2021\/10\/Colombia.png\",\"width\":1270,\"height\":839},{\"@type\":\"BreadcrumbList\",\"@id\":\"https:\/\/futbolhoy.co\/index.php\/2021\/12\/23\/colombia-cerro-el-ano-en-el-puesto-16-de-la-fifa\/#breadcrumb\",\"itemListElement\":[{\"@type\":\"ListItem\",\"position\":1,\"name\":\"Portada\",\"item\":\"https:\/\/futbolhoy.co\/\"},{\"@type\":\"ListItem\",\"position\":2,\"name\":\"Colombia cerr\u00f3 el a\u00f1o en el puesto 16 de la FIFA\"}]},{\"@type\":\"WebSite\",\"@id\":\"https:\/\/futbolhoy.co\/#website\",\"url\":\"https:\/\/futbolhoy.co\/\",\"name\":\"FutbolHoy\",\"description\":\"\",\"publisher\":{\"@id\":\"https:\/\/futbolhoy.co\/#organization\"},\"potentialAction\":[{\"@type\":\"SearchAction\",\"target\":{\"@type\":\"EntryPoint\",\"urlTemplate\":\"https:\/\/futbolhoy.co\/?s={search_term_string}\"},\"query-input\":{\"@type\":\"PropertyValueSpecification\",\"valueRequired\":true,\"valueName\":\"search_term_string\"}}],\"inLanguage\":\"es\"},{\"@type\":\"Organization\",\"@id\":\"https:\/\/futbolhoy.co\/#organization\",\"name\":\"Futbolhoy.co\",\"url\":\"https:\/\/futbolhoy.co\/\",\"logo\":{\"@type\":\"ImageObject\",\"inLanguage\":\"es\",\"@id\":\"https:\/\/futbolhoy.co\/#\/schema\/logo\/image\/\",\"url\":\"https:\/\/futbolhoy.co\/wp-content\/uploads\/2018\/08\/17426380_1906371736249227_6326180412931521141_n.jpg\",\"contentUrl\":\"https:\/\/futbolhoy.co\/wp-content\/uploads\/2018\/08\/17426380_1906371736249227_6326180412931521141_n.jpg\",\"width\":960,\"height\":960,\"caption\":\"Futbolhoy.co\"},\"image\":{\"@id\":\"https:\/\/futbolhoy.co\/#\/schema\/logo\/image\/\"},\"sameAs\":[\"https:\/\/www.facebook.com\/FutbolHoyCol\/\",\"https:\/\/x.com\/FutbolHoyCol\",\"https:\/\/www.instagram.com\/futbolhoycol\/\"]},{\"@type\":\"Person\",\"@id\":\"https:\/\/futbolhoy.co\/#\/schema\/person\/c4a353a512b127643723a34bb1812f7d\",\"name\":\"Laura Hern\u00e1ndez\",\"image\":{\"@type\":\"ImageObject\",\"inLanguage\":\"es\",\"@id\":\"https:\/\/futbolhoy.co\/#\/schema\/person\/image\/\",\"url\":\"https:\/\/secure.gravatar.com\/avatar\/d25959a15b9b293a743f99181c7cfd01?s=96&d=mm&r=g\",\"contentUrl\":\"https:\/\/secure.gravatar.com\/avatar\/d25959a15b9b293a743f99181c7cfd01?s=96&d=mm&r=g\",\"caption\":\"Laura Hern\u00e1ndez\"}}]}<\/script>\n<!-- \/ Yoast SEO plugin. -->","yoast_head_json":{"title":"Colombia cerr\u00f3 el a\u00f1o en el puesto 16 de la FIFA -","robots":{"index":"index","follow":"follow","max-snippet":"max-snippet:-1","max-image-preview":"max-image-preview:large","max-video-preview":"max-video-preview:-1"},"canonical":"https:\/\/futbolhoy.co\/index.php\/2021\/12\/23\/colombia-cerro-el-ano-en-el-puesto-16-de-la-fifa\/","og_locale":"es_ES","og_type":"article","og_title":"Colombia cerr\u00f3 el a\u00f1o en el puesto 16 de la FIFA -","og_description":"La selecci\u00f3n Colombia no modific\u00f3 su posici\u00f3n en el \u00faltimo mes y termin\u00f3 el a\u00f1o 2021 en el puesto 16 del ranking que establece la FIFA, el cual es dominado por B\u00e9lgica. El equipo que dirige Reinaldo Rueda suma 1.607 puntos; contra los 1.828 de los belgas, que son escoltados por Brasil con 1.826 y [&hellip;]","og_url":"https:\/\/futbolhoy.co\/index.php\/2021\/12\/23\/colombia-cerro-el-ano-en-el-puesto-16-de-la-fifa\/","article_publisher":"https:\/\/www.facebook.com\/FutbolHoyCol\/","article_published_time":"2021-12-23T11:30:33+00:00","article_modified_time":"2021-12-24T12:28:34+00:00","og_image":[{"width":1024,"height":676,"url":"https:\/\/futbolhoy.co\/wp-content\/uploads\/2021\/10\/Colombia-1024x676.png","type":"image\/png"}],"author":"Laura Hern\u00e1ndez","twitter_card":"summary_large_image","twitter_creator":"@FutbolHoyCol","twitter_site":"@FutbolHoyCol","twitter_misc":{"Escrito por":"Laura Hern\u00e1ndez","Tiempo de lectura":"1 minuto"},"schema":{"@context":"https:\/\/schema.org","@graph":[{"@type":"Article","@id":"https:\/\/futbolhoy.co\/index.php\/2021\/12\/23\/colombia-cerro-el-ano-en-el-puesto-16-de-la-fifa\/#article","isPartOf":{"@id":"https:\/\/futbolhoy.co\/index.php\/2021\/12\/23\/colombia-cerro-el-ano-en-el-puesto-16-de-la-fifa\/"},"author":{"name":"Laura Hern\u00e1ndez","@id":"https:\/\/futbolhoy.co\/#\/schema\/person\/c4a353a512b127643723a34bb1812f7d"},"headline":"Colombia cerr\u00f3 el a\u00f1o en el puesto 16 de la FIFA","datePublished":"2021-12-23T11:30:33+00:00","dateModified":"2021-12-24T12:28:34+00:00","mainEntityOfPage":{"@id":"https:\/\/futbolhoy.co\/index.php\/2021\/12\/23\/colombia-cerro-el-ano-en-el-puesto-16-de-la-fifa\/"},"wordCount":148,"commentCount":0,"publisher":{"@id":"https:\/\/futbolhoy.co\/#organization"},"image":{"@id":"https:\/\/futbolhoy.co\/index.php\/2021\/12\/23\/colombia-cerro-el-ano-en-el-puesto-16-de-la-fifa\/#primaryimage"},"thumbnailUrl":"https:\/\/futbolhoy.co\/wp-content\/uploads\/2021\/10\/Colombia.png","articleSection":["Colombia"],"inLanguage":"es","potentialAction":[{"@type":"CommentAction","name":"Comment","target":["https:\/\/futbolhoy.co\/index.php\/2021\/12\/23\/colombia-cerro-el-ano-en-el-puesto-16-de-la-fifa\/#respond"]}]},{"@type":"WebPage","@id":"https:\/\/futbolhoy.co\/index.php\/2021\/12\/23\/colombia-cerro-el-ano-en-el-puesto-16-de-la-fifa\/","url":"https:\/\/futbolhoy.co\/index.php\/2021\/12\/23\/colombia-cerro-el-ano-en-el-puesto-16-de-la-fifa\/","name":"Colombia cerr\u00f3 el a\u00f1o en el puesto 16 de la FIFA -","isPartOf":{"@id":"https:\/\/futbolhoy.co\/#website"},"primaryImageOfPage":{"@id":"https:\/\/futbolhoy.co\/index.php\/2021\/12\/23\/colombia-cerro-el-ano-en-el-puesto-16-de-la-fifa\/#primaryimage"},"image":{"@id":"https:\/\/futbolhoy.co\/index.php\/2021\/12\/23\/colombia-cerro-el-ano-en-el-puesto-16-de-la-fifa\/#primaryimage"},"thumbnailUrl":"https:\/\/futbolhoy.co\/wp-content\/uploads\/2021\/10\/Colombia.png","datePublished":"2021-12-23T11:30:33+00:00","dateModified":"2021-12-24T12:28:34+00:00","breadcrumb":{"@id":"https:\/\/futbolhoy.co\/index.php\/2021\/12\/23\/colombia-cerro-el-ano-en-el-puesto-16-de-la-fifa\/#breadcrumb"},"inLanguage":"es","potentialAction":[{"@type":"ReadAction","target":["https:\/\/futbolhoy.co\/index.php\/2021\/12\/23\/colombia-cerro-el-ano-en-el-puesto-16-de-la-fifa\/"]}]},{"@type":"ImageObject","inLanguage":"es","@id":"https:\/\/futbolhoy.co\/index.php\/2021\/12\/23\/colombia-cerro-el-ano-en-el-puesto-16-de-la-fifa\/#primaryimage","url":"https:\/\/futbolhoy.co\/wp-content\/uploads\/2021\/10\/Colombia.png","contentUrl":"https:\/\/futbolhoy.co\/wp-content\/uploads\/2021\/10\/Colombia.png","width":1270,"height":839},{"@type":"BreadcrumbList","@id":"https:\/\/futbolhoy.co\/index.php\/2021\/12\/23\/colombia-cerro-el-ano-en-el-puesto-16-de-la-fifa\/#breadcrumb","itemListElement":[{"@type":"ListItem","position":1,"name":"Portada","item":"https:\/\/futbolhoy.co\/"},{"@type":"ListItem","position":2,"name":"Colombia cerr\u00f3 el a\u00f1o en el puesto 16 de la FIFA"}]},{"@type":"WebSite","@id":"https:\/\/futbolhoy.co\/#website","url":"https:\/\/futbolhoy.co\/","name":"FutbolHoy","description":"","publisher":{"@id":"https:\/\/futbolhoy.co\/#organization"},"potentialAction":[{"@type":"SearchAction","target":{"@type":"EntryPoint","urlTemplate":"https:\/\/futbolhoy.co\/?s={search_term_string}"},"query-input":{"@type":"PropertyValueSpecification","valueRequired":true,"valueName":"search_term_string"}}],"inLanguage":"es"},{"@type":"Organization","@id":"https:\/\/futbolhoy.co\/#organization","name":"Futbolhoy.co","url":"https:\/\/futbolhoy.co\/","logo":{"@type":"ImageObject","inLanguage":"es","@id":"https:\/\/futbolhoy.co\/#\/schema\/logo\/image\/","url":"https:\/\/futbolhoy.co\/wp-content\/uploads\/2018\/08\/17426380_1906371736249227_6326180412931521141_n.jpg","contentUrl":"https:\/\/futbolhoy.co\/wp-content\/uploads\/2018\/08\/17426380_1906371736249227_6326180412931521141_n.jpg","width":960,"height":960,"caption":"Futbolhoy.co"},"image":{"@id":"https:\/\/futbolhoy.co\/#\/schema\/logo\/image\/"},"sameAs":["https:\/\/www.facebook.com\/FutbolHoyCol\/","https:\/\/x.com\/FutbolHoyCol","https:\/\/www.instagram.com\/futbolhoycol\/"]},{"@type":"Person","@id":"https:\/\/futbolhoy.co\/#\/schema\/person\/c4a353a512b127643723a34bb1812f7d","name":"Laura Hern\u00e1ndez","image":{"@type":"ImageObject","inLanguage":"es","@id":"https:\/\/futbolhoy.co\/#\/schema\/person\/image\/","url":"https:\/\/secure.gravatar.com\/avatar\/d25959a15b9b293a743f99181c7cfd01?s=96&d=mm&r=g","contentUrl":"https:\/\/secure.gravatar.com\/avatar\/d25959a15b9b293a743f99181c7cfd01?s=96&d=mm&r=g","caption":"Laura Hern\u00e1ndez"}}]}},"publishpress_future_action":{"enabled":false,"date":"2026-05-04 07:47:21","action":"change-status","newStatus":"draft","terms":[],"taxonomy":"category","extraData":[]},"publishpress_future_workflow_manual_trigger":{"enabledWorkflows":[]},"_links":{"self":[{"href":"https:\/\/futbolhoy.co\/index.php\/wp-json\/wp\/v2\/posts\/73845","targetHints":{"allow":["GET"]}}],"collection":[{"href":"https:\/\/futbolhoy.co\/index.php\/wp-json\/wp\/v2\/posts"}],"about":[{"href":"https:\/\/futbolhoy.co\/index.php\/wp-json\/wp\/v2\/types\/post"}],"author":[{"embeddable":true,"href":"https:\/\/futbolhoy.co\/index.php\/wp-json\/wp\/v2\/users\/5"}],"replies":[{"embeddable":true,"href":"https:\/\/futbolhoy.co\/index.php\/wp-json\/wp\/v2\/comments?post=73845"}],"version-history":[{"count":4,"href":"https:\/\/futbolhoy.co\/index.php\/wp-json\/wp\/v2\/posts\/73845\/revisions"}],"predecessor-version":[{"id":73852,"href":"https:\/\/futbolhoy.co\/index.php\/wp-json\/wp\/v2\/posts\/73845\/revisions\/73852"}],"wp:featuredmedia":[{"embeddable":true,"href":"https:\/\/futbolhoy.co\/index.php\/wp-json\/wp\/v2\/media\/70840"}],"wp:attachment":[{"href":"https:\/\/futbolhoy.co\/index.php\/wp-json\/wp\/v2\/media?parent=73845"}],"wp:term":[{"taxonomy":"category","embeddable":true,"href":"https:\/\/futbolhoy.co\/index.php\/wp-json\/wp\/v2\/categories?post=73845"},{"taxonomy":"post_tag","embeddable":true,"href":"https:\/\/futbolhoy.co\/index.php\/wp-json\/wp\/v2\/tags?post=73845"}],"curies":[{"name":"wp","href":"https:\/\/api.w.org\/{rel}","templated":true}]}}