{"id":73847,"date":"2021-12-23T05:40:15","date_gmt":"2021-12-23T10:40:15","guid":{"rendered":"https:\/\/futbolhoy.co\/?p=73847"},"modified":"2021-12-23T16:00:14","modified_gmt":"2021-12-23T21:00:14","slug":"geisson-perea-es-tuzo","status":"publish","type":"post","link":"https:\/\/futbolhoy.co\/index.php\/2021\/12\/23\/geisson-perea-es-tuzo\/","title":{"rendered":"Geisson Perea es \u2018Tuzo\u2019"},"content":{"rendered":"<p class=\"x_ydp6976e52cMsoNormal\" style=\"text-align: justify;\"><span lang=\"ES-MX\" style=\"font-family: helvetica, arial, sans-serif;\">El defensa central colombiano <b>Geisson Perea<\/b> fue anunciado oficialmente como nuevo jugador del <b>Pachuca de la Liga MX en M\u00e9xico<\/b>, club al que llega procedente de <b>Atl\u00e9tico Nacional<\/b>.<\/span><\/p>\n<p class=\"x_ydp6976e52cMsoNormal\" style=\"text-align: justify;\"><span lang=\"ES-MX\" style=\"font-family: helvetica, arial, sans-serif;\">Perea, de 30 a\u00f1os, llega cedido a pr\u00e9stamo con opci\u00f3n de compra durante un a\u00f1o.<\/span><\/p>\n<p class=\"x_ydp6976e52cMsoNormal\" style=\"text-align: justify;\"><span lang=\"ES-MX\" style=\"font-family: helvetica, arial, sans-serif;\">\"Geisson Perea firm\u00f3 y a partir de hoy est\u00e1 listo para defender el blanco y el azul de Pachuca\", informaron los <b>'Tuzos' <\/b>en sus redes sociales.<\/span><\/p>\n<p class=\"x_ydp6976e52cMsoNormal\" style=\"text-align: justify;\"><span lang=\"ES-MX\" style=\"font-family: helvetica, arial, sans-serif;\">En la presentaci\u00f3n del zaguero vallecaucano estuvieron presentes <b>Alan Calleja<\/b>, gerente deportivo del Pachuca, y el uruguayo <b>Iv\u00e1n Alonso<\/b>, director deportivo del club.<\/span><\/p>\n<p class=\"x_ydp6976e52cMsoNormal\" style=\"text-align: justify;\"><span lang=\"ES-MX\" style=\"font-family: helvetica, arial, sans-serif;\">Perea milit\u00f3 en <b>Colombia<\/b> en <b>Centauros, Universitario de Popay\u00e1n, La Equidad, Real Cartagena, Once Caldas, Pasto y Nacional.<\/b><\/span><\/p>\n<p class=\"x_ydp6976e52cMsoNormal\" style=\"text-align: justify;\"><span lang=\"ES-MX\" style=\"font-family: helvetica, arial, sans-serif;\">Por su parte, el equipo femenino del Pachuca tambi\u00e9n anunci\u00f3 la contrataci\u00f3n de la defensora colombiana <b>Daniela Arias<\/b> (27) como refuerzo para el torneo <b>Clausura 2022<\/b>.<\/span><\/p>\n<p class=\"x_ydp6976e52cMsoNormal\" style=\"text-align: justify;\"><span lang=\"ES-MX\" style=\"font-family: helvetica, arial, sans-serif;\">\"Hola, soy Gabriela Arias, soy defensa central, y desde ahora \u00a1vamos Pachuca!\", expres\u00f3 la colombiana en las redes sociales del club mexicano.<\/span><\/p>\n","protected":false},"excerpt":{"rendered":"<p>El defensa central colombiano Geisson Perea fue anunciado oficialmente como nuevo jugador del Pachuca de la Liga MX en M\u00e9xico, club al que llega procedente de Atl\u00e9tico Nacional. Perea, de 30 a\u00f1os, llega cedido a pr\u00e9stamo con opci\u00f3n de compra durante un a\u00f1o. \"Geisson Perea firm\u00f3 y a partir de hoy est\u00e1 listo para defender [&hellip;]<\/p>\n","protected":false},"author":5,"featured_media":73848,"comment_status":"open","ping_status":"open","sticky":false,"template":"","format":"standard","meta":{"_acf_changed":false,"footnotes":""},"categories":[152],"tags":[],"class_list":{"0":"post-73847","1":"post","2":"type-post","3":"status-publish","4":"format-standard","5":"has-post-thumbnail","7":"category-mundo-futbol"},"acf":[],"yoast_head":"<!-- This site is optimized with the Yoast SEO plugin v26.8 - https:\/\/yoast.com\/product\/yoast-seo-wordpress\/ -->\n<title>Geisson Perea es \u2018Tuzo\u2019 -<\/title>\n<meta name=\"robots\" content=\"index, follow, max-snippet:-1, max-image-preview:large, max-video-preview:-1\" \/>\n<link rel=\"canonical\" href=\"https:\/\/futbolhoy.co\/index.php\/2021\/12\/23\/geisson-perea-es-tuzo\/\" \/>\n<meta property=\"og:locale\" content=\"es_ES\" \/>\n<meta property=\"og:type\" content=\"article\" \/>\n<meta property=\"og:title\" content=\"Geisson Perea es \u2018Tuzo\u2019 -\" \/>\n<meta property=\"og:description\" content=\"El defensa central colombiano Geisson Perea fue anunciado oficialmente como nuevo jugador del Pachuca de la Liga MX en M\u00e9xico, club al que llega procedente de Atl\u00e9tico Nacional. Perea, de 30 a\u00f1os, llega cedido a pr\u00e9stamo con opci\u00f3n de compra durante un a\u00f1o. &quot;Geisson Perea firm\u00f3 y a partir de hoy est\u00e1 listo para defender [&hellip;]\" \/>\n<meta property=\"og:url\" content=\"https:\/\/futbolhoy.co\/index.php\/2021\/12\/23\/geisson-perea-es-tuzo\/\" \/>\n<meta property=\"article:publisher\" content=\"https:\/\/www.facebook.com\/FutbolHoyCol\/\" \/>\n<meta property=\"article:published_time\" content=\"2021-12-23T10:40:15+00:00\" \/>\n<meta property=\"article:modified_time\" content=\"2021-12-23T21:00:14+00:00\" \/>\n<meta property=\"og:image\" content=\"https:\/\/futbolhoy.co\/wp-content\/uploads\/2021\/12\/E89A95A5-E483-4CDD-A0A4-8D7CE46760A3.jpeg\" \/>\n\t<meta property=\"og:image:width\" content=\"1024\" \/>\n\t<meta property=\"og:image:height\" content=\"639\" \/>\n\t<meta property=\"og:image:type\" content=\"image\/jpeg\" \/>\n<meta name=\"author\" content=\"Laura Hern\u00e1ndez\" \/>\n<meta name=\"twitter:card\" content=\"summary_large_image\" \/>\n<meta name=\"twitter:creator\" content=\"@FutbolHoyCol\" \/>\n<meta name=\"twitter:site\" content=\"@FutbolHoyCol\" \/>\n<meta name=\"twitter:label1\" content=\"Escrito por\" \/>\n\t<meta name=\"twitter:data1\" content=\"Laura Hern\u00e1ndez\" \/>\n\t<meta name=\"twitter:label2\" content=\"Tiempo de lectura\" \/>\n\t<meta name=\"twitter:data2\" content=\"1 minuto\" \/>\n<script type=\"application\/ld+json\" class=\"yoast-schema-graph\">{\"@context\":\"https:\/\/schema.org\",\"@graph\":[{\"@type\":\"Article\",\"@id\":\"https:\/\/futbolhoy.co\/index.php\/2021\/12\/23\/geisson-perea-es-tuzo\/#article\",\"isPartOf\":{\"@id\":\"https:\/\/futbolhoy.co\/index.php\/2021\/12\/23\/geisson-perea-es-tuzo\/\"},\"author\":{\"name\":\"Laura Hern\u00e1ndez\",\"@id\":\"https:\/\/futbolhoy.co\/#\/schema\/person\/c4a353a512b127643723a34bb1812f7d\"},\"headline\":\"Geisson Perea es \u2018Tuzo\u2019\",\"datePublished\":\"2021-12-23T10:40:15+00:00\",\"dateModified\":\"2021-12-23T21:00:14+00:00\",\"mainEntityOfPage\":{\"@id\":\"https:\/\/futbolhoy.co\/index.php\/2021\/12\/23\/geisson-perea-es-tuzo\/\"},\"wordCount\":170,\"commentCount\":0,\"publisher\":{\"@id\":\"https:\/\/futbolhoy.co\/#organization\"},\"image\":{\"@id\":\"https:\/\/futbolhoy.co\/index.php\/2021\/12\/23\/geisson-perea-es-tuzo\/#primaryimage\"},\"thumbnailUrl\":\"https:\/\/futbolhoy.co\/wp-content\/uploads\/2021\/12\/E89A95A5-E483-4CDD-A0A4-8D7CE46760A3.jpeg\",\"articleSection\":[\"Mundo Futbol\"],\"inLanguage\":\"es\",\"potentialAction\":[{\"@type\":\"CommentAction\",\"name\":\"Comment\",\"target\":[\"https:\/\/futbolhoy.co\/index.php\/2021\/12\/23\/geisson-perea-es-tuzo\/#respond\"]}]},{\"@type\":\"WebPage\",\"@id\":\"https:\/\/futbolhoy.co\/index.php\/2021\/12\/23\/geisson-perea-es-tuzo\/\",\"url\":\"https:\/\/futbolhoy.co\/index.php\/2021\/12\/23\/geisson-perea-es-tuzo\/\",\"name\":\"Geisson Perea es \u2018Tuzo\u2019 -\",\"isPartOf\":{\"@id\":\"https:\/\/futbolhoy.co\/#website\"},\"primaryImageOfPage\":{\"@id\":\"https:\/\/futbolhoy.co\/index.php\/2021\/12\/23\/geisson-perea-es-tuzo\/#primaryimage\"},\"image\":{\"@id\":\"https:\/\/futbolhoy.co\/index.php\/2021\/12\/23\/geisson-perea-es-tuzo\/#primaryimage\"},\"thumbnailUrl\":\"https:\/\/futbolhoy.co\/wp-content\/uploads\/2021\/12\/E89A95A5-E483-4CDD-A0A4-8D7CE46760A3.jpeg\",\"datePublished\":\"2021-12-23T10:40:15+00:00\",\"dateModified\":\"2021-12-23T21:00:14+00:00\",\"breadcrumb\":{\"@id\":\"https:\/\/futbolhoy.co\/index.php\/2021\/12\/23\/geisson-perea-es-tuzo\/#breadcrumb\"},\"inLanguage\":\"es\",\"potentialAction\":[{\"@type\":\"ReadAction\",\"target\":[\"https:\/\/futbolhoy.co\/index.php\/2021\/12\/23\/geisson-perea-es-tuzo\/\"]}]},{\"@type\":\"ImageObject\",\"inLanguage\":\"es\",\"@id\":\"https:\/\/futbolhoy.co\/index.php\/2021\/12\/23\/geisson-perea-es-tuzo\/#primaryimage\",\"url\":\"https:\/\/futbolhoy.co\/wp-content\/uploads\/2021\/12\/E89A95A5-E483-4CDD-A0A4-8D7CE46760A3.jpeg\",\"contentUrl\":\"https:\/\/futbolhoy.co\/wp-content\/uploads\/2021\/12\/E89A95A5-E483-4CDD-A0A4-8D7CE46760A3.jpeg\",\"width\":1024,\"height\":639},{\"@type\":\"BreadcrumbList\",\"@id\":\"https:\/\/futbolhoy.co\/index.php\/2021\/12\/23\/geisson-perea-es-tuzo\/#breadcrumb\",\"itemListElement\":[{\"@type\":\"ListItem\",\"position\":1,\"name\":\"Portada\",\"item\":\"https:\/\/futbolhoy.co\/\"},{\"@type\":\"ListItem\",\"position\":2,\"name\":\"Geisson Perea es \u2018Tuzo\u2019\"}]},{\"@type\":\"WebSite\",\"@id\":\"https:\/\/futbolhoy.co\/#website\",\"url\":\"https:\/\/futbolhoy.co\/\",\"name\":\"FutbolHoy\",\"description\":\"\",\"publisher\":{\"@id\":\"https:\/\/futbolhoy.co\/#organization\"},\"potentialAction\":[{\"@type\":\"SearchAction\",\"target\":{\"@type\":\"EntryPoint\",\"urlTemplate\":\"https:\/\/futbolhoy.co\/?s={search_term_string}\"},\"query-input\":{\"@type\":\"PropertyValueSpecification\",\"valueRequired\":true,\"valueName\":\"search_term_string\"}}],\"inLanguage\":\"es\"},{\"@type\":\"Organization\",\"@id\":\"https:\/\/futbolhoy.co\/#organization\",\"name\":\"Futbolhoy.co\",\"url\":\"https:\/\/futbolhoy.co\/\",\"logo\":{\"@type\":\"ImageObject\",\"inLanguage\":\"es\",\"@id\":\"https:\/\/futbolhoy.co\/#\/schema\/logo\/image\/\",\"url\":\"https:\/\/futbolhoy.co\/wp-content\/uploads\/2018\/08\/17426380_1906371736249227_6326180412931521141_n.jpg\",\"contentUrl\":\"https:\/\/futbolhoy.co\/wp-content\/uploads\/2018\/08\/17426380_1906371736249227_6326180412931521141_n.jpg\",\"width\":960,\"height\":960,\"caption\":\"Futbolhoy.co\"},\"image\":{\"@id\":\"https:\/\/futbolhoy.co\/#\/schema\/logo\/image\/\"},\"sameAs\":[\"https:\/\/www.facebook.com\/FutbolHoyCol\/\",\"https:\/\/x.com\/FutbolHoyCol\",\"https:\/\/www.instagram.com\/futbolhoycol\/\"]},{\"@type\":\"Person\",\"@id\":\"https:\/\/futbolhoy.co\/#\/schema\/person\/c4a353a512b127643723a34bb1812f7d\",\"name\":\"Laura Hern\u00e1ndez\",\"image\":{\"@type\":\"ImageObject\",\"inLanguage\":\"es\",\"@id\":\"https:\/\/futbolhoy.co\/#\/schema\/person\/image\/\",\"url\":\"https:\/\/secure.gravatar.com\/avatar\/d25959a15b9b293a743f99181c7cfd01?s=96&d=mm&r=g\",\"contentUrl\":\"https:\/\/secure.gravatar.com\/avatar\/d25959a15b9b293a743f99181c7cfd01?s=96&d=mm&r=g\",\"caption\":\"Laura Hern\u00e1ndez\"}}]}<\/script>\n<!-- \/ Yoast SEO plugin. -->","yoast_head_json":{"title":"Geisson Perea es \u2018Tuzo\u2019 -","robots":{"index":"index","follow":"follow","max-snippet":"max-snippet:-1","max-image-preview":"max-image-preview:large","max-video-preview":"max-video-preview:-1"},"canonical":"https:\/\/futbolhoy.co\/index.php\/2021\/12\/23\/geisson-perea-es-tuzo\/","og_locale":"es_ES","og_type":"article","og_title":"Geisson Perea es \u2018Tuzo\u2019 -","og_description":"El defensa central colombiano Geisson Perea fue anunciado oficialmente como nuevo jugador del Pachuca de la Liga MX en M\u00e9xico, club al que llega procedente de Atl\u00e9tico Nacional. Perea, de 30 a\u00f1os, llega cedido a pr\u00e9stamo con opci\u00f3n de compra durante un a\u00f1o. \"Geisson Perea firm\u00f3 y a partir de hoy est\u00e1 listo para defender [&hellip;]","og_url":"https:\/\/futbolhoy.co\/index.php\/2021\/12\/23\/geisson-perea-es-tuzo\/","article_publisher":"https:\/\/www.facebook.com\/FutbolHoyCol\/","article_published_time":"2021-12-23T10:40:15+00:00","article_modified_time":"2021-12-23T21:00:14+00:00","og_image":[{"width":1024,"height":639,"url":"https:\/\/futbolhoy.co\/wp-content\/uploads\/2021\/12\/E89A95A5-E483-4CDD-A0A4-8D7CE46760A3.jpeg","type":"image\/jpeg"}],"author":"Laura Hern\u00e1ndez","twitter_card":"summary_large_image","twitter_creator":"@FutbolHoyCol","twitter_site":"@FutbolHoyCol","twitter_misc":{"Escrito por":"Laura Hern\u00e1ndez","Tiempo de lectura":"1 minuto"},"schema":{"@context":"https:\/\/schema.org","@graph":[{"@type":"Article","@id":"https:\/\/futbolhoy.co\/index.php\/2021\/12\/23\/geisson-perea-es-tuzo\/#article","isPartOf":{"@id":"https:\/\/futbolhoy.co\/index.php\/2021\/12\/23\/geisson-perea-es-tuzo\/"},"author":{"name":"Laura Hern\u00e1ndez","@id":"https:\/\/futbolhoy.co\/#\/schema\/person\/c4a353a512b127643723a34bb1812f7d"},"headline":"Geisson Perea es \u2018Tuzo\u2019","datePublished":"2021-12-23T10:40:15+00:00","dateModified":"2021-12-23T21:00:14+00:00","mainEntityOfPage":{"@id":"https:\/\/futbolhoy.co\/index.php\/2021\/12\/23\/geisson-perea-es-tuzo\/"},"wordCount":170,"commentCount":0,"publisher":{"@id":"https:\/\/futbolhoy.co\/#organization"},"image":{"@id":"https:\/\/futbolhoy.co\/index.php\/2021\/12\/23\/geisson-perea-es-tuzo\/#primaryimage"},"thumbnailUrl":"https:\/\/futbolhoy.co\/wp-content\/uploads\/2021\/12\/E89A95A5-E483-4CDD-A0A4-8D7CE46760A3.jpeg","articleSection":["Mundo Futbol"],"inLanguage":"es","potentialAction":[{"@type":"CommentAction","name":"Comment","target":["https:\/\/futbolhoy.co\/index.php\/2021\/12\/23\/geisson-perea-es-tuzo\/#respond"]}]},{"@type":"WebPage","@id":"https:\/\/futbolhoy.co\/index.php\/2021\/12\/23\/geisson-perea-es-tuzo\/","url":"https:\/\/futbolhoy.co\/index.php\/2021\/12\/23\/geisson-perea-es-tuzo\/","name":"Geisson Perea es \u2018Tuzo\u2019 -","isPartOf":{"@id":"https:\/\/futbolhoy.co\/#website"},"primaryImageOfPage":{"@id":"https:\/\/futbolhoy.co\/index.php\/2021\/12\/23\/geisson-perea-es-tuzo\/#primaryimage"},"image":{"@id":"https:\/\/futbolhoy.co\/index.php\/2021\/12\/23\/geisson-perea-es-tuzo\/#primaryimage"},"thumbnailUrl":"https:\/\/futbolhoy.co\/wp-content\/uploads\/2021\/12\/E89A95A5-E483-4CDD-A0A4-8D7CE46760A3.jpeg","datePublished":"2021-12-23T10:40:15+00:00","dateModified":"2021-12-23T21:00:14+00:00","breadcrumb":{"@id":"https:\/\/futbolhoy.co\/index.php\/2021\/12\/23\/geisson-perea-es-tuzo\/#breadcrumb"},"inLanguage":"es","potentialAction":[{"@type":"ReadAction","target":["https:\/\/futbolhoy.co\/index.php\/2021\/12\/23\/geisson-perea-es-tuzo\/"]}]},{"@type":"ImageObject","inLanguage":"es","@id":"https:\/\/futbolhoy.co\/index.php\/2021\/12\/23\/geisson-perea-es-tuzo\/#primaryimage","url":"https:\/\/futbolhoy.co\/wp-content\/uploads\/2021\/12\/E89A95A5-E483-4CDD-A0A4-8D7CE46760A3.jpeg","contentUrl":"https:\/\/futbolhoy.co\/wp-content\/uploads\/2021\/12\/E89A95A5-E483-4CDD-A0A4-8D7CE46760A3.jpeg","width":1024,"height":639},{"@type":"BreadcrumbList","@id":"https:\/\/futbolhoy.co\/index.php\/2021\/12\/23\/geisson-perea-es-tuzo\/#breadcrumb","itemListElement":[{"@type":"ListItem","position":1,"name":"Portada","item":"https:\/\/futbolhoy.co\/"},{"@type":"ListItem","position":2,"name":"Geisson Perea es \u2018Tuzo\u2019"}]},{"@type":"WebSite","@id":"https:\/\/futbolhoy.co\/#website","url":"https:\/\/futbolhoy.co\/","name":"FutbolHoy","description":"","publisher":{"@id":"https:\/\/futbolhoy.co\/#organization"},"potentialAction":[{"@type":"SearchAction","target":{"@type":"EntryPoint","urlTemplate":"https:\/\/futbolhoy.co\/?s={search_term_string}"},"query-input":{"@type":"PropertyValueSpecification","valueRequired":true,"valueName":"search_term_string"}}],"inLanguage":"es"},{"@type":"Organization","@id":"https:\/\/futbolhoy.co\/#organization","name":"Futbolhoy.co","url":"https:\/\/futbolhoy.co\/","logo":{"@type":"ImageObject","inLanguage":"es","@id":"https:\/\/futbolhoy.co\/#\/schema\/logo\/image\/","url":"https:\/\/futbolhoy.co\/wp-content\/uploads\/2018\/08\/17426380_1906371736249227_6326180412931521141_n.jpg","contentUrl":"https:\/\/futbolhoy.co\/wp-content\/uploads\/2018\/08\/17426380_1906371736249227_6326180412931521141_n.jpg","width":960,"height":960,"caption":"Futbolhoy.co"},"image":{"@id":"https:\/\/futbolhoy.co\/#\/schema\/logo\/image\/"},"sameAs":["https:\/\/www.facebook.com\/FutbolHoyCol\/","https:\/\/x.com\/FutbolHoyCol","https:\/\/www.instagram.com\/futbolhoycol\/"]},{"@type":"Person","@id":"https:\/\/futbolhoy.co\/#\/schema\/person\/c4a353a512b127643723a34bb1812f7d","name":"Laura Hern\u00e1ndez","image":{"@type":"ImageObject","inLanguage":"es","@id":"https:\/\/futbolhoy.co\/#\/schema\/person\/image\/","url":"https:\/\/secure.gravatar.com\/avatar\/d25959a15b9b293a743f99181c7cfd01?s=96&d=mm&r=g","contentUrl":"https:\/\/secure.gravatar.com\/avatar\/d25959a15b9b293a743f99181c7cfd01?s=96&d=mm&r=g","caption":"Laura Hern\u00e1ndez"}}]}},"publishpress_future_action":{"enabled":false,"date":"2026-05-04 07:38:15","action":"change-status","newStatus":"draft","terms":[],"taxonomy":"category","extraData":[]},"publishpress_future_workflow_manual_trigger":{"enabledWorkflows":[]},"_links":{"self":[{"href":"https:\/\/futbolhoy.co\/index.php\/wp-json\/wp\/v2\/posts\/73847","targetHints":{"allow":["GET"]}}],"collection":[{"href":"https:\/\/futbolhoy.co\/index.php\/wp-json\/wp\/v2\/posts"}],"about":[{"href":"https:\/\/futbolhoy.co\/index.php\/wp-json\/wp\/v2\/types\/post"}],"author":[{"embeddable":true,"href":"https:\/\/futbolhoy.co\/index.php\/wp-json\/wp\/v2\/users\/5"}],"replies":[{"embeddable":true,"href":"https:\/\/futbolhoy.co\/index.php\/wp-json\/wp\/v2\/comments?post=73847"}],"version-history":[{"count":1,"href":"https:\/\/futbolhoy.co\/index.php\/wp-json\/wp\/v2\/posts\/73847\/revisions"}],"predecessor-version":[{"id":73849,"href":"https:\/\/futbolhoy.co\/index.php\/wp-json\/wp\/v2\/posts\/73847\/revisions\/73849"}],"wp:featuredmedia":[{"embeddable":true,"href":"https:\/\/futbolhoy.co\/index.php\/wp-json\/wp\/v2\/media\/73848"}],"wp:attachment":[{"href":"https:\/\/futbolhoy.co\/index.php\/wp-json\/wp\/v2\/media?parent=73847"}],"wp:term":[{"taxonomy":"category","embeddable":true,"href":"https:\/\/futbolhoy.co\/index.php\/wp-json\/wp\/v2\/categories?post=73847"},{"taxonomy":"post_tag","embeddable":true,"href":"https:\/\/futbolhoy.co\/index.php\/wp-json\/wp\/v2\/tags?post=73847"}],"curies":[{"name":"wp","href":"https:\/\/api.w.org\/{rel}","templated":true}]}}